{"id":5910,"date":"2018-02-23T18:42:08","date_gmt":"2018-02-23T18:42:08","guid":{"rendered":"http:\/\/www.ocupacional.com.br\/ocupacional\/?p=2613"},"modified":"2018-02-23T18:42:08","modified_gmt":"2018-02-23T18:42:08","slug":"hora-extra-nao-e-sinal-de-produtividade","status":"publish","type":"post","link":"https:\/\/ocupacional.com.br\/site\/hora-extra-nao-e-sinal-de-produtividade\/","title":{"rendered":"Hora extra n\u00e3o \u00e9 sinal de produtividade"},"content":{"rendered":"<p>Passar mais tempo na empresa n\u00e3o \u00e9 sinal de que voc\u00ea est\u00e1 sendo mais produtivo. Para avaliar como est\u00e1 seu desempenho, o principal indicador n\u00e3o \u00e9 o n\u00famero de horas trabalhadas. A qualidade do produto final e o tempo gasto para execu\u00e7\u00e3o das tarefas s\u00e3o mais importantes, pois estabelecem a verdadeira capacidade produtiva.<\/p>\n<p>As jornadas atuais, incluindo as <a href=\"http:\/\/www.ocupacional.com.br\/ocupacional\/o-que-muda-para-maes-apos-reforma-trabalhista\/\">mudan\u00e7as realizadas pela reforma trabalhista<\/a>, s\u00e3o pensadas para que as atividades possam ser realizadas dentro das horas semanais estabelecidas. Para isso, por\u00e9m, \u00e9 preciso organiza\u00e7\u00e3o. Em um artigo publicado na revista <em>The Economist<\/em>, em 1955, o professor e pesquisador ingl\u00eas Cyril Northcote Parkinson apresentou pela primeira vez a Lei de Parkinson. Em linhas gerais, ela apresenta a ideia de que o tempo utilizado para realizar uma tarefa \u00e9 proporcional ao prazo que voc\u00ea possui para realiz\u00e1-la.<\/p>\n<p>Ou seja, se voc\u00ea precisa apenas de 30 minutos para concluir uma atividade, mas tem um dia inteiro para realiz\u00e1-la, voc\u00ea gastar\u00e1 todo esse tempo. Isso afeta diretamente a produtividade, pois somos enganados o tempo inteiro por n\u00f3s mesmos sobre os prazos. Para resolver esse problema, basta organizar bem suas prioridades, de modo a realizar tudo durante sua jornada de trabalho.<\/p>\n<h3>Horas extras x produtividade<\/h3>\n<p>Para entender como funciona a rela\u00e7\u00e3o entre horas extras e produtividade, precisamos voltar \u00e0 d\u00e9cada de 1930, quando o modelo de produ\u00e7\u00e3o fordista dominava o cen\u00e1rio da ind\u00fastria. Nessa \u00e9poca, pesquisas mostraram a efici\u00eancia das 40 horas semanais, criando um limite que seria seguido at\u00e9 hoje.<\/p>\n<p>Ainda naquela \u00e9poca, observou-se que aumentar esse per\u00edodo afetava diretamente a produtividade dos funcion\u00e1rios \u2013 ap\u00f3s mais de oito horas di\u00e1rias de atividades, a taxa diminu\u00eda at\u00e9 75%. Hoje, inclusive, existem movimentos da Europa para <a href=\"http:\/\/www1.folha.uol.com.br\/mercado\/2018\/01\/1950188-alemanha-discute-reducao-de-jornada-para-28-horas-semanais.shtml\" target=\"_blank\" rel=\"noopener\">diminuir a atual jornada de trabalho<\/a>, que \u00e9 de 35 horas semanais, pensando justamente em melhorar a produtividade da equipe.<\/p>\n<p>Um exemplo \u00e9 a Su\u00ed\u00e7a. De acordo com <a href=\"http:\/\/money.cnn.com\/gallery\/news\/economy\/2013\/07\/10\/worlds-shortest-work-weeks\/6.html\" target=\"_blank\" rel=\"noopener\">um estudo<\/a> da Organiza\u00e7\u00e3o para a Coopera\u00e7\u00e3o e Desenvolvimento Econ\u00f4mico (OCDE), o pa\u00eds possui uma das popula\u00e7\u00f5es mais felizes do mundo e a jornada de trabalho \u00e9 um fator decisivo para isso, j\u00e1 que n\u00e3o costuma passar das 35 horas semanais. Isso tamb\u00e9m contribui para a queda do n\u00edvel de desemprego da popula\u00e7\u00e3o economicamente ativa, com um maior retorno tanto para a empresa quanto para o empregado.<\/p>\n<p>Outro estudo, realizado pelo Instituto Randstad, na Austr\u00e1lia e Nova Zel\u00e2ndia, mostrou que empregados com maior equil\u00edbrio entre vida pessoal e profissional acabam se mantendo mais tempo nos empregos. Os entrevistados acreditam que trabalhar mais de 50 horas semanais \u00e9 uma limita\u00e7\u00e3o e se sentem desmotivados em empresas que cobram isso.<\/p>\n<p>Ou seja, trabalhar muitas horas al\u00e9m do expediente afeta o desempenho profissional, sendo um mito essa quest\u00e3o da produtividade ligada \u00e0s horas extras.<\/p>\n","protected":false},"excerpt":{"rendered":"<p>\t\t\t\tPara avaliar como est\u00e1 seu desempenho, o principal indicador n\u00e3o deve ser o n\u00famero de horas trabalhadas. A qualidade do produto final e o tempo gasto para execu\u00e7\u00e3o das tarefas s\u00e3o mais importantes. Entenda.\t\t<\/p>\n","protected":false},"author":2,"featured_media":7590,"comment_status":"closed","ping_status":"open","sticky":false,"template":"","format":"standard","meta":{"_acf_changed":false,"inline_featured_image":false,"footnotes":""},"categories":[41,44],"tags":[],"acf":[],"yoast_head":"<!-- This site is optimized with the Yoast SEO plugin v24.5 - https:\/\/yoast.com\/wordpress\/plugins\/seo\/ -->\n<title>Hora extra n\u00e3o \u00e9 sinal de produtividade - Blog - Ocupacional<\/title>\n<meta name=\"robots\" content=\"index, follow, max-snippet:-1, max-image-preview:large, max-video-preview:-1\" \/>\n<link rel=\"canonical\" href=\"https:\/\/ocupacional.incdigital.com.br\/hora-extra-nao-e-sinal-de-produtividade\/\" \/>\n<meta property=\"og:locale\" content=\"pt_BR\" \/>\n<meta property=\"og:type\" content=\"article\" \/>\n<meta property=\"og:title\" content=\"Hora extra n\u00e3o \u00e9 sinal de produtividade - Blog - Ocupacional\" \/>\n<meta property=\"og:description\" content=\"Para avaliar como est\u00e1 seu desempenho, o principal indicador n\u00e3o deve ser o n\u00famero de horas trabalhadas. A qualidade do produto final e o tempo gasto para execu\u00e7\u00e3o das tarefas s\u00e3o mais importantes. Entenda.\" \/>\n<meta property=\"og:url\" content=\"https:\/\/ocupacional.incdigital.com.br\/hora-extra-nao-e-sinal-de-produtividade\/\" \/>\n<meta property=\"og:site_name\" content=\"Ocupacional\" \/>\n<meta property=\"article:published_time\" content=\"2018-02-23T18:42:08+00:00\" \/>\n<meta property=\"og:image\" content=\"https:\/\/ocupacional.com.br\/site\/wp-content\/uploads\/2022\/07\/hora-extra-produtividade.jpg\" \/>\n\t<meta property=\"og:image:width\" content=\"600\" \/>\n\t<meta property=\"og:image:height\" content=\"270\" \/>\n\t<meta property=\"og:image:type\" content=\"image\/jpeg\" \/>\n<meta name=\"author\" content=\"Ocupacional\" \/>\n<meta name=\"twitter:card\" content=\"summary_large_image\" \/>\n<meta name=\"twitter:label1\" content=\"Escrito por\" \/>\n\t<meta name=\"twitter:data1\" content=\"Ocupacional\" \/>\n\t<meta name=\"twitter:label2\" content=\"Est. tempo de leitura\" \/>\n\t<meta name=\"twitter:data2\" content=\"2 minutos\" \/>\n<script type=\"application\/ld+json\" class=\"yoast-schema-graph\">{\"@context\":\"https:\/\/schema.org\",\"@graph\":[{\"@type\":\"Article\",\"@id\":\"https:\/\/ocupacional.incdigital.com.br\/hora-extra-nao-e-sinal-de-produtividade\/#article\",\"isPartOf\":{\"@id\":\"https:\/\/ocupacional.incdigital.com.br\/hora-extra-nao-e-sinal-de-produtividade\/\"},\"author\":{\"name\":\"Ocupacional\",\"@id\":\"https:\/\/ocupacional.com.br\/site\/#\/schema\/person\/9614e9b9e3c9ec0ba39804d95b2691b7\"},\"headline\":\"Hora extra n\u00e3o \u00e9 sinal de produtividade\",\"datePublished\":\"2018-02-23T18:42:08+00:00\",\"mainEntityOfPage\":{\"@id\":\"https:\/\/ocupacional.incdigital.com.br\/hora-extra-nao-e-sinal-de-produtividade\/\"},\"wordCount\":478,\"publisher\":{\"@id\":\"https:\/\/ocupacional.com.br\/site\/#organization\"},\"image\":{\"@id\":\"https:\/\/ocupacional.incdigital.com.br\/hora-extra-nao-e-sinal-de-produtividade\/#primaryimage\"},\"thumbnailUrl\":\"https:\/\/ocupacional.com.br\/site\/wp-content\/uploads\/2022\/07\/hora-extra-produtividade.jpg\",\"articleSection\":[\"Gest\u00e3o Ocupacional\",\"Sa\u00fade e Qualidade de Vida\"],\"inLanguage\":\"pt-BR\"},{\"@type\":\"WebPage\",\"@id\":\"https:\/\/ocupacional.incdigital.com.br\/hora-extra-nao-e-sinal-de-produtividade\/\",\"url\":\"https:\/\/ocupacional.incdigital.com.br\/hora-extra-nao-e-sinal-de-produtividade\/\",\"name\":\"Hora extra n\u00e3o \u00e9 sinal de produtividade - Blog - Ocupacional\",\"isPartOf\":{\"@id\":\"https:\/\/ocupacional.com.br\/site\/#website\"},\"primaryImageOfPage\":{\"@id\":\"https:\/\/ocupacional.incdigital.com.br\/hora-extra-nao-e-sinal-de-produtividade\/#primaryimage\"},\"image\":{\"@id\":\"https:\/\/ocupacional.incdigital.com.br\/hora-extra-nao-e-sinal-de-produtividade\/#primaryimage\"},\"thumbnailUrl\":\"https:\/\/ocupacional.com.br\/site\/wp-content\/uploads\/2022\/07\/hora-extra-produtividade.jpg\",\"datePublished\":\"2018-02-23T18:42:08+00:00\",\"breadcrumb\":{\"@id\":\"https:\/\/ocupacional.incdigital.com.br\/hora-extra-nao-e-sinal-de-produtividade\/#breadcrumb\"},\"inLanguage\":\"pt-BR\",\"potentialAction\":[{\"@type\":\"ReadAction\",\"target\":[\"https:\/\/ocupacional.incdigital.com.br\/hora-extra-nao-e-sinal-de-produtividade\/\"]}]},{\"@type\":\"ImageObject\",\"inLanguage\":\"pt-BR\",\"@id\":\"https:\/\/ocupacional.incdigital.com.br\/hora-extra-nao-e-sinal-de-produtividade\/#primaryimage\",\"url\":\"https:\/\/ocupacional.com.br\/site\/wp-content\/uploads\/2022\/07\/hora-extra-produtividade.jpg\",\"contentUrl\":\"https:\/\/ocupacional.com.br\/site\/wp-content\/uploads\/2022\/07\/hora-extra-produtividade.jpg\",\"width\":600,\"height\":270},{\"@type\":\"BreadcrumbList\",\"@id\":\"https:\/\/ocupacional.incdigital.com.br\/hora-extra-nao-e-sinal-de-produtividade\/#breadcrumb\",\"itemListElement\":[{\"@type\":\"ListItem\",\"position\":1,\"name\":\"In\u00edcio\",\"item\":\"https:\/\/ocupacional.incdigital.com.br\/\"},{\"@type\":\"ListItem\",\"position\":2,\"name\":\"Hora extra n\u00e3o \u00e9 sinal de produtividade\"}]},{\"@type\":\"WebSite\",\"@id\":\"https:\/\/ocupacional.com.br\/site\/#website\",\"url\":\"https:\/\/ocupacional.com.br\/site\/\",\"name\":\"Ocupacional\",\"description\":\"As obriga\u00e7\u00f5es de sa\u00fade e seguran\u00e7a do trabalho\\u2028da sua empresa sob total controle\",\"publisher\":{\"@id\":\"https:\/\/ocupacional.com.br\/site\/#organization\"},\"potentialAction\":[{\"@type\":\"SearchAction\",\"target\":{\"@type\":\"EntryPoint\",\"urlTemplate\":\"https:\/\/ocupacional.com.br\/site\/?s={search_term_string}\"},\"query-input\":{\"@type\":\"PropertyValueSpecification\",\"valueRequired\":true,\"valueName\":\"search_term_string\"}}],\"inLanguage\":\"pt-BR\"},{\"@type\":\"Organization\",\"@id\":\"https:\/\/ocupacional.com.br\/site\/#organization\",\"name\":\"Ocupacional\",\"url\":\"https:\/\/ocupacional.com.br\/site\/\",\"logo\":{\"@type\":\"ImageObject\",\"inLanguage\":\"pt-BR\",\"@id\":\"https:\/\/ocupacional.com.br\/site\/#\/schema\/logo\/image\/\",\"url\":\"https:\/\/ocupacional.com.br\/site\/wp-content\/uploads\/2021\/01\/logoocp-8.png\",\"contentUrl\":\"https:\/\/ocupacional.com.br\/site\/wp-content\/uploads\/2021\/01\/logoocp-8.png\",\"width\":704,\"height\":109,\"caption\":\"Ocupacional\"},\"image\":{\"@id\":\"https:\/\/ocupacional.com.br\/site\/#\/schema\/logo\/image\/\"}},{\"@type\":\"Person\",\"@id\":\"https:\/\/ocupacional.com.br\/site\/#\/schema\/person\/9614e9b9e3c9ec0ba39804d95b2691b7\",\"name\":\"Ocupacional\",\"image\":{\"@type\":\"ImageObject\",\"inLanguage\":\"pt-BR\",\"@id\":\"https:\/\/ocupacional.com.br\/site\/#\/schema\/person\/image\/\",\"url\":\"https:\/\/secure.gravatar.com\/avatar\/f703cebaf51466d6b9274b776e57c489?s=96&d=blank&r=g\",\"contentUrl\":\"https:\/\/secure.gravatar.com\/avatar\/f703cebaf51466d6b9274b776e57c489?s=96&d=blank&r=g\",\"caption\":\"Ocupacional\"},\"url\":\"https:\/\/ocupacional.com.br\/site\/author\/ocupacional\/\"}]}<\/script>\n<!-- \/ Yoast SEO plugin. -->","yoast_head_json":{"title":"Hora extra n\u00e3o \u00e9 sinal de produtividade - Blog - Ocupacional","robots":{"index":"index","follow":"follow","max-snippet":"max-snippet:-1","max-image-preview":"max-image-preview:large","max-video-preview":"max-video-preview:-1"},"canonical":"https:\/\/ocupacional.incdigital.com.br\/hora-extra-nao-e-sinal-de-produtividade\/","og_locale":"pt_BR","og_type":"article","og_title":"Hora extra n\u00e3o \u00e9 sinal de produtividade - Blog - Ocupacional","og_description":"Para avaliar como est\u00e1 seu desempenho, o principal indicador n\u00e3o deve ser o n\u00famero de horas trabalhadas. A qualidade do produto final e o tempo gasto para execu\u00e7\u00e3o das tarefas s\u00e3o mais importantes. Entenda.","og_url":"https:\/\/ocupacional.incdigital.com.br\/hora-extra-nao-e-sinal-de-produtividade\/","og_site_name":"Ocupacional","article_published_time":"2018-02-23T18:42:08+00:00","og_image":[{"width":600,"height":270,"url":"https:\/\/ocupacional.com.br\/site\/wp-content\/uploads\/2022\/07\/hora-extra-produtividade.jpg","type":"image\/jpeg"}],"author":"Ocupacional","twitter_card":"summary_large_image","twitter_misc":{"Escrito por":"Ocupacional","Est. tempo de leitura":"2 minutos"},"schema":{"@context":"https:\/\/schema.org","@graph":[{"@type":"Article","@id":"https:\/\/ocupacional.incdigital.com.br\/hora-extra-nao-e-sinal-de-produtividade\/#article","isPartOf":{"@id":"https:\/\/ocupacional.incdigital.com.br\/hora-extra-nao-e-sinal-de-produtividade\/"},"author":{"name":"Ocupacional","@id":"https:\/\/ocupacional.com.br\/site\/#\/schema\/person\/9614e9b9e3c9ec0ba39804d95b2691b7"},"headline":"Hora extra n\u00e3o \u00e9 sinal de produtividade","datePublished":"2018-02-23T18:42:08+00:00","mainEntityOfPage":{"@id":"https:\/\/ocupacional.incdigital.com.br\/hora-extra-nao-e-sinal-de-produtividade\/"},"wordCount":478,"publisher":{"@id":"https:\/\/ocupacional.com.br\/site\/#organization"},"image":{"@id":"https:\/\/ocupacional.incdigital.com.br\/hora-extra-nao-e-sinal-de-produtividade\/#primaryimage"},"thumbnailUrl":"https:\/\/ocupacional.com.br\/site\/wp-content\/uploads\/2022\/07\/hora-extra-produtividade.jpg","articleSection":["Gest\u00e3o Ocupacional","Sa\u00fade e Qualidade de Vida"],"inLanguage":"pt-BR"},{"@type":"WebPage","@id":"https:\/\/ocupacional.incdigital.com.br\/hora-extra-nao-e-sinal-de-produtividade\/","url":"https:\/\/ocupacional.incdigital.com.br\/hora-extra-nao-e-sinal-de-produtividade\/","name":"Hora extra n\u00e3o \u00e9 sinal de produtividade - Blog - Ocupacional","isPartOf":{"@id":"https:\/\/ocupacional.com.br\/site\/#website"},"primaryImageOfPage":{"@id":"https:\/\/ocupacional.incdigital.com.br\/hora-extra-nao-e-sinal-de-produtividade\/#primaryimage"},"image":{"@id":"https:\/\/ocupacional.incdigital.com.br\/hora-extra-nao-e-sinal-de-produtividade\/#primaryimage"},"thumbnailUrl":"https:\/\/ocupacional.com.br\/site\/wp-content\/uploads\/2022\/07\/hora-extra-produtividade.jpg","datePublished":"2018-02-23T18:42:08+00:00","breadcrumb":{"@id":"https:\/\/ocupacional.incdigital.com.br\/hora-extra-nao-e-sinal-de-produtividade\/#breadcrumb"},"inLanguage":"pt-BR","potentialAction":[{"@type":"ReadAction","target":["https:\/\/ocupacional.incdigital.com.br\/hora-extra-nao-e-sinal-de-produtividade\/"]}]},{"@type":"ImageObject","inLanguage":"pt-BR","@id":"https:\/\/ocupacional.incdigital.com.br\/hora-extra-nao-e-sinal-de-produtividade\/#primaryimage","url":"https:\/\/ocupacional.com.br\/site\/wp-content\/uploads\/2022\/07\/hora-extra-produtividade.jpg","contentUrl":"https:\/\/ocupacional.com.br\/site\/wp-content\/uploads\/2022\/07\/hora-extra-produtividade.jpg","width":600,"height":270},{"@type":"BreadcrumbList","@id":"https:\/\/ocupacional.incdigital.com.br\/hora-extra-nao-e-sinal-de-produtividade\/#breadcrumb","itemListElement":[{"@type":"ListItem","position":1,"name":"In\u00edcio","item":"https:\/\/ocupacional.incdigital.com.br\/"},{"@type":"ListItem","position":2,"name":"Hora extra n\u00e3o \u00e9 sinal de produtividade"}]},{"@type":"WebSite","@id":"https:\/\/ocupacional.com.br\/site\/#website","url":"https:\/\/ocupacional.com.br\/site\/","name":"Ocupacional","description":"As obriga\u00e7\u00f5es de sa\u00fade e seguran\u00e7a do trabalho\u2028da sua empresa sob total controle","publisher":{"@id":"https:\/\/ocupacional.com.br\/site\/#organization"},"potentialAction":[{"@type":"SearchAction","target":{"@type":"EntryPoint","urlTemplate":"https:\/\/ocupacional.com.br\/site\/?s={search_term_string}"},"query-input":{"@type":"PropertyValueSpecification","valueRequired":true,"valueName":"search_term_string"}}],"inLanguage":"pt-BR"},{"@type":"Organization","@id":"https:\/\/ocupacional.com.br\/site\/#organization","name":"Ocupacional","url":"https:\/\/ocupacional.com.br\/site\/","logo":{"@type":"ImageObject","inLanguage":"pt-BR","@id":"https:\/\/ocupacional.com.br\/site\/#\/schema\/logo\/image\/","url":"https:\/\/ocupacional.com.br\/site\/wp-content\/uploads\/2021\/01\/logoocp-8.png","contentUrl":"https:\/\/ocupacional.com.br\/site\/wp-content\/uploads\/2021\/01\/logoocp-8.png","width":704,"height":109,"caption":"Ocupacional"},"image":{"@id":"https:\/\/ocupacional.com.br\/site\/#\/schema\/logo\/image\/"}},{"@type":"Person","@id":"https:\/\/ocupacional.com.br\/site\/#\/schema\/person\/9614e9b9e3c9ec0ba39804d95b2691b7","name":"Ocupacional","image":{"@type":"ImageObject","inLanguage":"pt-BR","@id":"https:\/\/ocupacional.com.br\/site\/#\/schema\/person\/image\/","url":"https:\/\/secure.gravatar.com\/avatar\/f703cebaf51466d6b9274b776e57c489?s=96&d=blank&r=g","contentUrl":"https:\/\/secure.gravatar.com\/avatar\/f703cebaf51466d6b9274b776e57c489?s=96&d=blank&r=g","caption":"Ocupacional"},"url":"https:\/\/ocupacional.com.br\/site\/author\/ocupacional\/"}]}},"_links":{"self":[{"href":"https:\/\/ocupacional.com.br\/site\/wp-json\/wp\/v2\/posts\/5910"}],"collection":[{"href":"https:\/\/ocupacional.com.br\/site\/wp-json\/wp\/v2\/posts"}],"about":[{"href":"https:\/\/ocupacional.com.br\/site\/wp-json\/wp\/v2\/types\/post"}],"author":[{"embeddable":true,"href":"https:\/\/ocupacional.com.br\/site\/wp-json\/wp\/v2\/users\/2"}],"replies":[{"embeddable":true,"href":"https:\/\/ocupacional.com.br\/site\/wp-json\/wp\/v2\/comments?post=5910"}],"version-history":[{"count":0,"href":"https:\/\/ocupacional.com.br\/site\/wp-json\/wp\/v2\/posts\/5910\/revisions"}],"wp:featuredmedia":[{"embeddable":true,"href":"https:\/\/ocupacional.com.br\/site\/wp-json\/wp\/v2\/media\/7590"}],"wp:attachment":[{"href":"https:\/\/ocupacional.com.br\/site\/wp-json\/wp\/v2\/media?parent=5910"}],"wp:term":[{"taxonomy":"category","embeddable":true,"href":"https:\/\/ocupacional.com.br\/site\/wp-json\/wp\/v2\/categories?post=5910"},{"taxonomy":"post_tag","embeddable":true,"href":"https:\/\/ocupacional.com.br\/site\/wp-json\/wp\/v2\/tags?post=5910"}],"curies":[{"name":"wp","href":"https:\/\/api.w.org\/{rel}","templated":true}]}}