{"id":5889,"date":"2017-10-23T20:14:29","date_gmt":"2017-10-23T20:14:29","guid":{"rendered":"http:\/\/www.ocupacional.com.br\/ocupacional\/?p=2474"},"modified":"2017-10-23T20:14:29","modified_gmt":"2017-10-23T20:14:29","slug":"o-que-muda-para-maes-apos-reforma-trabalhista","status":"publish","type":"post","link":"https:\/\/ocupacional.com.br\/site\/o-que-muda-para-maes-apos-reforma-trabalhista\/","title":{"rendered":"O que muda para as m\u00e3es ap\u00f3s a reforma trabalhista?"},"content":{"rendered":"<p>As recentes <a href=\"http:\/\/www.ocupacional.com.br\/ocupacional\/confira-o-que-muda-com-reforma-trabalhista\/\">mudan\u00e7as na Consolida\u00e7\u00e3o das Leis Trabalhistas (CLT)<\/a>, sancionadas pelo presidente Michel Temer em julho deste ano, tamb\u00e9m afetaram os direitos de m\u00e3es, lactantes e gestantes. Reunimos aqui as principais altera\u00e7\u00f5es na legisla\u00e7\u00e3o e como elas impactam o dia a dia das mulheres.<\/p>\n<h4><strong>1. Licen\u00e7a maternidade<\/strong><\/h4>\n<p>Nenhum direito constitucional foi alterado. As mulheres contratadas no regime da CLT continuam a usufruir dos 120 dias de licen\u00e7a e, no caso das organiza\u00e7\u00f5es que fazem parte do projeto Empresas Cidad\u00e3s, esse per\u00edodo pode ser estendido para 180 dias.<\/p>\n<h4><strong>2. Amamenta\u00e7\u00e3o<\/strong><\/h4>\n<p>Nada ser\u00e1 alterado tamb\u00e9m. De acordo com o <a href=\"http:\/\/www.planalto.gov.br\/ccivil_03\/decreto-lei\/Del5452.htm\" target=\"_blank\" rel=\"noopener\">artigo 396 da CLT<\/a>, \u201cpara amamentar o pr\u00f3prio filho, at\u00e9 que este complete 6 (seis) meses de idade, a mulher ter\u00e1 direito, durante a jornada de trabalho, a 2 (dois) descansos especiais, de meia hora cada um\u201d. A \u00fanica mudan\u00e7a \u00e9 a formaliza\u00e7\u00e3o da negocia\u00e7\u00e3o desse hor\u00e1rio entre o patr\u00e3o e o empregado, movimento que j\u00e1 acontecia informalmente.<\/p>\n<h4><strong>3. Aviso sobre gesta\u00e7\u00e3o<\/strong><\/h4>\n<p>Antes n\u00e3o havia um limite de tempo para que a mulher avisasse a empresa sobre a gesta\u00e7\u00e3o. Agora, as mulheres que forem demitidas t\u00eam at\u00e9 30 dias para noticiar sobre a gravidez.<\/p>\n<h4><strong>4. Home Office<\/strong><\/h4>\n<p>Com o novo beb\u00ea em casa, uma possibilidade prevista na nova legisla\u00e7\u00e3o \u00e9 o home office. Temos um post que traz todos os detalhes sobre o assunto, ent\u00e3o <a href=\"http:\/\/www.ocupacional.com.br\/ocupacional\/o-que-muda-no-home-office-com-reforma-trabalhista\/\">confira as mudan\u00e7as aqui<\/a>.<\/p>\n<h4><strong>5. Insalubridade<\/strong><\/h4>\n<p>Esse foi um dos pontos que mais gerou pol\u00eamica dentro da reforma trabalhista. Se antes as gestantes e lactantes eram afastadas de qualquer trabalho insalubre, agora a obriga\u00e7\u00e3o \u00e9 apenas para aqueles ambientes com grau m\u00e1ximo de insalubridade. Se o grau for m\u00e9dio ou m\u00ednimo, a empresa pode apresentar um atestado m\u00e9dico para garantir que n\u00e3o h\u00e1 risco nem para a m\u00e3e nem para o beb\u00ea.<\/p>\n<p>Em <a href=\"https:\/\/gauchazh.clicrbs.com.br\/geral\/noticia\/2017\/07\/reforma-trabalhista-saiba-o-que-muda-para-gravidas-e-lactantes-9839717.html\" target=\"_blank\" rel=\"noopener\">entrevista para a Ga\u00fachaZH<\/a>, o advogado trabalhista, Odilon Garcia J\u00fanior, destaca que, se o ambiente \u00e9 considerado insalubre, ele n\u00e3o tem condi\u00e7\u00f5es de trabalho. \u201cH\u00e1 uma afeta\u00e7\u00e3o \u00e0 sa\u00fade do trabalhador. No caso de haver uma gestante no ambiente, se ela tem que fazer laudos antes de ser dispensada, at\u00e9 l\u00e1, ela fica trabalhando, exercendo a atividade no local insalubre. \u00c9 uma quest\u00e3o de sa\u00fade do empregado.\u201d<\/p>\n","protected":false},"excerpt":{"rendered":"<p>\t\t\t\tAs recentes mudan\u00e7as na CLT tamb\u00e9m afetaram os direitos de m\u00e3es, lactantes e gestantes. Confira as principais altera\u00e7\u00f5es na legisla\u00e7\u00e3o.\t\t<\/p>\n","protected":false},"author":2,"featured_media":7638,"comment_status":"closed","ping_status":"open","sticky":false,"template":"","format":"standard","meta":{"_acf_changed":false,"inline_featured_image":false,"footnotes":""},"categories":[42],"tags":[],"acf":[],"yoast_head":"<!-- This site is optimized with the Yoast SEO plugin v24.5 - https:\/\/yoast.com\/wordpress\/plugins\/seo\/ -->\n<title>O que muda para as m\u00e3es ap\u00f3s a reforma trabalhista? - Blog - Ocupacional<\/title>\n<meta name=\"robots\" content=\"index, follow, max-snippet:-1, max-image-preview:large, max-video-preview:-1\" \/>\n<link rel=\"canonical\" href=\"https:\/\/ocupacional.incdigital.com.br\/o-que-muda-para-maes-apos-reforma-trabalhista\/\" \/>\n<meta property=\"og:locale\" content=\"pt_BR\" \/>\n<meta property=\"og:type\" content=\"article\" \/>\n<meta property=\"og:title\" content=\"O que muda para as m\u00e3es ap\u00f3s a reforma trabalhista? - Blog - Ocupacional\" \/>\n<meta property=\"og:description\" content=\"As recentes mudan\u00e7as na CLT tamb\u00e9m afetaram os direitos de m\u00e3es, lactantes e gestantes. Confira as principais altera\u00e7\u00f5es na legisla\u00e7\u00e3o.\" \/>\n<meta property=\"og:url\" content=\"https:\/\/ocupacional.incdigital.com.br\/o-que-muda-para-maes-apos-reforma-trabalhista\/\" \/>\n<meta property=\"og:site_name\" content=\"Ocupacional\" \/>\n<meta property=\"article:published_time\" content=\"2017-10-23T20:14:29+00:00\" \/>\n<meta name=\"author\" content=\"Ocupacional\" \/>\n<meta name=\"twitter:card\" content=\"summary_large_image\" \/>\n<meta name=\"twitter:label1\" content=\"Escrito por\" \/>\n\t<meta name=\"twitter:data1\" content=\"Ocupacional\" \/>\n\t<meta name=\"twitter:label2\" content=\"Est. tempo de leitura\" \/>\n\t<meta name=\"twitter:data2\" content=\"2 minutos\" \/>\n<script type=\"application\/ld+json\" class=\"yoast-schema-graph\">{\"@context\":\"https:\/\/schema.org\",\"@graph\":[{\"@type\":\"Article\",\"@id\":\"https:\/\/ocupacional.incdigital.com.br\/o-que-muda-para-maes-apos-reforma-trabalhista\/#article\",\"isPartOf\":{\"@id\":\"https:\/\/ocupacional.incdigital.com.br\/o-que-muda-para-maes-apos-reforma-trabalhista\/\"},\"author\":{\"name\":\"Ocupacional\",\"@id\":\"https:\/\/ocupacional.com.br\/site\/#\/schema\/person\/9614e9b9e3c9ec0ba39804d95b2691b7\"},\"headline\":\"O que muda para as m\u00e3es ap\u00f3s a reforma trabalhista?\",\"datePublished\":\"2017-10-23T20:14:29+00:00\",\"mainEntityOfPage\":{\"@id\":\"https:\/\/ocupacional.incdigital.com.br\/o-que-muda-para-maes-apos-reforma-trabalhista\/\"},\"wordCount\":399,\"publisher\":{\"@id\":\"https:\/\/ocupacional.com.br\/site\/#organization\"},\"image\":{\"@id\":\"https:\/\/ocupacional.incdigital.com.br\/o-que-muda-para-maes-apos-reforma-trabalhista\/#primaryimage\"},\"thumbnailUrl\":\"\",\"articleSection\":[\"Legisla\u00e7\u00e3o\"],\"inLanguage\":\"pt-BR\"},{\"@type\":\"WebPage\",\"@id\":\"https:\/\/ocupacional.incdigital.com.br\/o-que-muda-para-maes-apos-reforma-trabalhista\/\",\"url\":\"https:\/\/ocupacional.incdigital.com.br\/o-que-muda-para-maes-apos-reforma-trabalhista\/\",\"name\":\"O que muda para as m\u00e3es ap\u00f3s a reforma trabalhista? - Blog - Ocupacional\",\"isPartOf\":{\"@id\":\"https:\/\/ocupacional.com.br\/site\/#website\"},\"primaryImageOfPage\":{\"@id\":\"https:\/\/ocupacional.incdigital.com.br\/o-que-muda-para-maes-apos-reforma-trabalhista\/#primaryimage\"},\"image\":{\"@id\":\"https:\/\/ocupacional.incdigital.com.br\/o-que-muda-para-maes-apos-reforma-trabalhista\/#primaryimage\"},\"thumbnailUrl\":\"\",\"datePublished\":\"2017-10-23T20:14:29+00:00\",\"breadcrumb\":{\"@id\":\"https:\/\/ocupacional.incdigital.com.br\/o-que-muda-para-maes-apos-reforma-trabalhista\/#breadcrumb\"},\"inLanguage\":\"pt-BR\",\"potentialAction\":[{\"@type\":\"ReadAction\",\"target\":[\"https:\/\/ocupacional.incdigital.com.br\/o-que-muda-para-maes-apos-reforma-trabalhista\/\"]}]},{\"@type\":\"ImageObject\",\"inLanguage\":\"pt-BR\",\"@id\":\"https:\/\/ocupacional.incdigital.com.br\/o-que-muda-para-maes-apos-reforma-trabalhista\/#primaryimage\",\"url\":\"\",\"contentUrl\":\"\"},{\"@type\":\"BreadcrumbList\",\"@id\":\"https:\/\/ocupacional.incdigital.com.br\/o-que-muda-para-maes-apos-reforma-trabalhista\/#breadcrumb\",\"itemListElement\":[{\"@type\":\"ListItem\",\"position\":1,\"name\":\"In\u00edcio\",\"item\":\"https:\/\/ocupacional.incdigital.com.br\/\"},{\"@type\":\"ListItem\",\"position\":2,\"name\":\"O que muda para as m\u00e3es ap\u00f3s a reforma trabalhista?\"}]},{\"@type\":\"WebSite\",\"@id\":\"https:\/\/ocupacional.com.br\/site\/#website\",\"url\":\"https:\/\/ocupacional.com.br\/site\/\",\"name\":\"Ocupacional\",\"description\":\"As obriga\u00e7\u00f5es de sa\u00fade e seguran\u00e7a do trabalho\\u2028da sua empresa sob total controle\",\"publisher\":{\"@id\":\"https:\/\/ocupacional.com.br\/site\/#organization\"},\"potentialAction\":[{\"@type\":\"SearchAction\",\"target\":{\"@type\":\"EntryPoint\",\"urlTemplate\":\"https:\/\/ocupacional.com.br\/site\/?s={search_term_string}\"},\"query-input\":{\"@type\":\"PropertyValueSpecification\",\"valueRequired\":true,\"valueName\":\"search_term_string\"}}],\"inLanguage\":\"pt-BR\"},{\"@type\":\"Organization\",\"@id\":\"https:\/\/ocupacional.com.br\/site\/#organization\",\"name\":\"Ocupacional\",\"url\":\"https:\/\/ocupacional.com.br\/site\/\",\"logo\":{\"@type\":\"ImageObject\",\"inLanguage\":\"pt-BR\",\"@id\":\"https:\/\/ocupacional.com.br\/site\/#\/schema\/logo\/image\/\",\"url\":\"https:\/\/ocupacional.com.br\/site\/wp-content\/uploads\/2021\/01\/logoocp-8.png\",\"contentUrl\":\"https:\/\/ocupacional.com.br\/site\/wp-content\/uploads\/2021\/01\/logoocp-8.png\",\"width\":704,\"height\":109,\"caption\":\"Ocupacional\"},\"image\":{\"@id\":\"https:\/\/ocupacional.com.br\/site\/#\/schema\/logo\/image\/\"}},{\"@type\":\"Person\",\"@id\":\"https:\/\/ocupacional.com.br\/site\/#\/schema\/person\/9614e9b9e3c9ec0ba39804d95b2691b7\",\"name\":\"Ocupacional\",\"image\":{\"@type\":\"ImageObject\",\"inLanguage\":\"pt-BR\",\"@id\":\"https:\/\/ocupacional.com.br\/site\/#\/schema\/person\/image\/\",\"url\":\"https:\/\/secure.gravatar.com\/avatar\/f703cebaf51466d6b9274b776e57c489?s=96&d=blank&r=g\",\"contentUrl\":\"https:\/\/secure.gravatar.com\/avatar\/f703cebaf51466d6b9274b776e57c489?s=96&d=blank&r=g\",\"caption\":\"Ocupacional\"},\"url\":\"https:\/\/ocupacional.com.br\/site\/author\/ocupacional\/\"}]}<\/script>\n<!-- \/ Yoast SEO plugin. -->","yoast_head_json":{"title":"O que muda para as m\u00e3es ap\u00f3s a reforma trabalhista? - Blog - Ocupacional","robots":{"index":"index","follow":"follow","max-snippet":"max-snippet:-1","max-image-preview":"max-image-preview:large","max-video-preview":"max-video-preview:-1"},"canonical":"https:\/\/ocupacional.incdigital.com.br\/o-que-muda-para-maes-apos-reforma-trabalhista\/","og_locale":"pt_BR","og_type":"article","og_title":"O que muda para as m\u00e3es ap\u00f3s a reforma trabalhista? - Blog - Ocupacional","og_description":"As recentes mudan\u00e7as na CLT tamb\u00e9m afetaram os direitos de m\u00e3es, lactantes e gestantes. Confira as principais altera\u00e7\u00f5es na legisla\u00e7\u00e3o.","og_url":"https:\/\/ocupacional.incdigital.com.br\/o-que-muda-para-maes-apos-reforma-trabalhista\/","og_site_name":"Ocupacional","article_published_time":"2017-10-23T20:14:29+00:00","author":"Ocupacional","twitter_card":"summary_large_image","twitter_misc":{"Escrito por":"Ocupacional","Est. tempo de leitura":"2 minutos"},"schema":{"@context":"https:\/\/schema.org","@graph":[{"@type":"Article","@id":"https:\/\/ocupacional.incdigital.com.br\/o-que-muda-para-maes-apos-reforma-trabalhista\/#article","isPartOf":{"@id":"https:\/\/ocupacional.incdigital.com.br\/o-que-muda-para-maes-apos-reforma-trabalhista\/"},"author":{"name":"Ocupacional","@id":"https:\/\/ocupacional.com.br\/site\/#\/schema\/person\/9614e9b9e3c9ec0ba39804d95b2691b7"},"headline":"O que muda para as m\u00e3es ap\u00f3s a reforma trabalhista?","datePublished":"2017-10-23T20:14:29+00:00","mainEntityOfPage":{"@id":"https:\/\/ocupacional.incdigital.com.br\/o-que-muda-para-maes-apos-reforma-trabalhista\/"},"wordCount":399,"publisher":{"@id":"https:\/\/ocupacional.com.br\/site\/#organization"},"image":{"@id":"https:\/\/ocupacional.incdigital.com.br\/o-que-muda-para-maes-apos-reforma-trabalhista\/#primaryimage"},"thumbnailUrl":"","articleSection":["Legisla\u00e7\u00e3o"],"inLanguage":"pt-BR"},{"@type":"WebPage","@id":"https:\/\/ocupacional.incdigital.com.br\/o-que-muda-para-maes-apos-reforma-trabalhista\/","url":"https:\/\/ocupacional.incdigital.com.br\/o-que-muda-para-maes-apos-reforma-trabalhista\/","name":"O que muda para as m\u00e3es ap\u00f3s a reforma trabalhista? - Blog - Ocupacional","isPartOf":{"@id":"https:\/\/ocupacional.com.br\/site\/#website"},"primaryImageOfPage":{"@id":"https:\/\/ocupacional.incdigital.com.br\/o-que-muda-para-maes-apos-reforma-trabalhista\/#primaryimage"},"image":{"@id":"https:\/\/ocupacional.incdigital.com.br\/o-que-muda-para-maes-apos-reforma-trabalhista\/#primaryimage"},"thumbnailUrl":"","datePublished":"2017-10-23T20:14:29+00:00","breadcrumb":{"@id":"https:\/\/ocupacional.incdigital.com.br\/o-que-muda-para-maes-apos-reforma-trabalhista\/#breadcrumb"},"inLanguage":"pt-BR","potentialAction":[{"@type":"ReadAction","target":["https:\/\/ocupacional.incdigital.com.br\/o-que-muda-para-maes-apos-reforma-trabalhista\/"]}]},{"@type":"ImageObject","inLanguage":"pt-BR","@id":"https:\/\/ocupacional.incdigital.com.br\/o-que-muda-para-maes-apos-reforma-trabalhista\/#primaryimage","url":"","contentUrl":""},{"@type":"BreadcrumbList","@id":"https:\/\/ocupacional.incdigital.com.br\/o-que-muda-para-maes-apos-reforma-trabalhista\/#breadcrumb","itemListElement":[{"@type":"ListItem","position":1,"name":"In\u00edcio","item":"https:\/\/ocupacional.incdigital.com.br\/"},{"@type":"ListItem","position":2,"name":"O que muda para as m\u00e3es ap\u00f3s a reforma trabalhista?"}]},{"@type":"WebSite","@id":"https:\/\/ocupacional.com.br\/site\/#website","url":"https:\/\/ocupacional.com.br\/site\/","name":"Ocupacional","description":"As obriga\u00e7\u00f5es de sa\u00fade e seguran\u00e7a do trabalho\u2028da sua empresa sob total controle","publisher":{"@id":"https:\/\/ocupacional.com.br\/site\/#organization"},"potentialAction":[{"@type":"SearchAction","target":{"@type":"EntryPoint","urlTemplate":"https:\/\/ocupacional.com.br\/site\/?s={search_term_string}"},"query-input":{"@type":"PropertyValueSpecification","valueRequired":true,"valueName":"search_term_string"}}],"inLanguage":"pt-BR"},{"@type":"Organization","@id":"https:\/\/ocupacional.com.br\/site\/#organization","name":"Ocupacional","url":"https:\/\/ocupacional.com.br\/site\/","logo":{"@type":"ImageObject","inLanguage":"pt-BR","@id":"https:\/\/ocupacional.com.br\/site\/#\/schema\/logo\/image\/","url":"https:\/\/ocupacional.com.br\/site\/wp-content\/uploads\/2021\/01\/logoocp-8.png","contentUrl":"https:\/\/ocupacional.com.br\/site\/wp-content\/uploads\/2021\/01\/logoocp-8.png","width":704,"height":109,"caption":"Ocupacional"},"image":{"@id":"https:\/\/ocupacional.com.br\/site\/#\/schema\/logo\/image\/"}},{"@type":"Person","@id":"https:\/\/ocupacional.com.br\/site\/#\/schema\/person\/9614e9b9e3c9ec0ba39804d95b2691b7","name":"Ocupacional","image":{"@type":"ImageObject","inLanguage":"pt-BR","@id":"https:\/\/ocupacional.com.br\/site\/#\/schema\/person\/image\/","url":"https:\/\/secure.gravatar.com\/avatar\/f703cebaf51466d6b9274b776e57c489?s=96&d=blank&r=g","contentUrl":"https:\/\/secure.gravatar.com\/avatar\/f703cebaf51466d6b9274b776e57c489?s=96&d=blank&r=g","caption":"Ocupacional"},"url":"https:\/\/ocupacional.com.br\/site\/author\/ocupacional\/"}]}},"_links":{"self":[{"href":"https:\/\/ocupacional.com.br\/site\/wp-json\/wp\/v2\/posts\/5889"}],"collection":[{"href":"https:\/\/ocupacional.com.br\/site\/wp-json\/wp\/v2\/posts"}],"about":[{"href":"https:\/\/ocupacional.com.br\/site\/wp-json\/wp\/v2\/types\/post"}],"author":[{"embeddable":true,"href":"https:\/\/ocupacional.com.br\/site\/wp-json\/wp\/v2\/users\/2"}],"replies":[{"embeddable":true,"href":"https:\/\/ocupacional.com.br\/site\/wp-json\/wp\/v2\/comments?post=5889"}],"version-history":[{"count":0,"href":"https:\/\/ocupacional.com.br\/site\/wp-json\/wp\/v2\/posts\/5889\/revisions"}],"wp:featuredmedia":[{"embeddable":true,"href":"https:\/\/ocupacional.com.br\/site\/wp-json\/"}],"wp:attachment":[{"href":"https:\/\/ocupacional.com.br\/site\/wp-json\/wp\/v2\/media?parent=5889"}],"wp:term":[{"taxonomy":"category","embeddable":true,"href":"https:\/\/ocupacional.com.br\/site\/wp-json\/wp\/v2\/categories?post=5889"},{"taxonomy":"post_tag","embeddable":true,"href":"https:\/\/ocupacional.com.br\/site\/wp-json\/wp\/v2\/tags?post=5889"}],"curies":[{"name":"wp","href":"https:\/\/api.w.org\/{rel}","templated":true}]}}