{"id":4023,"date":"2022-01-26T16:14:18","date_gmt":"2022-01-26T16:14:18","guid":{"rendered":"https:\/\/www.ocupacional.com.br\/ocupacional\/?p=4023"},"modified":"2022-01-26T16:14:18","modified_gmt":"2022-01-26T16:14:18","slug":"o-que-sao-os-riscos-biologicos-no-ambiente-de-trabalho","status":"publish","type":"post","link":"https:\/\/ocupacional.com.br\/site\/o-que-sao-os-riscos-biologicos-no-ambiente-de-trabalho\/","title":{"rendered":"O que s\u00e3o os riscos biol\u00f3gicos no ambiente de trabalho?"},"content":{"rendered":"\n<p><em>Profissionais de sa\u00fade e da\nagricultura s\u00e3o os mais afetados por riscos que envolvem v\u00edrus, bact\u00e9rias e\nfungos.<\/em><\/p>\n\n\n\n<p>Entre os riscos aos quais funcion\u00e1rios\npodem ser expostos no ambiente laboral, os biol\u00f3gicos merecem destaque por\nserem potencialmente perigosos para os seres humanos. Eles consistem na\nprobabilidade de exposi\u00e7\u00e3o ocupacional a v\u00edrus, bact\u00e9rias, fungos, protozo\u00e1rios\ne parasitas que podem ocasionar doen\u00e7as, levando ao afastamento do trabalhador.<\/p>\n\n\n\n<p>As principais \u00e1reas expostas a\nriscos biol\u00f3gicos s\u00e3o a agricultura e a sa\u00fade. Quem atua no campo est\u00e1\nsubmetido a poeiras org\u00e2nicas, com alto teor de fungos \u2013 o que pode causar\ndoen\u00e7as respirat\u00f3rias como bronquite cr\u00f4nica, asma e pneumonites. Nos servi\u00e7os\nde sa\u00fade, o risco \u00e9 ainda maior pelo contato com pacientes contaminados,\nexpondo as pessoas ao v\u00edrus HIV, hepatite B, rub\u00e9ola, tuberculose, entre\noutros. Al\u00e9m disso, quem atua em laborat\u00f3rios, servi\u00e7os de esgoto, coleta e\nindustrializa\u00e7\u00e3o do lixo, cemit\u00e9rios, servi\u00e7os veterin\u00e1rios, matadouros e\nfrigor\u00edficos, tamb\u00e9m precisa de aten\u00e7\u00e3o redobrada.<\/p>\n\n\n\n<p>Por se tratar de riscos muito espec\u00edficos, h\u00e1 uma norma regulamentadora pr\u00f3pria para eles, com as regras a serem seguidas nos servi\u00e7os de sa\u00fade. A <a href=\"https:\/\/www.gov.br\/trabalho-e-previdencia\/pt-br\/composicao\/orgaos-especificos\/secretaria-de-trabalho\/inspecao\/seguranca-e-saude-no-trabalho\/ctpp-nrs\/norma-regulamentadora-no-32-nr-32\" target=\"_blank\" rel=\"noreferrer noopener\" aria-label=\"NR-32 (abre numa nova aba)\">NR-32<\/a> estabelece as diretrizes b\u00e1sicas para a implementa\u00e7\u00e3o de medidas de prote\u00e7\u00e3o \u00e0 seguran\u00e7a e \u00e0 sa\u00fade desses trabalhadores, indo al\u00e9m dos riscos biol\u00f3gicos e abordando tamb\u00e9m os f\u00edsicos, qu\u00edmicos e ergon\u00f4micos.<\/p>\n\n\n\n<p>Para as empresas, as normas\nreduzem os danos e, dessa forma, os gastos previdenci\u00e1rios. Para os\ntrabalhadores, \u00e9 a garantia de um ambiente laboral mais seguro, de modo a\naumentar o bem-estar de todos os envolvidos. <\/p>\n\n\n\n<h3 class=\"wp-block-heading\"><strong>Tipos de agentes biol\u00f3gicos<\/strong><\/h3>\n\n\n\n<p>De acordo com a <a href=\"https:\/\/www.gov.br\/trabalho-e-previdencia\/pt-br\/composicao\/orgaos-especificos\/secretaria-de-trabalho\/inspecao\/seguranca-e-saude-no-trabalho\/ctpp-nrs\/norma-regulamentadora-no-32-nr-32\" target=\"_blank\" rel=\"noreferrer noopener\" aria-label=\"NR-32 (abre numa nova aba)\">NR-32<\/a>, os agentes biol\u00f3gicos podem ser divididos em:<\/p>\n\n\n\n<ul><li><strong>Microrganismos:<\/strong> bact\u00e9rias, fungos,\nprotozo\u00e1rios e v\u00edrus, al\u00e9m de microrganismos geneticamente modificados.<\/li><li><strong>Culturas de c\u00e9lulas:<\/strong> crescimento <em>in\nvitro<\/em> de c\u00e9lulas provenientes de tecidos ou \u00f3rg\u00e3os de organismos\nmulticelulares.<\/li><li><strong>Parasitas:<\/strong> organismos que sobrevivem e se\ndesenvolvem as custas de um hospedeiro.<\/li><li><strong>Toxinas:<\/strong> subst\u00e2ncias secretadas por\nmicrorganismos que podem causar danos \u00e0 sa\u00fade humana, podendo levar at\u00e9 mesmo \u00e0\nmorte.<\/li><li><strong>Pr\u00edons:<\/strong> mol\u00e9culas proteicas que possuem\npropriedades infectantes. Diferenciam-se dos v\u00edrus e bact\u00e9rias por serem\ndesprovidos de carga gen\u00e9tica.<\/li><\/ul>\n\n\n\n<h3 class=\"wp-block-heading\"><strong>Classifica\u00e7\u00e3o dos riscos<\/strong><\/h3>\n\n\n\n<p>De acordo com a cartilha <em><a href=\"https:\/\/bvsms.saude.gov.br\/bvs\/publicacoes\/classificacao_risco_agentes_biologicos_3ed.pdf\" target=\"_blank\" rel=\"noreferrer noopener\" aria-label=\"Classifica\u00e7\u00e3o de Risco dos Agentes Biol\u00f3gicos (abre numa nova aba)\">Classifica\u00e7\u00e3o de Risco dos Agentes Biol\u00f3gicos<\/a><\/em>, do Minist\u00e9rio da Sa\u00fade, s\u00e3o considerados alguns crit\u00e9rios na hora de definir o risco de um agente biol\u00f3gico:<\/p>\n\n\n\n<ul><li><strong>Natureza:<\/strong> organismos ou mol\u00e9culas com\npotencial a\u00e7\u00e3o biol\u00f3gica infecciosa sobre o homem, animais, plantas ou o meio\nambiente em geral.<\/li><li><strong>Virul\u00eancia:<\/strong> capacidade patog\u00eanica de um\nagente biol\u00f3gico, medida pelo seu poder de aderir, invadir, multiplicar e\ndisseminar em determinados s\u00edtios de infec\u00e7\u00e3o e tecidos do hospedeiro.<\/li><li><strong>Modo de transmiss\u00e3o:<\/strong> percurso feito pelo\nagente biol\u00f3gico a partir da fonte de exposi\u00e7\u00e3o at\u00e9 o hospedeiro.<\/li><li><strong>Estabilidade:<\/strong> capacidade de manuten\u00e7\u00e3o do\npotencial infeccioso de um agente biol\u00f3gico no meio ambiente, inclusive em\ncondi\u00e7\u00f5es adversas.<\/li><li><strong>Concentra\u00e7\u00e3o e volume:<\/strong> a concentra\u00e7\u00e3o\nest\u00e1 relacionada \u00e0 quantidade de agentes biol\u00f3gicos por unidade de volume \u2013\nquanto maior a concentra\u00e7\u00e3o, maior o risco. O volume tamb\u00e9m \u00e9 importante, pois o\nrisco tende a aumentar proporcionalmente ao aumento do volume.<\/li><li><strong>Origem:<\/strong> deve ser considerada a origem do\nhospedeiro do agente biol\u00f3gico (humano ou animal), como tamb\u00e9m a localiza\u00e7\u00e3o\ngeogr\u00e1fica (\u00e1reas end\u00eamicas) e o vetor.<\/li><li><strong>Medidas profil\u00e1ticas:<\/strong> avalia se h\u00e1 profilaxia\npor vacina\u00e7\u00e3o, agentes antimicrobianos, antissoros e imunoglobulinas. Inclui a\nado\u00e7\u00e3o de medidas sanit\u00e1rias, controle de vetores e medidas de quarentena em\nmovimentos transfronteiri\u00e7os.<\/li><li><strong>Tratamento eficaz:<\/strong> capacidade de prover a\nconten\u00e7\u00e3o do agravamento e a cura da doen\u00e7a causada pela exposi\u00e7\u00e3o ao agente\nbiol\u00f3gico.<\/li><li><strong>Dose infectante:<\/strong> n\u00famero m\u00ednimo de agentes\nbiol\u00f3gicos necess\u00e1rios para causar doen\u00e7a.<\/li><li><strong>Manipula\u00e7\u00e3o:<\/strong> pode potencializar o risco,\ncomo em procedimentos para multiplica\u00e7\u00e3o, sonica\u00e7\u00e3o, liofiliza\u00e7\u00e3o e\ncentrifuga\u00e7\u00e3o.<\/li><li><strong>Elimina\u00e7\u00e3o:<\/strong> o conhecimento das vias de\nelimina\u00e7\u00e3o do agente \u00e9 importante para a ado\u00e7\u00e3o de medidas de\ncontingenciamento.<\/li><\/ul>\n\n\n\n<p>Com base nesses crit\u00e9rios, os\nagentes biol\u00f3gicos que afetam o trabalhador podem ser divididos em quatro\ngrandes grupos:<\/p>\n\n\n\n<ul><li><strong>Classe de risco 1<\/strong> <strong>(baixo risco\nindividual e para a comunidade):<\/strong> agentes biol\u00f3gicos conhecidos por n\u00e3o\ncausarem doen\u00e7as no homem. Exemplos: <em>Lactobacillus spp.<\/em> e <em>Bacillus\nsubtilis<\/em>. <\/li><li><strong>Classe de risco 2 (moderado risco individual\ne limitado risco para a comunidade):<\/strong> agentes biol\u00f3gicos que provocam\ninfec\u00e7\u00f5es no homem, cujo potencial de propaga\u00e7\u00e3o na comunidade \u00e9 limitado. Possuem\nmedidas profil\u00e1ticas e terap\u00eauticas eficazes \u2013 como a <em>Schistosoma mansoni<\/em>\ne o v\u00edrus da rub\u00e9ola.<\/li><li><strong>Classe de risco 3 (alto risco individual e\nmoderado risco para a comunidade):<\/strong> agentes biol\u00f3gicos que possuem\ncapacidade de transmiss\u00e3o, em especial por via respirat\u00f3ria, e que causam\ndoen\u00e7as potencialmente letais em humanos, para as quais existem usualmente\nmedidas profil\u00e1ticas e terap\u00eauticas. Representam risco se disseminados na\ncomunidade, podendo se propagar de pessoa a pessoa. Exemplos: <em>Bacillus\nanthracis<\/em> e V\u00edrus da Imunodefici\u00eancia Humana (HIV).<\/li><li><strong>Classe de risco 4 (alto risco individual e\npara a comunidade):<\/strong> agentes biol\u00f3gicos com grande poder de\ntransmissibilidade, em especial por via respirat\u00f3ria, ou de transmiss\u00e3o\ndesconhecida. At\u00e9 o momento, n\u00e3o h\u00e1 nenhuma medida profil\u00e1tica ou terap\u00eautica\neficaz contra infec\u00e7\u00f5es ocasionadas por estes. Causam doen\u00e7as humanas de alta\ngravidade, com alta capacidade de dissemina\u00e7\u00e3o na comunidade. Esta classe\ninclui principalmente v\u00edrus. Exemplos: ebola e var\u00edola.<\/li><\/ul>\n\n\n\n<p>Em resumo, os riscos\nbiol\u00f3gicos podem ser divididos da seguinte forma:<\/p>\n\n\n\n<figure class=\"wp-block-image\"><img decoding=\"async\" src=\"https:\/\/www.ocupacional.com.br\/ocupacional\/wp-content\/uploads\/quadro-classificacao-riscos-biologicos.jpg\" alt=\"\" class=\"wp-image-4024\"\/><\/figure>\n\n\n\n<p>No anexo I da NR 32 h\u00e1 uma\nclassifica\u00e7\u00e3o detalhada dos agentes biol\u00f3gicos, com os respectivos riscos de\ncada um. Vale a consulta!<\/p>\n\n\n\n<h3 class=\"wp-block-heading\"><strong>Insalubridade por agentes\nbiol\u00f3gicos<\/strong><\/h3>\n\n\n\n<p>A <a rel=\"noreferrer noopener\" aria-label=\"NR-15 (abre numa nova aba)\" href=\"https:\/\/www.gov.br\/trabalho-e-previdencia\/pt-br\/composicao\/orgaos-especificos\/secretaria-de-trabalho\/inspecao\/seguranca-e-saude-no-trabalho\/ctpp-nrs\/norma-regulamentadora-no-15-nr-15\" target=\"_blank\">NR-15<\/a> (Atividades e Opera\u00e7\u00f5es Insalubres) possui um anexo exclusivo sobre os agentes biol\u00f3gicos. No <a href=\"https:\/\/www.gov.br\/trabalho-e-previdencia\/pt-br\/composicao\/orgaos-especificos\/secretaria-de-trabalho\/inspecao\/seguranca-e-saude-no-trabalho\/normas-regulamentadoras\/nr-15-anexo-14.pdf\" target=\"_blank\" rel=\"noreferrer noopener\" aria-label=\"Anexo 14 (abre numa nova aba)\">Anexo 14<\/a> \u00e9 determinado que a insalubridade \u00e9 avaliada de forma qualitativa, podendo ser de grau m\u00e1ximo (40%) ou m\u00e9dio (20%):<\/p>\n\n\n\n<h3 class=\"wp-block-heading\"><strong>Grau m\u00e1ximo<\/strong><\/h3>\n\n\n\n<ul><li>Trabalho ou opera\u00e7\u00f5es, em contato permanente\ncom:<\/li><li>Pacientes em isolamento por doen\u00e7as\ninfecto-contagiosas, bem como objetos de seu uso, n\u00e3o previamente\nesterilizados;<\/li><li>Carnes, gl\u00e2ndulas, v\u00edsceras, sangue, ossos,\ncouros, pelos e deje\u00e7\u00f5es de animais portadores de doen\u00e7as infectocontagiosas\n(carbunculose, brucelose, tuberculose);<\/li><li>Esgotos (galerias e tanques);<\/li><li>Lixo urbano (coleta e industrializa\u00e7\u00e3o). <\/li><\/ul>\n\n\n\n<h3 class=\"wp-block-heading\"><strong>Grau m\u00e9dio<\/strong><\/h3>\n\n\n\n<ul><li>Trabalhos e opera\u00e7\u00f5es em contato permanente com\npacientes, animais ou com material infecto-contagiante, em:<\/li><li>Hospitais, servi\u00e7os de emerg\u00eancia, enfermarias,\nambulat\u00f3rios, postos de vacina\u00e7\u00e3o e outros estabelecimentos destinados aos cuidados\nda sa\u00fade humana (aplica-se unicamente ao pessoal que tenha contato com os\npacientes, bem como aos que manuseiam objetos de uso desses pacientes, n\u00e3o\npreviamente esterilizados);<\/li><li>Hospitais, ambulat\u00f3rios, postos de vacina\u00e7\u00e3o e\noutros estabelecimentos destinados ao atendimento e tratamento de animais\n(aplica-se apenas ao pessoal que tenha contato com tais animais);<\/li><li>Contato em laborat\u00f3rios, com animais destinados\nao preparo de soro, vacinas e outros produtos;<\/li><li>Laborat\u00f3rios de an\u00e1lise cl\u00ednica e histopatologia\n(aplica-se t\u00e3o-s\u00f3 ao pessoal t\u00e9cnico); <\/li><li>Gabinetes de aut\u00f3psias, de anatomia e\nhistoanatomopatologia (aplica-se somente ao pessoal t\u00e9cnico);<\/li><li>Cemit\u00e9rios (exuma\u00e7\u00e3o de corpos);<\/li><li>Est\u00e1bulos e cavalari\u00e7as;<\/li><li>Res\u00edduos de animais deteriorados.<\/li><\/ul>\n\n\n\n<p><strong>Leia tamb\u00e9m:<\/strong> <a href=\"https:\/\/www.ocupacional.com.br\/ocupacional\/insalubridade-como-prevenir\/\" target=\"_blank\" rel=\"noreferrer noopener\" aria-label=\"Insalubridade \u2013 o que \u00e9 o adicional e como prevenir (abre numa nova aba)\">Insalubridade \u2013 o que \u00e9 o adicional e como prevenir<\/a><\/p>\n\n\n\n<h3 class=\"wp-block-heading\"><strong>Como prevenir?<\/strong><\/h3>\n\n\n\n<p>O primeiro passo para prevenir\na exposi\u00e7\u00e3o a agentes biol\u00f3gicos \u00e9 conhecer bem quais os riscos presentes na\natividade realizada. Dessa forma \u00e9 poss\u00edvel criar as devidas barreiras para\nevitar a propaga\u00e7\u00e3o dos v\u00edrus, bact\u00e9rias e fungos, evitando uma contamina\u00e7\u00e3o\ndos funcion\u00e1rios. Al\u00e9m disso, \u00e9 preciso fazer um controle da sa\u00fade dos\nfuncion\u00e1rios, seguindo os exames determinados na NR-7 para detectar poss\u00edveis\ndoen\u00e7as ocupacionais que tenham origem biol\u00f3gica.<\/p>\n\n\n\n<p>Al\u00e9m disso, algumas medidas\nsimples podem ajudar a controlar melhor o ambiente de trabalho e, assim,\ngarantir o bem-estar de todos:<\/p>\n\n\n\n<ul><li>Higienizar as m\u00e3os, roupas, ambientes e\nsuperf\u00edcies com frequ\u00eancia.<\/li><li>Esterilizar os objetos que ser\u00e3o utilizados;<\/li><li>Usar os EPIs corretos para a atividade\nrealizada;<\/li><li>Padronizar os procedimentos para manuseio,\nestoque, transporte e uso de objetos perfurocortantes;<\/li><li>Usar materiais descart\u00e1veis e descartas os\nres\u00edduos corretamente;<\/li><li>Garantir a correta ventila\u00e7\u00e3o do ambiente;<\/li><li>Utilizar equipamentos de conten\u00e7\u00e3o, como as\ncapelas.<\/li><li>Treinar e conscientizar os trabalhadores sobre\nos riscos presentes.<\/li><\/ul>\n\n\n\n<h3 class=\"wp-block-heading\"><strong>Vacina\u00e7\u00e3o ocupacional<\/strong><\/h3>\n\n\n\n<p>No caso dos riscos biol\u00f3gicos,\noutra forma muito eficaz de prevenir o aparecimento de doen\u00e7as ocupacionais \u00e9\ncom a vacina\u00e7\u00e3o. No Brasil h\u00e1 um ciclo de vacinas que devem ser tomadas desde a\nprimeira inf\u00e2ncia para diminuir a mortalidade infantil e melhorar a qualidade\nde vida. Mas essa necessidade de prote\u00e7\u00e3o n\u00e3o se encerra com o passar dos anos,\nsendo preciso completar o ciclo vacinal mesmo depois de adulto.<\/p>\n\n\n\n<p>A NR-32 tamb\u00e9m regulamenta\nessa quest\u00e3o dento das empresas, indicando os procedimentos obrigat\u00f3rios a\nserem seguidos para garantir a seguran\u00e7a e a sa\u00fade do trabalhador. O programa\nde imuniza\u00e7\u00e3o deve seguir o proposto pelo Programa de Controle M\u00e9dico de Sa\u00fade\nOcupacional (PCMSO), em observ\u00e2ncia aos riscos biol\u00f3gicos, do ambiente e\nindividuais da fun\u00e7\u00e3o, al\u00e9m de respeitar as vacinas indicadas no Programa\nNacional de Imuniza\u00e7\u00e3o (PNI).<\/p>\n\n\n\n<p>O <a rel=\"noreferrer noopener\" aria-label=\"calend\u00e1rio de vacina\u00e7\u00e3o (abre numa nova aba)\" href=\"https:\/\/www.ocupacional.com.br\/ocupacional\/wp-content\/uploads\/calendario-nacional.pdf\" target=\"_blank\">calend\u00e1rio de vacina\u00e7\u00e3o<\/a> proposto pela Sociedade Brasileira de Imuniza\u00e7\u00f5es (SBIm) traz todas essas informa\u00e7\u00f5es de forma detalhada. Dividido por \u00e1reas de atua\u00e7\u00e3o, ele mostra quais e quando devem ser tomadas, de acordo com a atividade realizada. Al\u00e9m disso, atualmente est\u00e1 em curso a campanha de vacina\u00e7\u00e3o contra a Covid-19, que pode ser considerada como doen\u00e7a ocupacional se provado o nexo causal entre a contamina\u00e7\u00e3o e as fun\u00e7\u00f5es desempenhadas na empresa. Veja nosso <a href=\"https:\/\/www.ocupacional.com.br\/ocupacional\/perguntas-e-respostas-cuidados-apos-a-vacina-contra-a-covid-19\/\" target=\"_blank\" rel=\"noreferrer noopener\" aria-label=\"perguntas e respostas sobre os cuidados ap\u00f3s a vacina (abre numa nova aba)\">perguntas e respostas sobre os cuidados ap\u00f3s a vacina<\/a> e garanta a dose de refor\u00e7o de todos os funcion\u00e1rios.<\/p>\n\n\n\n<p><strong>Leia tamb\u00e9m:<\/strong> <a href=\"https:\/\/www.ocupacional.com.br\/ocupacional\/recusar-a-vacina-de-covid-19-pode-gerar-demissao\/\" target=\"_blank\" rel=\"noreferrer noopener\" aria-label=\"Recusar a vacina de Covid-19 pode gerar demiss\u00e3o? (abre numa nova aba)\">Recusar a vacina de Covid-19 pode gerar demiss\u00e3o?<\/a><\/p>\n\n\n\n<h3 class=\"wp-block-heading\"><strong>Cuidados com os\nfuncion\u00e1rios<\/strong><\/h3>\n\n\n\n<p>Para que os riscos biol\u00f3gicos\nsejam minimizados, n\u00e3o adianta apenas observar a legisla\u00e7\u00e3o: \u00e9 preciso contar\ncom o apoio de quem entende do assunto. A Ocupacional possui mais de 30 anos no\nmercado de Seguran\u00e7a e Sa\u00fade do Trabalho e est\u00e1 pronta para analisar sua\nempresa e oferecer as melhores solu\u00e7\u00f5es na \u00e1rea de SST. Solicite uma proposta e\nveja como podemos te ajudar!<\/p>\n\n\n\n<figure class=\"wp-block-image\"><a href=\"https:\/\/www.ocupacional.com.br\/ocupacional\/solicite-uma-proposta\/\"><img decoding=\"async\" src=\"https:\/\/www.ocupacional.com.br\/ocupacional\/wp-content\/uploads\/ctaBlog_vamosConversar.png\" alt=\"\" class=\"wp-image-3737\"\/><\/a><\/figure>\n","protected":false},"excerpt":{"rendered":"<p>\t\t\t\t\ufeffProfissionais de sa\u00fade e da agricultura s\u00e3o os mais afetados por riscos que envolvem v\u00edrus, bact\u00e9rias e fungos.\t\t<\/p>\n","protected":false},"author":2,"featured_media":7350,"comment_status":"closed","ping_status":"open","sticky":false,"template":"","format":"standard","meta":{"_acf_changed":false,"inline_featured_image":false,"footnotes":""},"categories":[52],"tags":[],"acf":[],"yoast_head":"<!-- This site is optimized with the Yoast SEO plugin v24.5 - https:\/\/yoast.com\/wordpress\/plugins\/seo\/ -->\n<title>O que s\u00e3o os riscos biol\u00f3gicos no ambiente de trabalho? - Blog - Ocupacional<\/title>\n<meta name=\"robots\" content=\"index, follow, max-snippet:-1, max-image-preview:large, max-video-preview:-1\" \/>\n<link rel=\"canonical\" href=\"https:\/\/ocupacional.incdigital.com.br\/o-que-sao-os-riscos-biologicos-no-ambiente-de-trabalho\/\" \/>\n<meta property=\"og:locale\" content=\"pt_BR\" \/>\n<meta property=\"og:type\" content=\"article\" \/>\n<meta property=\"og:title\" content=\"O que s\u00e3o os riscos biol\u00f3gicos no ambiente de trabalho? - Blog - Ocupacional\" \/>\n<meta property=\"og:description\" content=\"\ufeffProfissionais de sa\u00fade e da agricultura s\u00e3o os mais afetados por riscos que envolvem v\u00edrus, bact\u00e9rias e fungos.\" \/>\n<meta property=\"og:url\" content=\"https:\/\/ocupacional.incdigital.com.br\/o-que-sao-os-riscos-biologicos-no-ambiente-de-trabalho\/\" \/>\n<meta property=\"og:site_name\" content=\"Ocupacional\" \/>\n<meta property=\"article:published_time\" content=\"2022-01-26T16:14:18+00:00\" \/>\n<meta property=\"og:image\" content=\"https:\/\/ocupacional.com.br\/site\/wp-content\/uploads\/2022\/01\/o-que-sao-os-riscos-biologicos-no-ambiente-de-trabalho-1.jpg\" \/>\n\t<meta property=\"og:image:width\" content=\"600\" \/>\n\t<meta property=\"og:image:height\" content=\"270\" \/>\n\t<meta property=\"og:image:type\" content=\"image\/jpeg\" \/>\n<meta name=\"author\" content=\"Ocupacional\" \/>\n<meta name=\"twitter:card\" content=\"summary_large_image\" \/>\n<meta name=\"twitter:label1\" content=\"Escrito por\" \/>\n\t<meta name=\"twitter:data1\" content=\"Ocupacional\" \/>\n\t<meta name=\"twitter:label2\" content=\"Est. tempo de leitura\" \/>\n\t<meta name=\"twitter:data2\" content=\"9 minutos\" \/>\n<script type=\"application\/ld+json\" class=\"yoast-schema-graph\">{\"@context\":\"https:\/\/schema.org\",\"@graph\":[{\"@type\":\"Article\",\"@id\":\"https:\/\/ocupacional.incdigital.com.br\/o-que-sao-os-riscos-biologicos-no-ambiente-de-trabalho\/#article\",\"isPartOf\":{\"@id\":\"https:\/\/ocupacional.incdigital.com.br\/o-que-sao-os-riscos-biologicos-no-ambiente-de-trabalho\/\"},\"author\":{\"name\":\"Ocupacional\",\"@id\":\"https:\/\/ocupacional.com.br\/site\/#\/schema\/person\/9614e9b9e3c9ec0ba39804d95b2691b7\"},\"headline\":\"O que s\u00e3o os riscos biol\u00f3gicos no ambiente de trabalho?\",\"datePublished\":\"2022-01-26T16:14:18+00:00\",\"mainEntityOfPage\":{\"@id\":\"https:\/\/ocupacional.incdigital.com.br\/o-que-sao-os-riscos-biologicos-no-ambiente-de-trabalho\/\"},\"wordCount\":1791,\"publisher\":{\"@id\":\"https:\/\/ocupacional.com.br\/site\/#organization\"},\"image\":{\"@id\":\"https:\/\/ocupacional.incdigital.com.br\/o-que-sao-os-riscos-biologicos-no-ambiente-de-trabalho\/#primaryimage\"},\"thumbnailUrl\":\"https:\/\/ocupacional.com.br\/site\/wp-content\/uploads\/2022\/01\/o-que-sao-os-riscos-biologicos-no-ambiente-de-trabalho-1.jpg\",\"articleSection\":[\"Sa\u00fade Ocupacional\"],\"inLanguage\":\"pt-BR\"},{\"@type\":\"WebPage\",\"@id\":\"https:\/\/ocupacional.incdigital.com.br\/o-que-sao-os-riscos-biologicos-no-ambiente-de-trabalho\/\",\"url\":\"https:\/\/ocupacional.incdigital.com.br\/o-que-sao-os-riscos-biologicos-no-ambiente-de-trabalho\/\",\"name\":\"O que s\u00e3o os riscos biol\u00f3gicos no ambiente de trabalho? - Blog - Ocupacional\",\"isPartOf\":{\"@id\":\"https:\/\/ocupacional.com.br\/site\/#website\"},\"primaryImageOfPage\":{\"@id\":\"https:\/\/ocupacional.incdigital.com.br\/o-que-sao-os-riscos-biologicos-no-ambiente-de-trabalho\/#primaryimage\"},\"image\":{\"@id\":\"https:\/\/ocupacional.incdigital.com.br\/o-que-sao-os-riscos-biologicos-no-ambiente-de-trabalho\/#primaryimage\"},\"thumbnailUrl\":\"https:\/\/ocupacional.com.br\/site\/wp-content\/uploads\/2022\/01\/o-que-sao-os-riscos-biologicos-no-ambiente-de-trabalho-1.jpg\",\"datePublished\":\"2022-01-26T16:14:18+00:00\",\"breadcrumb\":{\"@id\":\"https:\/\/ocupacional.incdigital.com.br\/o-que-sao-os-riscos-biologicos-no-ambiente-de-trabalho\/#breadcrumb\"},\"inLanguage\":\"pt-BR\",\"potentialAction\":[{\"@type\":\"ReadAction\",\"target\":[\"https:\/\/ocupacional.incdigital.com.br\/o-que-sao-os-riscos-biologicos-no-ambiente-de-trabalho\/\"]}]},{\"@type\":\"ImageObject\",\"inLanguage\":\"pt-BR\",\"@id\":\"https:\/\/ocupacional.incdigital.com.br\/o-que-sao-os-riscos-biologicos-no-ambiente-de-trabalho\/#primaryimage\",\"url\":\"https:\/\/ocupacional.com.br\/site\/wp-content\/uploads\/2022\/01\/o-que-sao-os-riscos-biologicos-no-ambiente-de-trabalho-1.jpg\",\"contentUrl\":\"https:\/\/ocupacional.com.br\/site\/wp-content\/uploads\/2022\/01\/o-que-sao-os-riscos-biologicos-no-ambiente-de-trabalho-1.jpg\",\"width\":600,\"height\":270},{\"@type\":\"BreadcrumbList\",\"@id\":\"https:\/\/ocupacional.incdigital.com.br\/o-que-sao-os-riscos-biologicos-no-ambiente-de-trabalho\/#breadcrumb\",\"itemListElement\":[{\"@type\":\"ListItem\",\"position\":1,\"name\":\"In\u00edcio\",\"item\":\"https:\/\/ocupacional.incdigital.com.br\/\"},{\"@type\":\"ListItem\",\"position\":2,\"name\":\"O que s\u00e3o os riscos biol\u00f3gicos no ambiente de trabalho?\"}]},{\"@type\":\"WebSite\",\"@id\":\"https:\/\/ocupacional.com.br\/site\/#website\",\"url\":\"https:\/\/ocupacional.com.br\/site\/\",\"name\":\"Ocupacional\",\"description\":\"As obriga\u00e7\u00f5es de sa\u00fade e seguran\u00e7a do trabalho\\u2028da sua empresa sob total controle\",\"publisher\":{\"@id\":\"https:\/\/ocupacional.com.br\/site\/#organization\"},\"potentialAction\":[{\"@type\":\"SearchAction\",\"target\":{\"@type\":\"EntryPoint\",\"urlTemplate\":\"https:\/\/ocupacional.com.br\/site\/?s={search_term_string}\"},\"query-input\":{\"@type\":\"PropertyValueSpecification\",\"valueRequired\":true,\"valueName\":\"search_term_string\"}}],\"inLanguage\":\"pt-BR\"},{\"@type\":\"Organization\",\"@id\":\"https:\/\/ocupacional.com.br\/site\/#organization\",\"name\":\"Ocupacional\",\"url\":\"https:\/\/ocupacional.com.br\/site\/\",\"logo\":{\"@type\":\"ImageObject\",\"inLanguage\":\"pt-BR\",\"@id\":\"https:\/\/ocupacional.com.br\/site\/#\/schema\/logo\/image\/\",\"url\":\"https:\/\/ocupacional.com.br\/site\/wp-content\/uploads\/2021\/01\/logoocp-8.png\",\"contentUrl\":\"https:\/\/ocupacional.com.br\/site\/wp-content\/uploads\/2021\/01\/logoocp-8.png\",\"width\":704,\"height\":109,\"caption\":\"Ocupacional\"},\"image\":{\"@id\":\"https:\/\/ocupacional.com.br\/site\/#\/schema\/logo\/image\/\"}},{\"@type\":\"Person\",\"@id\":\"https:\/\/ocupacional.com.br\/site\/#\/schema\/person\/9614e9b9e3c9ec0ba39804d95b2691b7\",\"name\":\"Ocupacional\",\"image\":{\"@type\":\"ImageObject\",\"inLanguage\":\"pt-BR\",\"@id\":\"https:\/\/ocupacional.com.br\/site\/#\/schema\/person\/image\/\",\"url\":\"https:\/\/secure.gravatar.com\/avatar\/f703cebaf51466d6b9274b776e57c489?s=96&d=blank&r=g\",\"contentUrl\":\"https:\/\/secure.gravatar.com\/avatar\/f703cebaf51466d6b9274b776e57c489?s=96&d=blank&r=g\",\"caption\":\"Ocupacional\"},\"url\":\"https:\/\/ocupacional.com.br\/site\/author\/ocupacional\/\"}]}<\/script>\n<!-- \/ Yoast SEO plugin. -->","yoast_head_json":{"title":"O que s\u00e3o os riscos biol\u00f3gicos no ambiente de trabalho? - Blog - Ocupacional","robots":{"index":"index","follow":"follow","max-snippet":"max-snippet:-1","max-image-preview":"max-image-preview:large","max-video-preview":"max-video-preview:-1"},"canonical":"https:\/\/ocupacional.incdigital.com.br\/o-que-sao-os-riscos-biologicos-no-ambiente-de-trabalho\/","og_locale":"pt_BR","og_type":"article","og_title":"O que s\u00e3o os riscos biol\u00f3gicos no ambiente de trabalho? - Blog - Ocupacional","og_description":"\ufeffProfissionais de sa\u00fade e da agricultura s\u00e3o os mais afetados por riscos que envolvem v\u00edrus, bact\u00e9rias e fungos.","og_url":"https:\/\/ocupacional.incdigital.com.br\/o-que-sao-os-riscos-biologicos-no-ambiente-de-trabalho\/","og_site_name":"Ocupacional","article_published_time":"2022-01-26T16:14:18+00:00","og_image":[{"width":600,"height":270,"url":"https:\/\/ocupacional.com.br\/site\/wp-content\/uploads\/2022\/01\/o-que-sao-os-riscos-biologicos-no-ambiente-de-trabalho-1.jpg","type":"image\/jpeg"}],"author":"Ocupacional","twitter_card":"summary_large_image","twitter_misc":{"Escrito por":"Ocupacional","Est. tempo de leitura":"9 minutos"},"schema":{"@context":"https:\/\/schema.org","@graph":[{"@type":"Article","@id":"https:\/\/ocupacional.incdigital.com.br\/o-que-sao-os-riscos-biologicos-no-ambiente-de-trabalho\/#article","isPartOf":{"@id":"https:\/\/ocupacional.incdigital.com.br\/o-que-sao-os-riscos-biologicos-no-ambiente-de-trabalho\/"},"author":{"name":"Ocupacional","@id":"https:\/\/ocupacional.com.br\/site\/#\/schema\/person\/9614e9b9e3c9ec0ba39804d95b2691b7"},"headline":"O que s\u00e3o os riscos biol\u00f3gicos no ambiente de trabalho?","datePublished":"2022-01-26T16:14:18+00:00","mainEntityOfPage":{"@id":"https:\/\/ocupacional.incdigital.com.br\/o-que-sao-os-riscos-biologicos-no-ambiente-de-trabalho\/"},"wordCount":1791,"publisher":{"@id":"https:\/\/ocupacional.com.br\/site\/#organization"},"image":{"@id":"https:\/\/ocupacional.incdigital.com.br\/o-que-sao-os-riscos-biologicos-no-ambiente-de-trabalho\/#primaryimage"},"thumbnailUrl":"https:\/\/ocupacional.com.br\/site\/wp-content\/uploads\/2022\/01\/o-que-sao-os-riscos-biologicos-no-ambiente-de-trabalho-1.jpg","articleSection":["Sa\u00fade Ocupacional"],"inLanguage":"pt-BR"},{"@type":"WebPage","@id":"https:\/\/ocupacional.incdigital.com.br\/o-que-sao-os-riscos-biologicos-no-ambiente-de-trabalho\/","url":"https:\/\/ocupacional.incdigital.com.br\/o-que-sao-os-riscos-biologicos-no-ambiente-de-trabalho\/","name":"O que s\u00e3o os riscos biol\u00f3gicos no ambiente de trabalho? - Blog - Ocupacional","isPartOf":{"@id":"https:\/\/ocupacional.com.br\/site\/#website"},"primaryImageOfPage":{"@id":"https:\/\/ocupacional.incdigital.com.br\/o-que-sao-os-riscos-biologicos-no-ambiente-de-trabalho\/#primaryimage"},"image":{"@id":"https:\/\/ocupacional.incdigital.com.br\/o-que-sao-os-riscos-biologicos-no-ambiente-de-trabalho\/#primaryimage"},"thumbnailUrl":"https:\/\/ocupacional.com.br\/site\/wp-content\/uploads\/2022\/01\/o-que-sao-os-riscos-biologicos-no-ambiente-de-trabalho-1.jpg","datePublished":"2022-01-26T16:14:18+00:00","breadcrumb":{"@id":"https:\/\/ocupacional.incdigital.com.br\/o-que-sao-os-riscos-biologicos-no-ambiente-de-trabalho\/#breadcrumb"},"inLanguage":"pt-BR","potentialAction":[{"@type":"ReadAction","target":["https:\/\/ocupacional.incdigital.com.br\/o-que-sao-os-riscos-biologicos-no-ambiente-de-trabalho\/"]}]},{"@type":"ImageObject","inLanguage":"pt-BR","@id":"https:\/\/ocupacional.incdigital.com.br\/o-que-sao-os-riscos-biologicos-no-ambiente-de-trabalho\/#primaryimage","url":"https:\/\/ocupacional.com.br\/site\/wp-content\/uploads\/2022\/01\/o-que-sao-os-riscos-biologicos-no-ambiente-de-trabalho-1.jpg","contentUrl":"https:\/\/ocupacional.com.br\/site\/wp-content\/uploads\/2022\/01\/o-que-sao-os-riscos-biologicos-no-ambiente-de-trabalho-1.jpg","width":600,"height":270},{"@type":"BreadcrumbList","@id":"https:\/\/ocupacional.incdigital.com.br\/o-que-sao-os-riscos-biologicos-no-ambiente-de-trabalho\/#breadcrumb","itemListElement":[{"@type":"ListItem","position":1,"name":"In\u00edcio","item":"https:\/\/ocupacional.incdigital.com.br\/"},{"@type":"ListItem","position":2,"name":"O que s\u00e3o os riscos biol\u00f3gicos no ambiente de trabalho?"}]},{"@type":"WebSite","@id":"https:\/\/ocupacional.com.br\/site\/#website","url":"https:\/\/ocupacional.com.br\/site\/","name":"Ocupacional","description":"As obriga\u00e7\u00f5es de sa\u00fade e seguran\u00e7a do trabalho\u2028da sua empresa sob total controle","publisher":{"@id":"https:\/\/ocupacional.com.br\/site\/#organization"},"potentialAction":[{"@type":"SearchAction","target":{"@type":"EntryPoint","urlTemplate":"https:\/\/ocupacional.com.br\/site\/?s={search_term_string}"},"query-input":{"@type":"PropertyValueSpecification","valueRequired":true,"valueName":"search_term_string"}}],"inLanguage":"pt-BR"},{"@type":"Organization","@id":"https:\/\/ocupacional.com.br\/site\/#organization","name":"Ocupacional","url":"https:\/\/ocupacional.com.br\/site\/","logo":{"@type":"ImageObject","inLanguage":"pt-BR","@id":"https:\/\/ocupacional.com.br\/site\/#\/schema\/logo\/image\/","url":"https:\/\/ocupacional.com.br\/site\/wp-content\/uploads\/2021\/01\/logoocp-8.png","contentUrl":"https:\/\/ocupacional.com.br\/site\/wp-content\/uploads\/2021\/01\/logoocp-8.png","width":704,"height":109,"caption":"Ocupacional"},"image":{"@id":"https:\/\/ocupacional.com.br\/site\/#\/schema\/logo\/image\/"}},{"@type":"Person","@id":"https:\/\/ocupacional.com.br\/site\/#\/schema\/person\/9614e9b9e3c9ec0ba39804d95b2691b7","name":"Ocupacional","image":{"@type":"ImageObject","inLanguage":"pt-BR","@id":"https:\/\/ocupacional.com.br\/site\/#\/schema\/person\/image\/","url":"https:\/\/secure.gravatar.com\/avatar\/f703cebaf51466d6b9274b776e57c489?s=96&d=blank&r=g","contentUrl":"https:\/\/secure.gravatar.com\/avatar\/f703cebaf51466d6b9274b776e57c489?s=96&d=blank&r=g","caption":"Ocupacional"},"url":"https:\/\/ocupacional.com.br\/site\/author\/ocupacional\/"}]}},"_links":{"self":[{"href":"https:\/\/ocupacional.com.br\/site\/wp-json\/wp\/v2\/posts\/4023"}],"collection":[{"href":"https:\/\/ocupacional.com.br\/site\/wp-json\/wp\/v2\/posts"}],"about":[{"href":"https:\/\/ocupacional.com.br\/site\/wp-json\/wp\/v2\/types\/post"}],"author":[{"embeddable":true,"href":"https:\/\/ocupacional.com.br\/site\/wp-json\/wp\/v2\/users\/2"}],"replies":[{"embeddable":true,"href":"https:\/\/ocupacional.com.br\/site\/wp-json\/wp\/v2\/comments?post=4023"}],"version-history":[{"count":0,"href":"https:\/\/ocupacional.com.br\/site\/wp-json\/wp\/v2\/posts\/4023\/revisions"}],"wp:featuredmedia":[{"embeddable":true,"href":"https:\/\/ocupacional.com.br\/site\/wp-json\/wp\/v2\/media\/7350"}],"wp:attachment":[{"href":"https:\/\/ocupacional.com.br\/site\/wp-json\/wp\/v2\/media?parent=4023"}],"wp:term":[{"taxonomy":"category","embeddable":true,"href":"https:\/\/ocupacional.com.br\/site\/wp-json\/wp\/v2\/categories?post=4023"},{"taxonomy":"post_tag","embeddable":true,"href":"https:\/\/ocupacional.com.br\/site\/wp-json\/wp\/v2\/tags?post=4023"}],"curies":[{"name":"wp","href":"https:\/\/api.w.org\/{rel}","templated":true}]}}