{"id":3814,"date":"2021-04-16T14:12:47","date_gmt":"2021-04-16T14:12:47","guid":{"rendered":"https:\/\/www.ocupacional.com.br\/ocupacional\/?p=3814"},"modified":"2021-04-16T14:12:47","modified_gmt":"2021-04-16T14:12:47","slug":"perguntas-e-respostas-cuidados-apos-a-vacina-contra-a-covid-19","status":"publish","type":"post","link":"https:\/\/ocupacional.com.br\/site\/perguntas-e-respostas-cuidados-apos-a-vacina-contra-a-covid-19\/","title":{"rendered":"Perguntas e respostas: cuidados ap\u00f3s a vacina contra a Covid-19"},"content":{"rendered":"\n<p><em>Com o programa de vacina\u00e7\u00e3o\navan\u00e7ando pelo pa\u00eds, as empresas ainda devem ficar atentas aos cuidados que\ndevem ser seguidos por todos os funcion\u00e1rios.<\/em><\/p>\n\n\n\n<p>Com a expans\u00e3o do Programa de\nImuniza\u00e7\u00e3o Nacional contra a Covid-19, mais pessoas t\u00eam sido imunizadas no\npa\u00eds. Para atingir uma maior seguran\u00e7a em todo o territ\u00f3rio nacional, por\u00e9m, \u00e9\npreciso entender como as vacinas funcionam e, principalmente, o que deve ser\nfeito ap\u00f3s a imuniza\u00e7\u00e3o. Para os programas de Seguran\u00e7a e Sa\u00fade do Trabalho das\nempresas, entender esses detalhes ser\u00e1 essencial para garantir o bem-estar dos\nempregados.<\/p>\n\n\n\n<p>De modo geral, at\u00e9 que se atinja a chamada imunidade de rebanho, ser\u00e1 preciso manter todos os protocolos de seguran\u00e7a vigentes atualmente, pois ainda h\u00e1 riscos. Para explicar melhor como isso funciona, separamos as perguntas mais comuns sobre o tema, com as explica\u00e7\u00f5es dos \u00f3rg\u00e3os de sa\u00fade mais recentes.<\/p>\n\n\n\n<h3 class=\"wp-block-heading\"><strong>1. Quem teve Covid-19 pode se vacinar?<\/strong><\/h3>\n\n\n\n<p>De acordo com a Sociedade Brasileira de Imuniza\u00e7\u00f5es (SBIM), a prote\u00e7\u00e3o concedida pela doen\u00e7a, tamb\u00e9m chamada de imunidade natural, pode variar de pessoa para pessoa. Por se tratar de um v\u00edrus novo, n\u00e3o h\u00e1 evid\u00eancias conclusivas at\u00e9 o momento. Como h\u00e1 possibilidade de reinfec\u00e7\u00e3o, a vacina\u00e7\u00e3o \u00e9 recomendada independentemente do hist\u00f3rico m\u00e9dico. Para vacinar, por\u00e9m, \u00e9 preciso aguardar um completo reestabelecimento e um m\u00ednimo de quatro semanas ap\u00f3s o in\u00edcio dos sintomas ou do primeiro resultado positivo no exame de RT-PCR.<\/p>\n\n\n\n<h3 class=\"wp-block-heading\"><strong>2. O que significa a porcentagem de efic\u00e1cia das vacinas?<\/strong><\/h3>\n\n\n\n<p>A porcentagem de efic\u00e1cia de\ncada vacina corresponde \u00e0 capacidade que ela possui em prevenir determinada\ndoen\u00e7a. A Coronavac, por exemplo, possui 50,4% de efic\u00e1cia geral \u2013 levando em\nconsidera\u00e7\u00e3o todos os n\u00edveis de gravidade da doen\u00e7a. Isso significa que uma\npessoa que tenha tomado as duas doses tem 50,4% menos risco de se infectar do\nque algu\u00e9m que ainda n\u00e3o tenha se vacinado.<\/p>\n\n\n\n<p>Ou seja, isso n\u00e3o significa que algu\u00e9m vacinado tenha 49,6% de se contaminar com o v\u00edrus. Essa \u00e9 uma compara\u00e7\u00e3o com quem n\u00e3o foi vacinado, que n\u00e3o leva em considera\u00e7\u00e3o as imunidades naturais e outros fatores que diminuam a contamina\u00e7\u00e3o. A mesma coisa ocorre com a vacina da Pfizer\/BioNTech, que possui 95% de efic\u00e1cia. S\u00e3o valores obtidos ap\u00f3s rigorosos estudos cl\u00ednicos, com regras internacionais e respeitadas nos meios cient\u00edficos.<\/p>\n\n\n\n<h3 class=\"wp-block-heading\"><strong>3. Quem tomou a vacina pode pegar ou transmitir a Covid-19?<\/strong><\/h3>\n\n\n\n<p>Como a efic\u00e1cia da vacina n\u00e3o \u00e9 de 100%, quem foi imunizado ainda corre risco de contrair a doen\u00e7a. A boa not\u00edcia \u00e9 que a efic\u00e1cia para casos que necessitam de interna\u00e7\u00e3o e at\u00e9 mesmo para casos de m\u00e9dia gravidade \u00e9 alt\u00edssima. Dessa forma, quem tomar as duas doses recomendadas tem grande probabilidade de apresentar apenas os sintomas leves da Covid ou nem apresentar os sintomas. Por\u00e9m a pessoa ainda pode transmiti-la, embora a carga viral presente no corpo seja muito menor.<\/p>\n\n\n\n<h3 class=\"wp-block-heading\"><strong>4. Quanto tempo demora at\u00e9 a vacina fazer efeito?<\/strong><\/h3>\n\n\n\n<p>Como as vacinas desencadeiam uma resposta de defesa no organismo, esse processo precisa ficar gravado no sistema imunol\u00f3gico para barrar novas entradas dos v\u00edrus nas c\u00e9lulas. Isso leva um tempo, que varia de acordo com o tipo de imunizante, a faixa et\u00e1ria e outros aspectos individuais. No caso da Coronavac, por exemplo, estudos produzidos pelo Butantan indicam que o aprendizado do sistema imunol\u00f3gico pode se estender at\u00e9 duas semanas ap\u00f3s a aplica\u00e7\u00e3o da segunda dose.<\/p>\n\n\n\n<h3 class=\"wp-block-heading\"><strong>5. Por quanto tempo a vacina funciona?<\/strong><\/h3>\n\n\n\n<p>Ainda n\u00e3o h\u00e1 um estudo preciso sobre esse assunto, pois a vacina\u00e7\u00e3o em massa come\u00e7ou a ser realizada h\u00e1 poucos meses. \u00c9 preciso aguardar os resultados desse primeiro grupo para que haja uma resposta definitiva sobre o tema, mas, por enquanto, n\u00e3o h\u00e1 recomenda\u00e7\u00e3o para refor\u00e7o na vacina\u00e7\u00e3o ap\u00f3s um per\u00edodo espec\u00edfico \u2013 como ocorre com a gripe, por exemplo.<\/p>\n\n\n\n<h3 class=\"wp-block-heading\"><strong>6. Podemos parar de usar m\u00e1scaras ap\u00f3s a vacina\u00e7\u00e3o?<\/strong><\/h3>\n\n\n\n<p>Nenhuma vacina produzida no\nmundo garante imunidade total ao organismo e, por isso, o v\u00edrus pode continuar\ncontaminando at\u00e9 mesmo quem est\u00e1 imunizado. Como o \u00edndice de vacina\u00e7\u00e3o no\nBrasil ainda \u00e9 baixo, a chance de quem tomou a vacina encontrar o v\u00edrus,\ndesenvolver a doen\u00e7a e transmiti-la a quem ainda n\u00e3o foi protegido \u00e9 alta. Por\nisso, mesmo quem tomou as duas doses recomendadas ainda deve seguir todos os\nprotocolos de seguran\u00e7a: distanciamento social, m\u00e1scaras e higieniza\u00e7\u00e3o das\nm\u00e3os.<\/p>\n\n\n\n<p>\u201cS\u00f3 poderemos deixar esses costumes para tr\u00e1s quando houver uma conten\u00e7\u00e3o de casos, que \u00e9 atingida pela imunidade de rebanho \u2014 que, por sua vez, s\u00f3 \u00e9 alcan\u00e7ada por meio da vacina. Isso ainda vai demorar um pouco. A m\u00e1scara previne n\u00e3o s\u00f3 contra Covid-19, mas contra outras doen\u00e7as respirat\u00f3rias. \u00c9 algo que chegou para ficar, que vai ser incorporado \u00e0 nossa cultura\u201d, diz Joana Darc Gon\u00e7alves, infectologista do Hospital Regional da Asa Norte (Hran), de Bras\u00edlia, em <a href=\"https:\/\/www.correiobraziliense.com.br\/cidades-df\/2021\/02\/4908523-veja-os-cuidados-apos-tomar-a-segunda-dose-da-vacina-contra-covid-19.html\" target=\"_blank\" rel=\"noreferrer noopener\" aria-label=\"entrevista para o Correio Braziliense (abre numa nova aba)\">entrevista para o Correio Braziliense<\/a>.<\/p>\n\n\n\n<h3 class=\"wp-block-heading\"><strong>7. Pode tomar outra vacina junto com a Covid, como a da gripe?<\/strong><\/h3>\n\n\n\n<p>N\u00e3o. A recomenda\u00e7\u00e3o atual \u00e9\nrespeitar um intervalo m\u00ednimo de 14 dias (antes e depois) para administra\u00e7\u00e3o\ndas vacinas. Se isso ocorrer por engano, a secretaria de sa\u00fade do munic\u00edpio\ndeve ser comunicada, pois se trata de um erro do sistema que precisa ser\nmonitorado. Isso pode ser alterado caso dados futuros demonstrem outras\nindica\u00e7\u00f5es de seguran\u00e7a.<\/p>\n\n\n\n<h3 class=\"wp-block-heading\"><strong>Imuniza\u00e7\u00e3o garantida<\/strong><\/h3>\n\n\n\n<p>Para mais informa\u00e7\u00f5es sobre o assunto, consulte o <a href=\"https:\/\/sbim.org.br\/covid-19\/1456-perguntas-e-respostas\" target=\"_blank\" rel=\"noreferrer noopener\" aria-label=\"perguntas e respostas produzido pela SBIM (abre numa nova aba)\">perguntas e respostas produzido pela SBIM<\/a>, que possui quest\u00f5es extras a respeito do per\u00edodo anterior \u00e0 vacina, da efic\u00e1cia e dos grupos de risco. Como as recomenda\u00e7\u00f5es podem mudar a qualquer momento em decorr\u00eancia de novos estudos, a recomenda\u00e7\u00e3o \u00e9 sempre buscar os \u00f3rg\u00e3os oficiais de sa\u00fade para se informar. Evite desinforma\u00e7\u00e3o!<\/p>\n\n\n\n<p>Para entender como prevenir a\nCovid-19 na sua empresa, entre em contato com a gente pelo bot\u00e3o abaixo.<\/p>\n\n\n\n<figure class=\"wp-block-image\"><a href=\"https:\/\/www.ocupacional.com.br\/ocupacional\/solicite-uma-proposta\/\"><img decoding=\"async\" src=\"https:\/\/www.ocupacional.com.br\/ocupacional\/wp-content\/uploads\/ctaBlog_vamosConversar.png\" alt=\"\" class=\"wp-image-3737\"\/><\/a><\/figure>\n","protected":false},"excerpt":{"rendered":"<p>\t\t\t\tCom o programa de vacina\u00e7\u00e3o avan\u00e7ando pelo pa\u00eds, as empresas ainda devem ficar atentas aos cuidados que devem ser seguidos por todos os funcion\u00e1rios.\t\t<\/p>\n","protected":false},"author":2,"featured_media":7423,"comment_status":"closed","ping_status":"open","sticky":false,"template":"","format":"standard","meta":{"_acf_changed":false,"inline_featured_image":false,"footnotes":""},"categories":[44],"tags":[],"acf":[],"yoast_head":"<!-- This site is optimized with the Yoast SEO plugin v24.5 - https:\/\/yoast.com\/wordpress\/plugins\/seo\/ -->\n<title>Perguntas e respostas: cuidados ap\u00f3s a vacina contra a Covid-19 - Blog - Ocupacional<\/title>\n<meta name=\"robots\" content=\"index, follow, max-snippet:-1, max-image-preview:large, max-video-preview:-1\" \/>\n<link rel=\"canonical\" href=\"https:\/\/ocupacional.incdigital.com.br\/perguntas-e-respostas-cuidados-apos-a-vacina-contra-a-covid-19\/\" \/>\n<meta property=\"og:locale\" content=\"pt_BR\" \/>\n<meta property=\"og:type\" content=\"article\" \/>\n<meta property=\"og:title\" content=\"Perguntas e respostas: cuidados ap\u00f3s a vacina contra a Covid-19 - Blog - Ocupacional\" \/>\n<meta property=\"og:description\" content=\"Com o programa de vacina\u00e7\u00e3o avan\u00e7ando pelo pa\u00eds, as empresas ainda devem ficar atentas aos cuidados que devem ser seguidos por todos os funcion\u00e1rios.\" \/>\n<meta property=\"og:url\" content=\"https:\/\/ocupacional.incdigital.com.br\/perguntas-e-respostas-cuidados-apos-a-vacina-contra-a-covid-19\/\" \/>\n<meta property=\"og:site_name\" content=\"Ocupacional\" \/>\n<meta property=\"article:published_time\" content=\"2021-04-16T14:12:47+00:00\" \/>\n<meta property=\"og:image\" content=\"https:\/\/ocupacional.com.br\/site\/wp-content\/uploads\/2021\/04\/cuidados-apos-a-vacina-contra-a-covid-19-1.jpg\" \/>\n\t<meta property=\"og:image:width\" content=\"600\" \/>\n\t<meta property=\"og:image:height\" content=\"270\" \/>\n\t<meta property=\"og:image:type\" content=\"image\/jpeg\" \/>\n<meta name=\"author\" content=\"Ocupacional\" \/>\n<meta name=\"twitter:card\" content=\"summary_large_image\" \/>\n<meta name=\"twitter:label1\" content=\"Escrito por\" \/>\n\t<meta name=\"twitter:data1\" content=\"Ocupacional\" \/>\n\t<meta name=\"twitter:label2\" content=\"Est. tempo de leitura\" \/>\n\t<meta name=\"twitter:data2\" content=\"5 minutos\" \/>\n<script type=\"application\/ld+json\" class=\"yoast-schema-graph\">{\"@context\":\"https:\/\/schema.org\",\"@graph\":[{\"@type\":\"Article\",\"@id\":\"https:\/\/ocupacional.incdigital.com.br\/perguntas-e-respostas-cuidados-apos-a-vacina-contra-a-covid-19\/#article\",\"isPartOf\":{\"@id\":\"https:\/\/ocupacional.incdigital.com.br\/perguntas-e-respostas-cuidados-apos-a-vacina-contra-a-covid-19\/\"},\"author\":{\"name\":\"Ocupacional\",\"@id\":\"https:\/\/ocupacional.com.br\/site\/#\/schema\/person\/9614e9b9e3c9ec0ba39804d95b2691b7\"},\"headline\":\"Perguntas e respostas: cuidados ap\u00f3s a vacina contra a Covid-19\",\"datePublished\":\"2021-04-16T14:12:47+00:00\",\"mainEntityOfPage\":{\"@id\":\"https:\/\/ocupacional.incdigital.com.br\/perguntas-e-respostas-cuidados-apos-a-vacina-contra-a-covid-19\/\"},\"wordCount\":1039,\"publisher\":{\"@id\":\"https:\/\/ocupacional.com.br\/site\/#organization\"},\"image\":{\"@id\":\"https:\/\/ocupacional.incdigital.com.br\/perguntas-e-respostas-cuidados-apos-a-vacina-contra-a-covid-19\/#primaryimage\"},\"thumbnailUrl\":\"https:\/\/ocupacional.com.br\/site\/wp-content\/uploads\/2021\/04\/cuidados-apos-a-vacina-contra-a-covid-19-1.jpg\",\"articleSection\":[\"Sa\u00fade e Qualidade de Vida\"],\"inLanguage\":\"pt-BR\"},{\"@type\":\"WebPage\",\"@id\":\"https:\/\/ocupacional.incdigital.com.br\/perguntas-e-respostas-cuidados-apos-a-vacina-contra-a-covid-19\/\",\"url\":\"https:\/\/ocupacional.incdigital.com.br\/perguntas-e-respostas-cuidados-apos-a-vacina-contra-a-covid-19\/\",\"name\":\"Perguntas e respostas: cuidados ap\u00f3s a vacina contra a Covid-19 - Blog - Ocupacional\",\"isPartOf\":{\"@id\":\"https:\/\/ocupacional.com.br\/site\/#website\"},\"primaryImageOfPage\":{\"@id\":\"https:\/\/ocupacional.incdigital.com.br\/perguntas-e-respostas-cuidados-apos-a-vacina-contra-a-covid-19\/#primaryimage\"},\"image\":{\"@id\":\"https:\/\/ocupacional.incdigital.com.br\/perguntas-e-respostas-cuidados-apos-a-vacina-contra-a-covid-19\/#primaryimage\"},\"thumbnailUrl\":\"https:\/\/ocupacional.com.br\/site\/wp-content\/uploads\/2021\/04\/cuidados-apos-a-vacina-contra-a-covid-19-1.jpg\",\"datePublished\":\"2021-04-16T14:12:47+00:00\",\"breadcrumb\":{\"@id\":\"https:\/\/ocupacional.incdigital.com.br\/perguntas-e-respostas-cuidados-apos-a-vacina-contra-a-covid-19\/#breadcrumb\"},\"inLanguage\":\"pt-BR\",\"potentialAction\":[{\"@type\":\"ReadAction\",\"target\":[\"https:\/\/ocupacional.incdigital.com.br\/perguntas-e-respostas-cuidados-apos-a-vacina-contra-a-covid-19\/\"]}]},{\"@type\":\"ImageObject\",\"inLanguage\":\"pt-BR\",\"@id\":\"https:\/\/ocupacional.incdigital.com.br\/perguntas-e-respostas-cuidados-apos-a-vacina-contra-a-covid-19\/#primaryimage\",\"url\":\"https:\/\/ocupacional.com.br\/site\/wp-content\/uploads\/2021\/04\/cuidados-apos-a-vacina-contra-a-covid-19-1.jpg\",\"contentUrl\":\"https:\/\/ocupacional.com.br\/site\/wp-content\/uploads\/2021\/04\/cuidados-apos-a-vacina-contra-a-covid-19-1.jpg\",\"width\":600,\"height\":270},{\"@type\":\"BreadcrumbList\",\"@id\":\"https:\/\/ocupacional.incdigital.com.br\/perguntas-e-respostas-cuidados-apos-a-vacina-contra-a-covid-19\/#breadcrumb\",\"itemListElement\":[{\"@type\":\"ListItem\",\"position\":1,\"name\":\"In\u00edcio\",\"item\":\"https:\/\/ocupacional.incdigital.com.br\/\"},{\"@type\":\"ListItem\",\"position\":2,\"name\":\"Perguntas e respostas: cuidados ap\u00f3s a vacina contra a Covid-19\"}]},{\"@type\":\"WebSite\",\"@id\":\"https:\/\/ocupacional.com.br\/site\/#website\",\"url\":\"https:\/\/ocupacional.com.br\/site\/\",\"name\":\"Ocupacional\",\"description\":\"As obriga\u00e7\u00f5es de sa\u00fade e seguran\u00e7a do trabalho\\u2028da sua empresa sob total controle\",\"publisher\":{\"@id\":\"https:\/\/ocupacional.com.br\/site\/#organization\"},\"potentialAction\":[{\"@type\":\"SearchAction\",\"target\":{\"@type\":\"EntryPoint\",\"urlTemplate\":\"https:\/\/ocupacional.com.br\/site\/?s={search_term_string}\"},\"query-input\":{\"@type\":\"PropertyValueSpecification\",\"valueRequired\":true,\"valueName\":\"search_term_string\"}}],\"inLanguage\":\"pt-BR\"},{\"@type\":\"Organization\",\"@id\":\"https:\/\/ocupacional.com.br\/site\/#organization\",\"name\":\"Ocupacional\",\"url\":\"https:\/\/ocupacional.com.br\/site\/\",\"logo\":{\"@type\":\"ImageObject\",\"inLanguage\":\"pt-BR\",\"@id\":\"https:\/\/ocupacional.com.br\/site\/#\/schema\/logo\/image\/\",\"url\":\"https:\/\/ocupacional.com.br\/site\/wp-content\/uploads\/2021\/01\/logoocp-8.png\",\"contentUrl\":\"https:\/\/ocupacional.com.br\/site\/wp-content\/uploads\/2021\/01\/logoocp-8.png\",\"width\":704,\"height\":109,\"caption\":\"Ocupacional\"},\"image\":{\"@id\":\"https:\/\/ocupacional.com.br\/site\/#\/schema\/logo\/image\/\"}},{\"@type\":\"Person\",\"@id\":\"https:\/\/ocupacional.com.br\/site\/#\/schema\/person\/9614e9b9e3c9ec0ba39804d95b2691b7\",\"name\":\"Ocupacional\",\"image\":{\"@type\":\"ImageObject\",\"inLanguage\":\"pt-BR\",\"@id\":\"https:\/\/ocupacional.com.br\/site\/#\/schema\/person\/image\/\",\"url\":\"https:\/\/secure.gravatar.com\/avatar\/f703cebaf51466d6b9274b776e57c489?s=96&d=blank&r=g\",\"contentUrl\":\"https:\/\/secure.gravatar.com\/avatar\/f703cebaf51466d6b9274b776e57c489?s=96&d=blank&r=g\",\"caption\":\"Ocupacional\"},\"url\":\"https:\/\/ocupacional.com.br\/site\/author\/ocupacional\/\"}]}<\/script>\n<!-- \/ Yoast SEO plugin. -->","yoast_head_json":{"title":"Perguntas e respostas: cuidados ap\u00f3s a vacina contra a Covid-19 - Blog - Ocupacional","robots":{"index":"index","follow":"follow","max-snippet":"max-snippet:-1","max-image-preview":"max-image-preview:large","max-video-preview":"max-video-preview:-1"},"canonical":"https:\/\/ocupacional.incdigital.com.br\/perguntas-e-respostas-cuidados-apos-a-vacina-contra-a-covid-19\/","og_locale":"pt_BR","og_type":"article","og_title":"Perguntas e respostas: cuidados ap\u00f3s a vacina contra a Covid-19 - Blog - Ocupacional","og_description":"Com o programa de vacina\u00e7\u00e3o avan\u00e7ando pelo pa\u00eds, as empresas ainda devem ficar atentas aos cuidados que devem ser seguidos por todos os funcion\u00e1rios.","og_url":"https:\/\/ocupacional.incdigital.com.br\/perguntas-e-respostas-cuidados-apos-a-vacina-contra-a-covid-19\/","og_site_name":"Ocupacional","article_published_time":"2021-04-16T14:12:47+00:00","og_image":[{"width":600,"height":270,"url":"https:\/\/ocupacional.com.br\/site\/wp-content\/uploads\/2021\/04\/cuidados-apos-a-vacina-contra-a-covid-19-1.jpg","type":"image\/jpeg"}],"author":"Ocupacional","twitter_card":"summary_large_image","twitter_misc":{"Escrito por":"Ocupacional","Est. tempo de leitura":"5 minutos"},"schema":{"@context":"https:\/\/schema.org","@graph":[{"@type":"Article","@id":"https:\/\/ocupacional.incdigital.com.br\/perguntas-e-respostas-cuidados-apos-a-vacina-contra-a-covid-19\/#article","isPartOf":{"@id":"https:\/\/ocupacional.incdigital.com.br\/perguntas-e-respostas-cuidados-apos-a-vacina-contra-a-covid-19\/"},"author":{"name":"Ocupacional","@id":"https:\/\/ocupacional.com.br\/site\/#\/schema\/person\/9614e9b9e3c9ec0ba39804d95b2691b7"},"headline":"Perguntas e respostas: cuidados ap\u00f3s a vacina contra a Covid-19","datePublished":"2021-04-16T14:12:47+00:00","mainEntityOfPage":{"@id":"https:\/\/ocupacional.incdigital.com.br\/perguntas-e-respostas-cuidados-apos-a-vacina-contra-a-covid-19\/"},"wordCount":1039,"publisher":{"@id":"https:\/\/ocupacional.com.br\/site\/#organization"},"image":{"@id":"https:\/\/ocupacional.incdigital.com.br\/perguntas-e-respostas-cuidados-apos-a-vacina-contra-a-covid-19\/#primaryimage"},"thumbnailUrl":"https:\/\/ocupacional.com.br\/site\/wp-content\/uploads\/2021\/04\/cuidados-apos-a-vacina-contra-a-covid-19-1.jpg","articleSection":["Sa\u00fade e Qualidade de Vida"],"inLanguage":"pt-BR"},{"@type":"WebPage","@id":"https:\/\/ocupacional.incdigital.com.br\/perguntas-e-respostas-cuidados-apos-a-vacina-contra-a-covid-19\/","url":"https:\/\/ocupacional.incdigital.com.br\/perguntas-e-respostas-cuidados-apos-a-vacina-contra-a-covid-19\/","name":"Perguntas e respostas: cuidados ap\u00f3s a vacina contra a Covid-19 - Blog - Ocupacional","isPartOf":{"@id":"https:\/\/ocupacional.com.br\/site\/#website"},"primaryImageOfPage":{"@id":"https:\/\/ocupacional.incdigital.com.br\/perguntas-e-respostas-cuidados-apos-a-vacina-contra-a-covid-19\/#primaryimage"},"image":{"@id":"https:\/\/ocupacional.incdigital.com.br\/perguntas-e-respostas-cuidados-apos-a-vacina-contra-a-covid-19\/#primaryimage"},"thumbnailUrl":"https:\/\/ocupacional.com.br\/site\/wp-content\/uploads\/2021\/04\/cuidados-apos-a-vacina-contra-a-covid-19-1.jpg","datePublished":"2021-04-16T14:12:47+00:00","breadcrumb":{"@id":"https:\/\/ocupacional.incdigital.com.br\/perguntas-e-respostas-cuidados-apos-a-vacina-contra-a-covid-19\/#breadcrumb"},"inLanguage":"pt-BR","potentialAction":[{"@type":"ReadAction","target":["https:\/\/ocupacional.incdigital.com.br\/perguntas-e-respostas-cuidados-apos-a-vacina-contra-a-covid-19\/"]}]},{"@type":"ImageObject","inLanguage":"pt-BR","@id":"https:\/\/ocupacional.incdigital.com.br\/perguntas-e-respostas-cuidados-apos-a-vacina-contra-a-covid-19\/#primaryimage","url":"https:\/\/ocupacional.com.br\/site\/wp-content\/uploads\/2021\/04\/cuidados-apos-a-vacina-contra-a-covid-19-1.jpg","contentUrl":"https:\/\/ocupacional.com.br\/site\/wp-content\/uploads\/2021\/04\/cuidados-apos-a-vacina-contra-a-covid-19-1.jpg","width":600,"height":270},{"@type":"BreadcrumbList","@id":"https:\/\/ocupacional.incdigital.com.br\/perguntas-e-respostas-cuidados-apos-a-vacina-contra-a-covid-19\/#breadcrumb","itemListElement":[{"@type":"ListItem","position":1,"name":"In\u00edcio","item":"https:\/\/ocupacional.incdigital.com.br\/"},{"@type":"ListItem","position":2,"name":"Perguntas e respostas: cuidados ap\u00f3s a vacina contra a Covid-19"}]},{"@type":"WebSite","@id":"https:\/\/ocupacional.com.br\/site\/#website","url":"https:\/\/ocupacional.com.br\/site\/","name":"Ocupacional","description":"As obriga\u00e7\u00f5es de sa\u00fade e seguran\u00e7a do trabalho\u2028da sua empresa sob total controle","publisher":{"@id":"https:\/\/ocupacional.com.br\/site\/#organization"},"potentialAction":[{"@type":"SearchAction","target":{"@type":"EntryPoint","urlTemplate":"https:\/\/ocupacional.com.br\/site\/?s={search_term_string}"},"query-input":{"@type":"PropertyValueSpecification","valueRequired":true,"valueName":"search_term_string"}}],"inLanguage":"pt-BR"},{"@type":"Organization","@id":"https:\/\/ocupacional.com.br\/site\/#organization","name":"Ocupacional","url":"https:\/\/ocupacional.com.br\/site\/","logo":{"@type":"ImageObject","inLanguage":"pt-BR","@id":"https:\/\/ocupacional.com.br\/site\/#\/schema\/logo\/image\/","url":"https:\/\/ocupacional.com.br\/site\/wp-content\/uploads\/2021\/01\/logoocp-8.png","contentUrl":"https:\/\/ocupacional.com.br\/site\/wp-content\/uploads\/2021\/01\/logoocp-8.png","width":704,"height":109,"caption":"Ocupacional"},"image":{"@id":"https:\/\/ocupacional.com.br\/site\/#\/schema\/logo\/image\/"}},{"@type":"Person","@id":"https:\/\/ocupacional.com.br\/site\/#\/schema\/person\/9614e9b9e3c9ec0ba39804d95b2691b7","name":"Ocupacional","image":{"@type":"ImageObject","inLanguage":"pt-BR","@id":"https:\/\/ocupacional.com.br\/site\/#\/schema\/person\/image\/","url":"https:\/\/secure.gravatar.com\/avatar\/f703cebaf51466d6b9274b776e57c489?s=96&d=blank&r=g","contentUrl":"https:\/\/secure.gravatar.com\/avatar\/f703cebaf51466d6b9274b776e57c489?s=96&d=blank&r=g","caption":"Ocupacional"},"url":"https:\/\/ocupacional.com.br\/site\/author\/ocupacional\/"}]}},"_links":{"self":[{"href":"https:\/\/ocupacional.com.br\/site\/wp-json\/wp\/v2\/posts\/3814"}],"collection":[{"href":"https:\/\/ocupacional.com.br\/site\/wp-json\/wp\/v2\/posts"}],"about":[{"href":"https:\/\/ocupacional.com.br\/site\/wp-json\/wp\/v2\/types\/post"}],"author":[{"embeddable":true,"href":"https:\/\/ocupacional.com.br\/site\/wp-json\/wp\/v2\/users\/2"}],"replies":[{"embeddable":true,"href":"https:\/\/ocupacional.com.br\/site\/wp-json\/wp\/v2\/comments?post=3814"}],"version-history":[{"count":0,"href":"https:\/\/ocupacional.com.br\/site\/wp-json\/wp\/v2\/posts\/3814\/revisions"}],"wp:featuredmedia":[{"embeddable":true,"href":"https:\/\/ocupacional.com.br\/site\/wp-json\/wp\/v2\/media\/7423"}],"wp:attachment":[{"href":"https:\/\/ocupacional.com.br\/site\/wp-json\/wp\/v2\/media?parent=3814"}],"wp:term":[{"taxonomy":"category","embeddable":true,"href":"https:\/\/ocupacional.com.br\/site\/wp-json\/wp\/v2\/categories?post=3814"},{"taxonomy":"post_tag","embeddable":true,"href":"https:\/\/ocupacional.com.br\/site\/wp-json\/wp\/v2\/tags?post=3814"}],"curies":[{"name":"wp","href":"https:\/\/api.w.org\/{rel}","templated":true}]}}