{"id":3776,"date":"2021-03-02T13:44:26","date_gmt":"2021-03-02T13:44:26","guid":{"rendered":"https:\/\/www.ocupacional.com.br\/ocupacional\/?p=3776"},"modified":"2021-03-02T13:44:26","modified_gmt":"2021-03-02T13:44:26","slug":"recusar-a-vacina-de-covid-19-pode-gerar-demissao","status":"publish","type":"post","link":"https:\/\/ocupacional.com.br\/site\/recusar-a-vacina-de-covid-19-pode-gerar-demissao\/","title":{"rendered":"Recusar a vacina de Covid-19 pode gerar demiss\u00e3o?"},"content":{"rendered":"\n<p><em>Imuniza\u00e7\u00e3o \u00e9 vista como caminho para controle da\npandemia e as empresas precisam lidar com os casos de funcion\u00e1rios contr\u00e1rios \u00e0\nvacina\u00e7\u00e3o.<\/em><\/p>\n\n\n\n<p>A vacina contra a Covid-19 j\u00e1 est\u00e1 sendo aplicada em\nterrit\u00f3rio brasileiro desde janeiro deste ano, de acordo com a distribui\u00e7\u00e3o\nprevista para os grupos priorit\u00e1rios. Mas embora aprovada pelos \u00f3rg\u00e3os\nregulamentadores e com a chancela de diversos estudos cient\u00edficos, uma parcela\nda popula\u00e7\u00e3o ainda teme as consequ\u00eancias da imuniza\u00e7\u00e3o e n\u00e3o quer se vacinar.\nIsso, por\u00e9m, pode ter s\u00e9rias consequ\u00eancias no ambiente de trabalho.<\/p>\n\n\n\n<p>De acordo com uma <a href=\"https:\/\/www.folhape.com.br\/noticias\/62-veem-pandemia-fora-de-controle-e-cresce-intencao-de-se-vacinar\/170074\/\" target=\"_blank\" rel=\"noreferrer noopener\" aria-label=\"pesquisa realizada pelo Datafolha (abre numa nova aba)\">pesquisa realizada pelo Datafolha<\/a> entre 20 e 21 de janeiro deste ano, 79% dos entrevistados afirmaram que pretendem se imunizar. O valor \u00e9 seis pontos percentuais superior ao aferido em dezembro, por\u00e9m abaixo dos 89% que disseram ter a inten\u00e7\u00e3o de se vacinar em agosto de 2020. Pessoas acima de 60 anos (88%) e com renda de cinco a dez sal\u00e1rios m\u00ednimos (81%) foram as mais propensas a querer se imunizar. A rejei\u00e7\u00e3o \u00e9 maior entre os jovens de 25 a 34 anos (74%) e na faixa que recebe at\u00e9 dois sal\u00e1rios m\u00ednimos (82%).<\/p>\n\n\n\n<p>Para enfrentar o grupo antivacina, o plen\u00e1rio do Supremo Tribunal Federal (STF) definiu, em dezembro de 2020, que a Uni\u00e3o, os Estados e os munic\u00edpios n\u00e3o podem for\u00e7ar os cidad\u00e3os a se vacinarem. Apesar disso, eles poder elaborar regras restritivas de direitos a quem n\u00e3o comprovar a imuniza\u00e7\u00e3o \u2013 com a possibilidade de multas e o impedimento de frequentar determinados lugares. \u201cIsso significa que o pr\u00f3prio STF j\u00e1 definiu sua linha de racioc\u00ednio: a liberdade individual se estende at\u00e9 o momento em que esbarra na coletividade, estando o princ\u00edpio da dignidade da pessoa humana inserido nesse contexto\u201d, explica a advogada Kerlen Costa em <a href=\"https:\/\/www.conjur.com.br\/2021-jan-28\/kerlen-costa-trabalhador-nega-tomar-vacina\" target=\"_blank\" rel=\"noreferrer noopener\" aria-label=\"artigo publicado no Conjur (abre numa nova aba)\">artigo publicado no Conjur<\/a>.<\/p>\n\n\n\n<p>Al\u00e9m disso, a pr\u00f3pria <a rel=\"noreferrer noopener\" aria-label=\"Constitui\u00e7\u00e3o Federal (abre numa nova aba)\" href=\"http:\/\/www.planalto.gov.br\/ccivil_03\/constituicao\/constituicao.htm\" target=\"_blank\">Constitui\u00e7\u00e3o Federal<\/a> , no artigo 7\u00ba, inciso XXII, determina que \u00e9 direito do trabalhador a &#8220;redu\u00e7\u00e3o dos riscos inerentes ao trabalho, por meio de normas de sa\u00fade, higiene e seguran\u00e7a\u201d. Na <a href=\"http:\/\/www.planalto.gov.br\/ccivil_03\/decreto-lei\/del5452.htm\" target=\"_blank\" rel=\"noreferrer noopener\" aria-label=\"Consolida\u00e7\u00e3o das Leis do Trabalho (abre numa nova aba)\">Consolida\u00e7\u00e3o das Leis do Trabalho<\/a> (CLT), os artigos 157 e 158 \u00e9 responsabilidade da empresa &#8221; cumprir e fazer cumprir com as normas de seguran\u00e7a e medicina do trabalho&#8221; e dos empregados \u201cobservarem as normas de seguran\u00e7a e medicina do trabalho e colaborar com as empresas na aplica\u00e7\u00e3o de tais regras\u201d.<\/p>\n\n\n\n<p>Ou seja, todas as medidas de prote\u00e7\u00e3o contra a Covid-19 teoricamente podem ser vistas sob essa \u00f3tima. No caso da utiliza\u00e7\u00e3o de m\u00e1scaras, prote\u00e7\u00e3o facial e \u00e1lcool em gel, o tema \u00e9 mais pac\u00edfico. Se previstas no <a href=\"https:\/\/www.ocupacional.com.br\/ocupacional\/pcmso-o-que-e-e-quem-deve-realiza-lo\/\" target=\"_blank\" rel=\"noreferrer noopener\" aria-label=\"Programa de Controle M\u00e9dico de Sa\u00fade Ocupacional (abre numa nova aba)\">Programa de Controle M\u00e9dico de Sa\u00fade Ocupacional<\/a> (PCMSO), por ter sido identificado o risco de cont\u00e1gio no ambiente de trabalho, o uso \u00e9 obrigat\u00f3rio e o funcion\u00e1rio pode ser advertido, suspenso e at\u00e9 demitido por justa causa caso n\u00e3o adote a conduta de forma reiterada. Mas como fica a situa\u00e7\u00e3o com a vacina? <\/p>\n\n\n\n<ul><li><strong>Leia tamb\u00e9m:<\/strong> <a rel=\"noreferrer noopener\" aria-label=\"\u00c9 preciso emitir CAT para Covid-19? (abre numa nova aba)\" href=\"https:\/\/www.ocupacional.com.br\/ocupacional\/e-preciso-emitir-cat-para-covid-19\/\" target=\"_blank\">\u00c9 preciso emitir CAT para Covid-19?<\/a><\/li><\/ul>\n\n\n\n<h3 class=\"wp-block-heading\"><strong>\u00c9 poss\u00edvel demitir por justa causa ou recusar a\ncontrata\u00e7\u00e3o?<\/strong><\/h3>\n\n\n\n<p>Por tudo que foi dito, parece claro que a vacina\u00e7\u00e3o atua\nem prol da sa\u00fade coletiva dos trabalhadores e, por isso, a empresa pode exigir\nque todos sejam vacinados para cumprir os requisitos legais apresentados.\nEspecialistas, por\u00e9m, discordam dessa afirma\u00e7\u00e3o por um simples motivo: ainda\nn\u00e3o h\u00e1 uma legisla\u00e7\u00e3o espec\u00edfica sobre a quest\u00e3o da vacina contra a Covid-19.<\/p>\n\n\n\n<p>\u201cEmbora sedutora a tese para aqueles que defendam a vacina\u00e7\u00e3o obrigat\u00f3ria, o fato \u00e9 que n\u00e3o h\u00e1 nenhuma lei ou regra expressa que permita a penaliza\u00e7\u00e3o m\u00e1xima para aquele funcion\u00e1rio que se negue a vacinar. Assim, \u00e9 nossa obriga\u00e7\u00e3o orientar que h\u00e1 riscos na ado\u00e7\u00e3o de uma medida t\u00e3o dr\u00e1stica como a rescis\u00e3o por justa causa\u201d, alerta o advogado Daniel Faidiga em <a href=\"https:\/\/www.jornaljurid.com.br\/apoiadores\/vacina-contra-covid-19-pode-ser-requisito-para-conquistar-trabalho-ou-se-manter-empregado\" target=\"_blank\" rel=\"noreferrer noopener\" aria-label=\"artigo publicado no Jornal Jurid (abre numa nova aba)\">artigo publicado no Jornal Jurid<\/a>. Segundo o profissional, at\u00e9 mesmo exigir o cart\u00e3o de vacina\u00e7\u00e3o no ato da contrata\u00e7\u00e3o pode ser visto como ato discriminat\u00f3rio e as empresas devem se precaver.<\/p>\n\n\n\n<p>A advogada Rebeca Bacchini defende a mesma tese. Em <a href=\"https:\/\/www.rotajuridica.com.br\/artigos\/vacinacao-contra-o-coronavirus-e-seus-impactos-nos-contratos-de-trabalho\/\" target=\"_blank\" rel=\"noreferrer noopener\" aria-label=\"artigo publicado no Rota Jur\u00eddica (abre numa nova aba)\">artigo publicado no Rota Jur\u00eddica<\/a>, ela afirma que \u201ca complexidade do tema exige uma an\u00e1lise mais aprofundada \u00e0 luz dos princ\u00edpios Constitucionais, nos levando a raciocinar sobre at\u00e9 que ponto o poder diretivo do empregador poderia se sobrepor ao princ\u00edpio da legalidade, expresso em seu artigo 5o, inciso II, segundo o qual ningu\u00e9m \u00e9 obrigado a fazer ou deixar de fazer algo, sen\u00e3o em virtude de lei, nos levando \u00e0 inevit\u00e1vel conclus\u00e3o de que a inexist\u00eancia de norma legal que determine uma conduta contr\u00e1ria \u00e0 vontade do cidad\u00e3o n\u00e3o pode levar um ator privado \u2013 o empregador \u2013 a criar tal determina\u00e7\u00e3o\u201d.<\/p>\n\n\n\n<p>Isso significa que, apesar da sa\u00fade coletiva ser muito\nimportante, enquanto n\u00e3o houver uma lei prevendo que a vacina\u00e7\u00e3o possa ser\nexigida para perman\u00eancia no cargo ou admiss\u00e3o no emprego, a empresa n\u00e3o pode\nromper o v\u00ednculo trabalhista por isso. Cabe unicamente \u00e0 Uni\u00e3o criar regras\njur\u00eddicas como essa, ent\u00e3o \u00e9 preciso um posicionamento do governo federal sobre\no assunto.<\/p>\n\n\n\n<p>Enquanto isso, as empresas podem realizar campanhas\ninternas e estimular os funcion\u00e1rios a se imunizarem quando chegar o momento.\nMostrar a import\u00e2ncia e a seguran\u00e7a da vacina em um momento como o atual \u00e9 agir\na favor da sa\u00fade coletiva e para evitar o aumento constante do n\u00famero de mortes\ncausadas pela Covid-19.<\/p>\n\n\n\n<ul><li><strong>Leia tamb\u00e9m:<\/strong> <a rel=\"noreferrer noopener\" aria-label=\"Por quanto tempo afastar funcion\u00e1rios com Covid-19? (abre numa nova aba)\" href=\"https:\/\/www.ocupacional.com.br\/ocupacional\/por-quanto-tempo-afastar-funcionarios-com-covid-19\/\" target=\"_blank\">Por quanto tempo afastar funcion\u00e1rios com Covid-19?<\/a><\/li><\/ul>\n\n\n\n<h3 class=\"wp-block-heading\"><strong>Acompanhamento \u00e0 dist\u00e2ncia<\/strong><\/h3>\n\n\n\n<p>Para auxiliar seus clientes a lidar com a pandemia de\nCovid-19, a Ocupacional est\u00e1 disponibilizando um acompanhamento exclusivo para\nos funcion\u00e1rios que testaram positivo ou apresentaram sintomas da doen\u00e7a. Quer\nsaber mais sobre esse servi\u00e7o? Entre em contato com a gente!<\/p>\n\n\n\n<figure class=\"wp-block-image\"><a href=\"https:\/\/www.ocupacional.com.br\/ocupacional\/solicite-uma-proposta\/\" target=\"_blank\" rel=\"noreferrer noopener\"><img decoding=\"async\" src=\"https:\/\/www.ocupacional.com.br\/ocupacional\/wp-content\/uploads\/ctaBlog_vamosConversar.png\" alt=\"\" class=\"wp-image-3737\"\/><\/a><\/figure>\n","protected":false},"excerpt":{"rendered":"<p>\t\t\t\t\ufeffImuniza\u00e7\u00e3o \u00e9 vista como caminho para controle da pandemia e as empresas precisam lidar com os casos de funcion\u00e1rios contr\u00e1rios \u00e0 vacina\u00e7\u00e3o.\t\t<\/p>\n","protected":false},"author":2,"featured_media":7437,"comment_status":"closed","ping_status":"open","sticky":false,"template":"","format":"standard","meta":{"_acf_changed":false,"inline_featured_image":false,"footnotes":""},"categories":[52],"tags":[],"acf":[],"yoast_head":"<!-- This site is optimized with the Yoast SEO plugin v24.5 - https:\/\/yoast.com\/wordpress\/plugins\/seo\/ -->\n<title>Recusar a vacina de Covid-19 pode gerar demiss\u00e3o? - Blog - Ocupacional<\/title>\n<meta name=\"robots\" content=\"index, follow, max-snippet:-1, max-image-preview:large, max-video-preview:-1\" \/>\n<link rel=\"canonical\" href=\"https:\/\/ocupacional.incdigital.com.br\/recusar-a-vacina-de-covid-19-pode-gerar-demissao\/\" \/>\n<meta property=\"og:locale\" content=\"pt_BR\" \/>\n<meta property=\"og:type\" content=\"article\" \/>\n<meta property=\"og:title\" content=\"Recusar a vacina de Covid-19 pode gerar demiss\u00e3o? - Blog - Ocupacional\" \/>\n<meta property=\"og:description\" content=\"\ufeffImuniza\u00e7\u00e3o \u00e9 vista como caminho para controle da pandemia e as empresas precisam lidar com os casos de funcion\u00e1rios contr\u00e1rios \u00e0 vacina\u00e7\u00e3o.\" \/>\n<meta property=\"og:url\" content=\"https:\/\/ocupacional.incdigital.com.br\/recusar-a-vacina-de-covid-19-pode-gerar-demissao\/\" \/>\n<meta property=\"og:site_name\" content=\"Ocupacional\" \/>\n<meta property=\"article:published_time\" content=\"2021-03-02T13:44:26+00:00\" \/>\n<meta property=\"og:image\" content=\"https:\/\/ocupacional.com.br\/site\/wp-content\/uploads\/2021\/03\/recusar-a-vacina-de-covid-19-pode-gerar-demissao-1.jpg\" \/>\n\t<meta property=\"og:image:width\" content=\"600\" \/>\n\t<meta property=\"og:image:height\" content=\"270\" \/>\n\t<meta property=\"og:image:type\" content=\"image\/jpeg\" \/>\n<meta name=\"author\" content=\"Ocupacional\" \/>\n<meta name=\"twitter:card\" content=\"summary_large_image\" \/>\n<meta name=\"twitter:label1\" content=\"Escrito por\" \/>\n\t<meta name=\"twitter:data1\" content=\"Ocupacional\" \/>\n\t<meta name=\"twitter:label2\" content=\"Est. tempo de leitura\" \/>\n\t<meta name=\"twitter:data2\" content=\"5 minutos\" \/>\n<script type=\"application\/ld+json\" class=\"yoast-schema-graph\">{\"@context\":\"https:\/\/schema.org\",\"@graph\":[{\"@type\":\"Article\",\"@id\":\"https:\/\/ocupacional.incdigital.com.br\/recusar-a-vacina-de-covid-19-pode-gerar-demissao\/#article\",\"isPartOf\":{\"@id\":\"https:\/\/ocupacional.incdigital.com.br\/recusar-a-vacina-de-covid-19-pode-gerar-demissao\/\"},\"author\":{\"name\":\"Ocupacional\",\"@id\":\"https:\/\/ocupacional.com.br\/site\/#\/schema\/person\/9614e9b9e3c9ec0ba39804d95b2691b7\"},\"headline\":\"Recusar a vacina de Covid-19 pode gerar demiss\u00e3o?\",\"datePublished\":\"2021-03-02T13:44:26+00:00\",\"mainEntityOfPage\":{\"@id\":\"https:\/\/ocupacional.incdigital.com.br\/recusar-a-vacina-de-covid-19-pode-gerar-demissao\/\"},\"wordCount\":998,\"publisher\":{\"@id\":\"https:\/\/ocupacional.com.br\/site\/#organization\"},\"image\":{\"@id\":\"https:\/\/ocupacional.incdigital.com.br\/recusar-a-vacina-de-covid-19-pode-gerar-demissao\/#primaryimage\"},\"thumbnailUrl\":\"https:\/\/ocupacional.com.br\/site\/wp-content\/uploads\/2021\/03\/recusar-a-vacina-de-covid-19-pode-gerar-demissao-1.jpg\",\"articleSection\":[\"Sa\u00fade Ocupacional\"],\"inLanguage\":\"pt-BR\"},{\"@type\":\"WebPage\",\"@id\":\"https:\/\/ocupacional.incdigital.com.br\/recusar-a-vacina-de-covid-19-pode-gerar-demissao\/\",\"url\":\"https:\/\/ocupacional.incdigital.com.br\/recusar-a-vacina-de-covid-19-pode-gerar-demissao\/\",\"name\":\"Recusar a vacina de Covid-19 pode gerar demiss\u00e3o? - Blog - Ocupacional\",\"isPartOf\":{\"@id\":\"https:\/\/ocupacional.com.br\/site\/#website\"},\"primaryImageOfPage\":{\"@id\":\"https:\/\/ocupacional.incdigital.com.br\/recusar-a-vacina-de-covid-19-pode-gerar-demissao\/#primaryimage\"},\"image\":{\"@id\":\"https:\/\/ocupacional.incdigital.com.br\/recusar-a-vacina-de-covid-19-pode-gerar-demissao\/#primaryimage\"},\"thumbnailUrl\":\"https:\/\/ocupacional.com.br\/site\/wp-content\/uploads\/2021\/03\/recusar-a-vacina-de-covid-19-pode-gerar-demissao-1.jpg\",\"datePublished\":\"2021-03-02T13:44:26+00:00\",\"breadcrumb\":{\"@id\":\"https:\/\/ocupacional.incdigital.com.br\/recusar-a-vacina-de-covid-19-pode-gerar-demissao\/#breadcrumb\"},\"inLanguage\":\"pt-BR\",\"potentialAction\":[{\"@type\":\"ReadAction\",\"target\":[\"https:\/\/ocupacional.incdigital.com.br\/recusar-a-vacina-de-covid-19-pode-gerar-demissao\/\"]}]},{\"@type\":\"ImageObject\",\"inLanguage\":\"pt-BR\",\"@id\":\"https:\/\/ocupacional.incdigital.com.br\/recusar-a-vacina-de-covid-19-pode-gerar-demissao\/#primaryimage\",\"url\":\"https:\/\/ocupacional.com.br\/site\/wp-content\/uploads\/2021\/03\/recusar-a-vacina-de-covid-19-pode-gerar-demissao-1.jpg\",\"contentUrl\":\"https:\/\/ocupacional.com.br\/site\/wp-content\/uploads\/2021\/03\/recusar-a-vacina-de-covid-19-pode-gerar-demissao-1.jpg\",\"width\":600,\"height\":270},{\"@type\":\"BreadcrumbList\",\"@id\":\"https:\/\/ocupacional.incdigital.com.br\/recusar-a-vacina-de-covid-19-pode-gerar-demissao\/#breadcrumb\",\"itemListElement\":[{\"@type\":\"ListItem\",\"position\":1,\"name\":\"In\u00edcio\",\"item\":\"https:\/\/ocupacional.incdigital.com.br\/\"},{\"@type\":\"ListItem\",\"position\":2,\"name\":\"Recusar a vacina de Covid-19 pode gerar demiss\u00e3o?\"}]},{\"@type\":\"WebSite\",\"@id\":\"https:\/\/ocupacional.com.br\/site\/#website\",\"url\":\"https:\/\/ocupacional.com.br\/site\/\",\"name\":\"Ocupacional\",\"description\":\"As obriga\u00e7\u00f5es de sa\u00fade e seguran\u00e7a do trabalho\\u2028da sua empresa sob total controle\",\"publisher\":{\"@id\":\"https:\/\/ocupacional.com.br\/site\/#organization\"},\"potentialAction\":[{\"@type\":\"SearchAction\",\"target\":{\"@type\":\"EntryPoint\",\"urlTemplate\":\"https:\/\/ocupacional.com.br\/site\/?s={search_term_string}\"},\"query-input\":{\"@type\":\"PropertyValueSpecification\",\"valueRequired\":true,\"valueName\":\"search_term_string\"}}],\"inLanguage\":\"pt-BR\"},{\"@type\":\"Organization\",\"@id\":\"https:\/\/ocupacional.com.br\/site\/#organization\",\"name\":\"Ocupacional\",\"url\":\"https:\/\/ocupacional.com.br\/site\/\",\"logo\":{\"@type\":\"ImageObject\",\"inLanguage\":\"pt-BR\",\"@id\":\"https:\/\/ocupacional.com.br\/site\/#\/schema\/logo\/image\/\",\"url\":\"https:\/\/ocupacional.com.br\/site\/wp-content\/uploads\/2021\/01\/logoocp-8.png\",\"contentUrl\":\"https:\/\/ocupacional.com.br\/site\/wp-content\/uploads\/2021\/01\/logoocp-8.png\",\"width\":704,\"height\":109,\"caption\":\"Ocupacional\"},\"image\":{\"@id\":\"https:\/\/ocupacional.com.br\/site\/#\/schema\/logo\/image\/\"}},{\"@type\":\"Person\",\"@id\":\"https:\/\/ocupacional.com.br\/site\/#\/schema\/person\/9614e9b9e3c9ec0ba39804d95b2691b7\",\"name\":\"Ocupacional\",\"image\":{\"@type\":\"ImageObject\",\"inLanguage\":\"pt-BR\",\"@id\":\"https:\/\/ocupacional.com.br\/site\/#\/schema\/person\/image\/\",\"url\":\"https:\/\/secure.gravatar.com\/avatar\/f703cebaf51466d6b9274b776e57c489?s=96&d=blank&r=g\",\"contentUrl\":\"https:\/\/secure.gravatar.com\/avatar\/f703cebaf51466d6b9274b776e57c489?s=96&d=blank&r=g\",\"caption\":\"Ocupacional\"},\"url\":\"https:\/\/ocupacional.com.br\/site\/author\/ocupacional\/\"}]}<\/script>\n<!-- \/ Yoast SEO plugin. -->","yoast_head_json":{"title":"Recusar a vacina de Covid-19 pode gerar demiss\u00e3o? - Blog - Ocupacional","robots":{"index":"index","follow":"follow","max-snippet":"max-snippet:-1","max-image-preview":"max-image-preview:large","max-video-preview":"max-video-preview:-1"},"canonical":"https:\/\/ocupacional.incdigital.com.br\/recusar-a-vacina-de-covid-19-pode-gerar-demissao\/","og_locale":"pt_BR","og_type":"article","og_title":"Recusar a vacina de Covid-19 pode gerar demiss\u00e3o? - Blog - Ocupacional","og_description":"\ufeffImuniza\u00e7\u00e3o \u00e9 vista como caminho para controle da pandemia e as empresas precisam lidar com os casos de funcion\u00e1rios contr\u00e1rios \u00e0 vacina\u00e7\u00e3o.","og_url":"https:\/\/ocupacional.incdigital.com.br\/recusar-a-vacina-de-covid-19-pode-gerar-demissao\/","og_site_name":"Ocupacional","article_published_time":"2021-03-02T13:44:26+00:00","og_image":[{"width":600,"height":270,"url":"https:\/\/ocupacional.com.br\/site\/wp-content\/uploads\/2021\/03\/recusar-a-vacina-de-covid-19-pode-gerar-demissao-1.jpg","type":"image\/jpeg"}],"author":"Ocupacional","twitter_card":"summary_large_image","twitter_misc":{"Escrito por":"Ocupacional","Est. tempo de leitura":"5 minutos"},"schema":{"@context":"https:\/\/schema.org","@graph":[{"@type":"Article","@id":"https:\/\/ocupacional.incdigital.com.br\/recusar-a-vacina-de-covid-19-pode-gerar-demissao\/#article","isPartOf":{"@id":"https:\/\/ocupacional.incdigital.com.br\/recusar-a-vacina-de-covid-19-pode-gerar-demissao\/"},"author":{"name":"Ocupacional","@id":"https:\/\/ocupacional.com.br\/site\/#\/schema\/person\/9614e9b9e3c9ec0ba39804d95b2691b7"},"headline":"Recusar a vacina de Covid-19 pode gerar demiss\u00e3o?","datePublished":"2021-03-02T13:44:26+00:00","mainEntityOfPage":{"@id":"https:\/\/ocupacional.incdigital.com.br\/recusar-a-vacina-de-covid-19-pode-gerar-demissao\/"},"wordCount":998,"publisher":{"@id":"https:\/\/ocupacional.com.br\/site\/#organization"},"image":{"@id":"https:\/\/ocupacional.incdigital.com.br\/recusar-a-vacina-de-covid-19-pode-gerar-demissao\/#primaryimage"},"thumbnailUrl":"https:\/\/ocupacional.com.br\/site\/wp-content\/uploads\/2021\/03\/recusar-a-vacina-de-covid-19-pode-gerar-demissao-1.jpg","articleSection":["Sa\u00fade Ocupacional"],"inLanguage":"pt-BR"},{"@type":"WebPage","@id":"https:\/\/ocupacional.incdigital.com.br\/recusar-a-vacina-de-covid-19-pode-gerar-demissao\/","url":"https:\/\/ocupacional.incdigital.com.br\/recusar-a-vacina-de-covid-19-pode-gerar-demissao\/","name":"Recusar a vacina de Covid-19 pode gerar demiss\u00e3o? - Blog - Ocupacional","isPartOf":{"@id":"https:\/\/ocupacional.com.br\/site\/#website"},"primaryImageOfPage":{"@id":"https:\/\/ocupacional.incdigital.com.br\/recusar-a-vacina-de-covid-19-pode-gerar-demissao\/#primaryimage"},"image":{"@id":"https:\/\/ocupacional.incdigital.com.br\/recusar-a-vacina-de-covid-19-pode-gerar-demissao\/#primaryimage"},"thumbnailUrl":"https:\/\/ocupacional.com.br\/site\/wp-content\/uploads\/2021\/03\/recusar-a-vacina-de-covid-19-pode-gerar-demissao-1.jpg","datePublished":"2021-03-02T13:44:26+00:00","breadcrumb":{"@id":"https:\/\/ocupacional.incdigital.com.br\/recusar-a-vacina-de-covid-19-pode-gerar-demissao\/#breadcrumb"},"inLanguage":"pt-BR","potentialAction":[{"@type":"ReadAction","target":["https:\/\/ocupacional.incdigital.com.br\/recusar-a-vacina-de-covid-19-pode-gerar-demissao\/"]}]},{"@type":"ImageObject","inLanguage":"pt-BR","@id":"https:\/\/ocupacional.incdigital.com.br\/recusar-a-vacina-de-covid-19-pode-gerar-demissao\/#primaryimage","url":"https:\/\/ocupacional.com.br\/site\/wp-content\/uploads\/2021\/03\/recusar-a-vacina-de-covid-19-pode-gerar-demissao-1.jpg","contentUrl":"https:\/\/ocupacional.com.br\/site\/wp-content\/uploads\/2021\/03\/recusar-a-vacina-de-covid-19-pode-gerar-demissao-1.jpg","width":600,"height":270},{"@type":"BreadcrumbList","@id":"https:\/\/ocupacional.incdigital.com.br\/recusar-a-vacina-de-covid-19-pode-gerar-demissao\/#breadcrumb","itemListElement":[{"@type":"ListItem","position":1,"name":"In\u00edcio","item":"https:\/\/ocupacional.incdigital.com.br\/"},{"@type":"ListItem","position":2,"name":"Recusar a vacina de Covid-19 pode gerar demiss\u00e3o?"}]},{"@type":"WebSite","@id":"https:\/\/ocupacional.com.br\/site\/#website","url":"https:\/\/ocupacional.com.br\/site\/","name":"Ocupacional","description":"As obriga\u00e7\u00f5es de sa\u00fade e seguran\u00e7a do trabalho\u2028da sua empresa sob total controle","publisher":{"@id":"https:\/\/ocupacional.com.br\/site\/#organization"},"potentialAction":[{"@type":"SearchAction","target":{"@type":"EntryPoint","urlTemplate":"https:\/\/ocupacional.com.br\/site\/?s={search_term_string}"},"query-input":{"@type":"PropertyValueSpecification","valueRequired":true,"valueName":"search_term_string"}}],"inLanguage":"pt-BR"},{"@type":"Organization","@id":"https:\/\/ocupacional.com.br\/site\/#organization","name":"Ocupacional","url":"https:\/\/ocupacional.com.br\/site\/","logo":{"@type":"ImageObject","inLanguage":"pt-BR","@id":"https:\/\/ocupacional.com.br\/site\/#\/schema\/logo\/image\/","url":"https:\/\/ocupacional.com.br\/site\/wp-content\/uploads\/2021\/01\/logoocp-8.png","contentUrl":"https:\/\/ocupacional.com.br\/site\/wp-content\/uploads\/2021\/01\/logoocp-8.png","width":704,"height":109,"caption":"Ocupacional"},"image":{"@id":"https:\/\/ocupacional.com.br\/site\/#\/schema\/logo\/image\/"}},{"@type":"Person","@id":"https:\/\/ocupacional.com.br\/site\/#\/schema\/person\/9614e9b9e3c9ec0ba39804d95b2691b7","name":"Ocupacional","image":{"@type":"ImageObject","inLanguage":"pt-BR","@id":"https:\/\/ocupacional.com.br\/site\/#\/schema\/person\/image\/","url":"https:\/\/secure.gravatar.com\/avatar\/f703cebaf51466d6b9274b776e57c489?s=96&d=blank&r=g","contentUrl":"https:\/\/secure.gravatar.com\/avatar\/f703cebaf51466d6b9274b776e57c489?s=96&d=blank&r=g","caption":"Ocupacional"},"url":"https:\/\/ocupacional.com.br\/site\/author\/ocupacional\/"}]}},"_links":{"self":[{"href":"https:\/\/ocupacional.com.br\/site\/wp-json\/wp\/v2\/posts\/3776"}],"collection":[{"href":"https:\/\/ocupacional.com.br\/site\/wp-json\/wp\/v2\/posts"}],"about":[{"href":"https:\/\/ocupacional.com.br\/site\/wp-json\/wp\/v2\/types\/post"}],"author":[{"embeddable":true,"href":"https:\/\/ocupacional.com.br\/site\/wp-json\/wp\/v2\/users\/2"}],"replies":[{"embeddable":true,"href":"https:\/\/ocupacional.com.br\/site\/wp-json\/wp\/v2\/comments?post=3776"}],"version-history":[{"count":0,"href":"https:\/\/ocupacional.com.br\/site\/wp-json\/wp\/v2\/posts\/3776\/revisions"}],"wp:featuredmedia":[{"embeddable":true,"href":"https:\/\/ocupacional.com.br\/site\/wp-json\/wp\/v2\/media\/7437"}],"wp:attachment":[{"href":"https:\/\/ocupacional.com.br\/site\/wp-json\/wp\/v2\/media?parent=3776"}],"wp:term":[{"taxonomy":"category","embeddable":true,"href":"https:\/\/ocupacional.com.br\/site\/wp-json\/wp\/v2\/categories?post=3776"},{"taxonomy":"post_tag","embeddable":true,"href":"https:\/\/ocupacional.com.br\/site\/wp-json\/wp\/v2\/tags?post=3776"}],"curies":[{"name":"wp","href":"https:\/\/api.w.org\/{rel}","templated":true}]}}