{"id":3729,"date":"2020-12-14T15:54:51","date_gmt":"2020-12-14T15:54:51","guid":{"rendered":"https:\/\/www.ocupacional.com.br\/ocupacional\/?p=3729"},"modified":"2025-01-28T13:17:33","modified_gmt":"2025-01-28T16:17:33","slug":"retrospectiva-2020-um-olhar-para-a-sst","status":"publish","type":"post","link":"https:\/\/ocupacional.com.br\/site\/retrospectiva-2020-um-olhar-para-a-sst\/","title":{"rendered":"Retrospectiva 2020: um olhar para a SST"},"content":{"rendered":"\n<p><em>Desafios impostos pela pandemia de Covid-19 marcaram as principais a\u00e7\u00f5es do ano e deixam uma li\u00e7\u00e3o sobre a import\u00e2ncia das a\u00e7\u00f5es de seguran\u00e7a e de sa\u00fade no ambiente de trabalho.<\/em><\/p>\n\n\n\n<p>N\u00e3o h\u00e1 como negar que 2020 foi um ano at\u00edpico em todos os sentidos. O in\u00edcio de uma pandemia sem precedentes na \u00e9poca moderna trouxe uma s\u00e9rie de inseguran\u00e7as, mudou as rela\u00e7\u00f5es pessoais e profissionais e deixou um rastro de pelo menos 1,5 milh\u00f5es de mortes em todo o mundo \u2013 pelo menos at\u00e9 o momento em que este post \u00e9 publicado. N\u00e3o por acaso, a prestigiada revista estadunidense Time <a href=\"https:\/\/www.otempo.com.br\/mundo\/revista-norte-americana-time-classifica-2020-como-o-pior-ano-de-todos-1.2421891\" target=\"_blank\" rel=\"noreferrer noopener\" aria-label=\"elegeu 2020 como o pior ano da hist\u00f3ria (abre numa nova aba)\">elegeu 2020 como o pior ano da hist\u00f3ria<\/a>, colocando nossa impot\u00eancia como sociedade e a falta de a\u00e7\u00e3o de alguns governantes como as principais amea\u00e7as \u00e0 exist\u00eancia humana.<\/p>\n\n\n\n<p>Por isso, fazer uma retrospectiva deste ano para a \u00e1rea\nde Seguran\u00e7a e Sa\u00fade do Trabalho \u00e9, principalmente, falar dos impactos gerados\npela Covid-19, tanto para as empresas quanto para os trabalhadores. O primeiro\ncaso oficial da doen\u00e7a foi detectado na China, em dezembro em 2019, mas foi\napenas em 25 de fevereiro que o Brasil confirmou a chegada do v\u00edrus. Menos de\num m\u00eas depois, o governo reconheceu o estado de calamidade p\u00fablica, previsto\npara durar at\u00e9 31 de dezembro, e as atividades n\u00e3o essenciais deixaram de ser\nrealizadas de forma presencial nas principais cidades do pa\u00eds. <\/p>\n\n\n\n<p>Diante desse cen\u00e1rio, as empresas precisaram se\nestruturar. Alguns neg\u00f3cios n\u00e3o resistiram ao impacto. Outros precisaram\nencerrar as atividades temporariamente, cortar gastos e negociar com\nfornecedores. Tamb\u00e9m h\u00e1 aquelas que precisaram repensar todo o neg\u00f3cio, com\nnovos servi\u00e7os adaptados ao funcionamento \u00e0 dist\u00e2ncia. E algumas tiveram que\nalterar a estrutura interna para o <em>home office<\/em>, com impactos diretos nos\nprocessos j\u00e1 estabelecidos.<\/p>\n\n\n\n<p>Para ajudar as empresas nesse per\u00edodo de incertezas, falamos bastante aqui no blog sobre quest\u00f5es relativas \u00e0 pandemia. Mostramos <a rel=\"noreferrer noopener\" aria-label=\"qual o papel das companhias nessa nova realidade (abre numa nova aba)\" href=\"https:\/\/www.ocupacional.com.br\/ocupacional\/o-papel-das-empresas-no-combate-ao-coronavirus\/\" target=\"_blank\">qual o papel das companhias nessa nova realidade<\/a>, <a rel=\"noreferrer noopener\" aria-label=\"como manter a seguran\u00e7a dos funcion\u00e1rios (abre numa nova aba)\" href=\"https:\/\/www.ocupacional.com.br\/ocupacional\/como-manter-a-empresa-em-seguranca-durante-a-pandemia-da-covid-19\/\" target=\"_blank\">como manter a seguran\u00e7a dos funcion\u00e1rios<\/a>, <a rel=\"noreferrer noopener\" aria-label=\"a import\u00e2ncia dos exames ocupacionais (abre numa nova aba)\" href=\"http:\/\/ocupacional.com.br\/ocupacional\/importancia-dos-exames-ocupacionais-durante-a-pandemia\/\" target=\"_blank\">a import\u00e2ncia dos exames ocupacionais<\/a>, as <a rel=\"noreferrer noopener\" aria-label=\"dicas de ergonomia para seguir em casa (abre numa nova aba)\" href=\"https:\/\/www.ocupacional.com.br\/ocupacional\/coronavirus-ergonomia-no-home-office\/\" target=\"_blank\">dicas de ergonomia para seguir em casa<\/a> e at\u00e9 mesmo por <a rel=\"noreferrer noopener\" aria-label=\"quanto tempo afastar um empregado com Covid-19 (abre numa nova aba)\" href=\"https:\/\/www.ocupacional.com.br\/ocupacional\/por-quanto-tempo-afastar-funcionarios-com-covid-19\/\" target=\"_blank\">quanto tempo afastar um empregado com Covid-19<\/a> e se \u00e9 preciso <a href=\"https:\/\/www.ocupacional.com.br\/ocupacional\/e-preciso-emitir-cat-para-covid-19\/\" target=\"_blank\" rel=\"noreferrer noopener\" aria-label=\"emitir a Comunica\u00e7\u00e3o de Acidente de Trabalho (CAT) nesses casos (abre numa nova aba)\">emitir a Comunica\u00e7\u00e3o de Acidente de Trabalho (CAT) nesses casos<\/a>. Esses s\u00e3o s\u00f3 alguns dos exemplos de conte\u00fados produzidos, pois tamb\u00e9m criamos toda uma estrutura para auxiliar nossos clientes a garantir o bem-estar dos colaboradores durante esse per\u00edodo.<\/p>\n\n\n\n<p>Outro impacto s\u00e9rio da Covid-19 est\u00e1 na sa\u00fade mental.\nComo ainda estamos em meio aos desdobramentos da pandemia, \u00e9 cedo para mensurar\nas consequ\u00eancias, mas algumas pesquisas j\u00e1 come\u00e7am a mostrar o caminho. O\naumento do consumo de cigarros, de bebidas alco\u00f3licas, de comidas\nultraprocessadas, a aus\u00eancia de exerc\u00edcios f\u00edsicos e o maior tempo exposto a telas\nt\u00eam trazido consequ\u00eancias negativas. <\/p>\n\n\n\n<p><strong>Leia tamb\u00e9m:<\/strong> <a href=\"https:\/\/www.ocupacional.com.br\/ocupacional\/covid-19-prejuizos-a-saude-mental-dos-trabalhadores\/\" target=\"_blank\" rel=\"noreferrer noopener\" aria-label=\"Preju\u00edzos da Covid-19 para a sa\u00fade mental dos trabalhadores (abre numa nova aba)\">Preju\u00edzos da Covid-19 para a sa\u00fade mental dos trabalhadores<\/a><\/p>\n\n\n\n<p>O estudo <em>ConVid Comportamentos<\/em>, produzido em parceria entre Fiocruz, Unicamp e UFMG, mostrou um aumento de todos esses \u00edndices. E isso tem um impacto direto na sa\u00fade mental. \u201cDas pessoas entrevistadas, 40,4% disseram ter sentimentos de tristeza ou depress\u00e3o, e 52,6% afirmaram experimentar sentimentos de nervosismo ou ansiedade, muitas vezes ou sempre. O maior impacto na sa\u00fade mental ocorreu nos adultos jovens, nas mulheres e nas pessoas com antecedente de depress\u00e3o\u201d, conta a pesquisadora Marilisa Barros, coordenadora da pesquisa e professora titular de Epidemiologia na Faculdade de Ci\u00eancias M\u00e9dicas da Universidade Estadual de Campinas (FCM-Unicamp), <a href=\"https:\/\/www.uol.com.br\/vivabem\/noticias\/redacao\/2020\/11\/01\/40-dos-brasileiros-sentiram-tristeza-ou-depressao-na-pandemia-diz-estudo.htm\" target=\"_blank\" rel=\"noreferrer noopener\" aria-label=\"em entrevista para o Uol (abre numa nova aba)\">em entrevista para o Uol<\/a>.<\/p>\n\n\n\n<p>Mas apesar de a doen\u00e7a ainda n\u00e3o estar controlada no pa\u00eds,\na maioria das atividades voltou a funcionar dentro das regras de seguran\u00e7a\nimpostas para evitar a dissemina\u00e7\u00e3o da Covid-19. Bares est\u00e3o com capacidade\nreduzida, cinemas come\u00e7am a retomar o funcionamento gradual e at\u00e9 mesmo shows\nvoltaram a ocorrer de forma controlada. Isso exigir\u00e1 ainda mais da \u00e1rea de SST\nem 2021, que ainda precisar\u00e1 lidar com a doen\u00e7a at\u00e9 o surgimento de uma vacina\ncomprovadamente eficaz.<\/p>\n\n\n\n<h3 class=\"wp-block-heading\"><strong>Novas Normas Regulamentadoras<\/strong><\/h3>\n\n\n\n<p>Ao longo de 2019 e 2020, o governo federal tem anunciado uma s\u00e9rie de altera\u00e7\u00f5es nas Normas Regulamentadoras, com o objetivo de simplificar e modernizar a legisla\u00e7\u00e3o trabalhista, incorporando elementos tecnol\u00f3gicos e de gest\u00e3o \u00e0 \u00e1rea de SST. Algumas, inclusive, estavam pr\u00f3ximas de entrar em vigor, mas foram <a href=\"https:\/\/simpep.com.br\/normas-regulamentadoras-terao-novo-prazo-para-entrada-em-vigor\/#:~:text=Previstas%20inicialmente%20para%20come%C3%A7arem%20a,Trabalho%20do%20Minist%C3%A9rio%20da%20Economia.\" target=\"_blank\" rel=\"noreferrer noopener\" aria-label=\"adiadas em raz\u00e3o da pandemia (abre numa nova aba)\">adiadas em raz\u00e3o da pandemia<\/a>. Previstas inicialmente para mar\u00e7o de 2021, as NRs 1, 7, 9 e 18 agora entrar\u00e3o em vigor a partir de 1\u00ba de agosto.<\/p>\n\n\n\n<p>Com isso, as empresas ter\u00e3o mais tempo para se preparar para a implanta\u00e7\u00e3o do <a href=\"https:\/\/www.ocupacional.com.br\/ocupacional\/normas-regulamentadoras-conheca-o-gro-e-o-pgr\/\" target=\"_blank\" rel=\"noreferrer noopener\" aria-label=\"Programa de Gerenciamento de Riscos (abre numa nova aba)\">Programa de Gerenciamento de Riscos<\/a> (PGR), apresentado oficialmente em mar\u00e7o deste ano. Ele representa uma evolu\u00e7\u00e3o do Programa de Preven\u00e7\u00e3o de Riscos Ambientais (PPRA), que n\u00e3o precisar\u00e1 mais ser realizado. A nova reda\u00e7\u00e3o tem nos sistemas de gest\u00e3o e nas certifica\u00e7\u00f5es de SST \u2013 como a ISO 45001 e a OHSAS 18001 \u2013 as principais refer\u00eancias. Tudo isso para construir um material de SST que possa, de fato, ser usado no dia a dia das empresas, adaptado aos mais modernos conceitos de gest\u00e3o praticados no mundo.<\/p>\n\n\n\n<p><strong>Leia tamb\u00e9m:<\/strong> <a href=\"https:\/\/www.ocupacional.com.br\/ocupacional\/pgr-como-elaborar-um-bom-plano-de-acao\/\" target=\"_blank\" rel=\"noreferrer noopener\" aria-label=\"Como elaborar um bom plano de a\u00e7\u00e3o no PGR (abre numa nova aba)\">Como elaborar um bom plano de a\u00e7\u00e3o no PGR<\/a><\/p>\n\n\n\n<h3 class=\"wp-block-heading\"><strong>eSocial em 2021<\/strong><\/h3>\n\n\n\n<p>Em raz\u00e3o da pandemia, todos os prazos de implementa\u00e7\u00e3o do\neSocial foram adiados em setembro deste ano. Um m\u00eas depois, o governo federal\nanunciou novidades, com o novo cronograma e a prometida reformula\u00e7\u00e3o do\nsistema, com a cria\u00e7\u00e3o do eSocial Simplificado. As altera\u00e7\u00f5es foram pensadas\npara desburocratizar o preenchimento das informa\u00e7\u00f5es, de forma a substituir\nobriga\u00e7\u00f5es acess\u00f3rias, eliminar pontos de complexidade e garantir a integridade\ne continuidade da informa\u00e7\u00e3o, respeitando o investimento j\u00e1 feito por empresas\ne profissionais.<\/p>\n\n\n\n<p>As novas fases est\u00e3o previstas para come\u00e7ar em maio de 2021, com as empresas do Grupo 3 sendo obrigadas a enviar as informa\u00e7\u00f5es dos eventos peri\u00f3dicos S-1200 a S-1299. Para conferir o calend\u00e1rio completo, <a href=\"https:\/\/www.ocupacional.com.br\/ocupacional\/vem-ai-esocial-simplificado\/\" target=\"_blank\" rel=\"noreferrer noopener\" aria-label=\"consulte nosso post sobre o tema (abre numa nova aba)\">consulte nosso post sobre o tema<\/a>.<\/p>\n\n\n\n<h3 class=\"wp-block-heading\"><strong>Junto com voc\u00ea<\/strong><\/h3>\n\n\n\n<p>Mais do que nos anos anteriores, a Ocupacional precisou\nestar ainda mais pr\u00f3xima de seus clientes durante o ano de 2020. Foram muitos\ndesafios enfrentados, mas agimos com prontid\u00e3o para auxiliar as empresas a\nlidar com a pandemia e as novas exig\u00eancias da \u00e1rea de Seguran\u00e7a e Sa\u00fade do\nTrabalho. Meses de muito trabalho, mas de grande satisfa\u00e7\u00e3o por cuidar do\nbem-estar de todos. E se a sua empresa precisa desse apoio em 2021, venha\nconversar com a gente!<\/p>\n\n\n\n<figure class=\"wp-block-image\"><a href=\"https:\/\/www.ocupacional.com.br\/ocupacional\/solicite-uma-proposta\/\"><img decoding=\"async\" src=\"https:\/\/www.ocupacional.com.br\/ocupacional\/wp-content\/uploads\/ctaSoliciteProposta.jpg\" alt=\"\" class=\"wp-image-3686\"\/><\/a><\/figure>\n","protected":false},"excerpt":{"rendered":"<p>\t\t\t\tDesafios impostos pela pandemia marcaram o ano e deixam uma li\u00e7\u00e3o sobre a import\u00e2ncia das a\u00e7\u00f5es de seguran\u00e7a e de sa\u00fade no ambiente de trabalho.\t\t<\/p>\n","protected":false},"author":2,"featured_media":7450,"comment_status":"closed","ping_status":"open","sticky":false,"template":"","format":"standard","meta":{"_acf_changed":false,"inline_featured_image":false,"footnotes":""},"categories":[41,44],"tags":[],"acf":[],"yoast_head":"<!-- This site is optimized with the Yoast SEO plugin v24.5 - https:\/\/yoast.com\/wordpress\/plugins\/seo\/ -->\n<title>Retrospectiva 2020: um olhar para a SST - Blog - Ocupacional<\/title>\n<meta name=\"robots\" content=\"index, follow, max-snippet:-1, max-image-preview:large, max-video-preview:-1\" \/>\n<link rel=\"canonical\" href=\"https:\/\/ocupacional.incdigital.com.br\/retrospectiva-2020-um-olhar-para-a-sst\/\" \/>\n<meta property=\"og:locale\" content=\"pt_BR\" \/>\n<meta property=\"og:type\" content=\"article\" \/>\n<meta property=\"og:title\" content=\"Retrospectiva 2020: um olhar para a SST - Blog - Ocupacional\" \/>\n<meta property=\"og:description\" content=\"Desafios impostos pela pandemia marcaram o ano e deixam uma li\u00e7\u00e3o sobre a import\u00e2ncia das a\u00e7\u00f5es de seguran\u00e7a e de sa\u00fade no ambiente de trabalho.\" \/>\n<meta property=\"og:url\" content=\"https:\/\/ocupacional.incdigital.com.br\/retrospectiva-2020-um-olhar-para-a-sst\/\" \/>\n<meta property=\"og:site_name\" content=\"Ocupacional\" \/>\n<meta property=\"article:published_time\" content=\"2020-12-14T15:54:51+00:00\" \/>\n<meta property=\"article:modified_time\" content=\"2025-01-28T16:17:33+00:00\" \/>\n<meta property=\"og:image\" content=\"https:\/\/ocupacional.incdigital.com.br\/wp-content\/uploads\/2020\/12\/retrospectiva-2020-um-olhar-1.jpg\" \/>\n\t<meta property=\"og:image:width\" content=\"600\" \/>\n\t<meta property=\"og:image:height\" content=\"270\" \/>\n\t<meta property=\"og:image:type\" content=\"image\/jpeg\" \/>\n<meta name=\"author\" content=\"Ocupacional\" \/>\n<meta name=\"twitter:card\" content=\"summary_large_image\" \/>\n<meta name=\"twitter:label1\" content=\"Escrito por\" \/>\n\t<meta name=\"twitter:data1\" content=\"Ocupacional\" \/>\n\t<meta name=\"twitter:label2\" content=\"Est. tempo de leitura\" \/>\n\t<meta name=\"twitter:data2\" content=\"6 minutos\" \/>\n<script type=\"application\/ld+json\" class=\"yoast-schema-graph\">{\"@context\":\"https:\/\/schema.org\",\"@graph\":[{\"@type\":\"Article\",\"@id\":\"https:\/\/ocupacional.incdigital.com.br\/retrospectiva-2020-um-olhar-para-a-sst\/#article\",\"isPartOf\":{\"@id\":\"https:\/\/ocupacional.incdigital.com.br\/retrospectiva-2020-um-olhar-para-a-sst\/\"},\"author\":{\"name\":\"Ocupacional\",\"@id\":\"https:\/\/ocupacional.com.br\/site\/#\/schema\/person\/9614e9b9e3c9ec0ba39804d95b2691b7\"},\"headline\":\"Retrospectiva 2020: um olhar para a SST\",\"datePublished\":\"2020-12-14T15:54:51+00:00\",\"dateModified\":\"2025-01-28T16:17:33+00:00\",\"mainEntityOfPage\":{\"@id\":\"https:\/\/ocupacional.incdigital.com.br\/retrospectiva-2020-um-olhar-para-a-sst\/\"},\"wordCount\":1114,\"publisher\":{\"@id\":\"https:\/\/ocupacional.com.br\/site\/#organization\"},\"image\":{\"@id\":\"https:\/\/ocupacional.incdigital.com.br\/retrospectiva-2020-um-olhar-para-a-sst\/#primaryimage\"},\"thumbnailUrl\":\"https:\/\/ocupacional.com.br\/site\/wp-content\/uploads\/2020\/12\/retrospectiva-2020-um-olhar-1.jpg\",\"articleSection\":[\"Gest\u00e3o Ocupacional\",\"Sa\u00fade e Qualidade de Vida\"],\"inLanguage\":\"pt-BR\"},{\"@type\":\"WebPage\",\"@id\":\"https:\/\/ocupacional.incdigital.com.br\/retrospectiva-2020-um-olhar-para-a-sst\/\",\"url\":\"https:\/\/ocupacional.incdigital.com.br\/retrospectiva-2020-um-olhar-para-a-sst\/\",\"name\":\"Retrospectiva 2020: um olhar para a SST - Blog - Ocupacional\",\"isPartOf\":{\"@id\":\"https:\/\/ocupacional.com.br\/site\/#website\"},\"primaryImageOfPage\":{\"@id\":\"https:\/\/ocupacional.incdigital.com.br\/retrospectiva-2020-um-olhar-para-a-sst\/#primaryimage\"},\"image\":{\"@id\":\"https:\/\/ocupacional.incdigital.com.br\/retrospectiva-2020-um-olhar-para-a-sst\/#primaryimage\"},\"thumbnailUrl\":\"https:\/\/ocupacional.com.br\/site\/wp-content\/uploads\/2020\/12\/retrospectiva-2020-um-olhar-1.jpg\",\"datePublished\":\"2020-12-14T15:54:51+00:00\",\"dateModified\":\"2025-01-28T16:17:33+00:00\",\"breadcrumb\":{\"@id\":\"https:\/\/ocupacional.incdigital.com.br\/retrospectiva-2020-um-olhar-para-a-sst\/#breadcrumb\"},\"inLanguage\":\"pt-BR\",\"potentialAction\":[{\"@type\":\"ReadAction\",\"target\":[\"https:\/\/ocupacional.incdigital.com.br\/retrospectiva-2020-um-olhar-para-a-sst\/\"]}]},{\"@type\":\"ImageObject\",\"inLanguage\":\"pt-BR\",\"@id\":\"https:\/\/ocupacional.incdigital.com.br\/retrospectiva-2020-um-olhar-para-a-sst\/#primaryimage\",\"url\":\"https:\/\/ocupacional.com.br\/site\/wp-content\/uploads\/2020\/12\/retrospectiva-2020-um-olhar-1.jpg\",\"contentUrl\":\"https:\/\/ocupacional.com.br\/site\/wp-content\/uploads\/2020\/12\/retrospectiva-2020-um-olhar-1.jpg\",\"width\":600,\"height\":270},{\"@type\":\"BreadcrumbList\",\"@id\":\"https:\/\/ocupacional.incdigital.com.br\/retrospectiva-2020-um-olhar-para-a-sst\/#breadcrumb\",\"itemListElement\":[{\"@type\":\"ListItem\",\"position\":1,\"name\":\"In\u00edcio\",\"item\":\"https:\/\/ocupacional.incdigital.com.br\/\"},{\"@type\":\"ListItem\",\"position\":2,\"name\":\"Retrospectiva 2020: um olhar para a SST\"}]},{\"@type\":\"WebSite\",\"@id\":\"https:\/\/ocupacional.com.br\/site\/#website\",\"url\":\"https:\/\/ocupacional.com.br\/site\/\",\"name\":\"Ocupacional\",\"description\":\"As obriga\u00e7\u00f5es de sa\u00fade e seguran\u00e7a do trabalho\\u2028da sua empresa sob total controle\",\"publisher\":{\"@id\":\"https:\/\/ocupacional.com.br\/site\/#organization\"},\"potentialAction\":[{\"@type\":\"SearchAction\",\"target\":{\"@type\":\"EntryPoint\",\"urlTemplate\":\"https:\/\/ocupacional.com.br\/site\/?s={search_term_string}\"},\"query-input\":{\"@type\":\"PropertyValueSpecification\",\"valueRequired\":true,\"valueName\":\"search_term_string\"}}],\"inLanguage\":\"pt-BR\"},{\"@type\":\"Organization\",\"@id\":\"https:\/\/ocupacional.com.br\/site\/#organization\",\"name\":\"Ocupacional\",\"url\":\"https:\/\/ocupacional.com.br\/site\/\",\"logo\":{\"@type\":\"ImageObject\",\"inLanguage\":\"pt-BR\",\"@id\":\"https:\/\/ocupacional.com.br\/site\/#\/schema\/logo\/image\/\",\"url\":\"https:\/\/ocupacional.com.br\/site\/wp-content\/uploads\/2021\/01\/logoocp-8.png\",\"contentUrl\":\"https:\/\/ocupacional.com.br\/site\/wp-content\/uploads\/2021\/01\/logoocp-8.png\",\"width\":704,\"height\":109,\"caption\":\"Ocupacional\"},\"image\":{\"@id\":\"https:\/\/ocupacional.com.br\/site\/#\/schema\/logo\/image\/\"}},{\"@type\":\"Person\",\"@id\":\"https:\/\/ocupacional.com.br\/site\/#\/schema\/person\/9614e9b9e3c9ec0ba39804d95b2691b7\",\"name\":\"Ocupacional\",\"image\":{\"@type\":\"ImageObject\",\"inLanguage\":\"pt-BR\",\"@id\":\"https:\/\/ocupacional.com.br\/site\/#\/schema\/person\/image\/\",\"url\":\"https:\/\/secure.gravatar.com\/avatar\/f703cebaf51466d6b9274b776e57c489?s=96&d=blank&r=g\",\"contentUrl\":\"https:\/\/secure.gravatar.com\/avatar\/f703cebaf51466d6b9274b776e57c489?s=96&d=blank&r=g\",\"caption\":\"Ocupacional\"},\"url\":\"https:\/\/ocupacional.com.br\/site\/author\/ocupacional\/\"}]}<\/script>\n<!-- \/ Yoast SEO plugin. -->","yoast_head_json":{"title":"Retrospectiva 2020: um olhar para a SST - Blog - Ocupacional","robots":{"index":"index","follow":"follow","max-snippet":"max-snippet:-1","max-image-preview":"max-image-preview:large","max-video-preview":"max-video-preview:-1"},"canonical":"https:\/\/ocupacional.incdigital.com.br\/retrospectiva-2020-um-olhar-para-a-sst\/","og_locale":"pt_BR","og_type":"article","og_title":"Retrospectiva 2020: um olhar para a SST - Blog - Ocupacional","og_description":"Desafios impostos pela pandemia marcaram o ano e deixam uma li\u00e7\u00e3o sobre a import\u00e2ncia das a\u00e7\u00f5es de seguran\u00e7a e de sa\u00fade no ambiente de trabalho.","og_url":"https:\/\/ocupacional.incdigital.com.br\/retrospectiva-2020-um-olhar-para-a-sst\/","og_site_name":"Ocupacional","article_published_time":"2020-12-14T15:54:51+00:00","article_modified_time":"2025-01-28T16:17:33+00:00","og_image":[{"width":600,"height":270,"url":"https:\/\/ocupacional.incdigital.com.br\/wp-content\/uploads\/2020\/12\/retrospectiva-2020-um-olhar-1.jpg","type":"image\/jpeg"}],"author":"Ocupacional","twitter_card":"summary_large_image","twitter_misc":{"Escrito por":"Ocupacional","Est. tempo de leitura":"6 minutos"},"schema":{"@context":"https:\/\/schema.org","@graph":[{"@type":"Article","@id":"https:\/\/ocupacional.incdigital.com.br\/retrospectiva-2020-um-olhar-para-a-sst\/#article","isPartOf":{"@id":"https:\/\/ocupacional.incdigital.com.br\/retrospectiva-2020-um-olhar-para-a-sst\/"},"author":{"name":"Ocupacional","@id":"https:\/\/ocupacional.com.br\/site\/#\/schema\/person\/9614e9b9e3c9ec0ba39804d95b2691b7"},"headline":"Retrospectiva 2020: um olhar para a SST","datePublished":"2020-12-14T15:54:51+00:00","dateModified":"2025-01-28T16:17:33+00:00","mainEntityOfPage":{"@id":"https:\/\/ocupacional.incdigital.com.br\/retrospectiva-2020-um-olhar-para-a-sst\/"},"wordCount":1114,"publisher":{"@id":"https:\/\/ocupacional.com.br\/site\/#organization"},"image":{"@id":"https:\/\/ocupacional.incdigital.com.br\/retrospectiva-2020-um-olhar-para-a-sst\/#primaryimage"},"thumbnailUrl":"https:\/\/ocupacional.com.br\/site\/wp-content\/uploads\/2020\/12\/retrospectiva-2020-um-olhar-1.jpg","articleSection":["Gest\u00e3o Ocupacional","Sa\u00fade e Qualidade de Vida"],"inLanguage":"pt-BR"},{"@type":"WebPage","@id":"https:\/\/ocupacional.incdigital.com.br\/retrospectiva-2020-um-olhar-para-a-sst\/","url":"https:\/\/ocupacional.incdigital.com.br\/retrospectiva-2020-um-olhar-para-a-sst\/","name":"Retrospectiva 2020: um olhar para a SST - Blog - Ocupacional","isPartOf":{"@id":"https:\/\/ocupacional.com.br\/site\/#website"},"primaryImageOfPage":{"@id":"https:\/\/ocupacional.incdigital.com.br\/retrospectiva-2020-um-olhar-para-a-sst\/#primaryimage"},"image":{"@id":"https:\/\/ocupacional.incdigital.com.br\/retrospectiva-2020-um-olhar-para-a-sst\/#primaryimage"},"thumbnailUrl":"https:\/\/ocupacional.com.br\/site\/wp-content\/uploads\/2020\/12\/retrospectiva-2020-um-olhar-1.jpg","datePublished":"2020-12-14T15:54:51+00:00","dateModified":"2025-01-28T16:17:33+00:00","breadcrumb":{"@id":"https:\/\/ocupacional.incdigital.com.br\/retrospectiva-2020-um-olhar-para-a-sst\/#breadcrumb"},"inLanguage":"pt-BR","potentialAction":[{"@type":"ReadAction","target":["https:\/\/ocupacional.incdigital.com.br\/retrospectiva-2020-um-olhar-para-a-sst\/"]}]},{"@type":"ImageObject","inLanguage":"pt-BR","@id":"https:\/\/ocupacional.incdigital.com.br\/retrospectiva-2020-um-olhar-para-a-sst\/#primaryimage","url":"https:\/\/ocupacional.com.br\/site\/wp-content\/uploads\/2020\/12\/retrospectiva-2020-um-olhar-1.jpg","contentUrl":"https:\/\/ocupacional.com.br\/site\/wp-content\/uploads\/2020\/12\/retrospectiva-2020-um-olhar-1.jpg","width":600,"height":270},{"@type":"BreadcrumbList","@id":"https:\/\/ocupacional.incdigital.com.br\/retrospectiva-2020-um-olhar-para-a-sst\/#breadcrumb","itemListElement":[{"@type":"ListItem","position":1,"name":"In\u00edcio","item":"https:\/\/ocupacional.incdigital.com.br\/"},{"@type":"ListItem","position":2,"name":"Retrospectiva 2020: um olhar para a SST"}]},{"@type":"WebSite","@id":"https:\/\/ocupacional.com.br\/site\/#website","url":"https:\/\/ocupacional.com.br\/site\/","name":"Ocupacional","description":"As obriga\u00e7\u00f5es de sa\u00fade e seguran\u00e7a do trabalho\u2028da sua empresa sob total controle","publisher":{"@id":"https:\/\/ocupacional.com.br\/site\/#organization"},"potentialAction":[{"@type":"SearchAction","target":{"@type":"EntryPoint","urlTemplate":"https:\/\/ocupacional.com.br\/site\/?s={search_term_string}"},"query-input":{"@type":"PropertyValueSpecification","valueRequired":true,"valueName":"search_term_string"}}],"inLanguage":"pt-BR"},{"@type":"Organization","@id":"https:\/\/ocupacional.com.br\/site\/#organization","name":"Ocupacional","url":"https:\/\/ocupacional.com.br\/site\/","logo":{"@type":"ImageObject","inLanguage":"pt-BR","@id":"https:\/\/ocupacional.com.br\/site\/#\/schema\/logo\/image\/","url":"https:\/\/ocupacional.com.br\/site\/wp-content\/uploads\/2021\/01\/logoocp-8.png","contentUrl":"https:\/\/ocupacional.com.br\/site\/wp-content\/uploads\/2021\/01\/logoocp-8.png","width":704,"height":109,"caption":"Ocupacional"},"image":{"@id":"https:\/\/ocupacional.com.br\/site\/#\/schema\/logo\/image\/"}},{"@type":"Person","@id":"https:\/\/ocupacional.com.br\/site\/#\/schema\/person\/9614e9b9e3c9ec0ba39804d95b2691b7","name":"Ocupacional","image":{"@type":"ImageObject","inLanguage":"pt-BR","@id":"https:\/\/ocupacional.com.br\/site\/#\/schema\/person\/image\/","url":"https:\/\/secure.gravatar.com\/avatar\/f703cebaf51466d6b9274b776e57c489?s=96&d=blank&r=g","contentUrl":"https:\/\/secure.gravatar.com\/avatar\/f703cebaf51466d6b9274b776e57c489?s=96&d=blank&r=g","caption":"Ocupacional"},"url":"https:\/\/ocupacional.com.br\/site\/author\/ocupacional\/"}]}},"_links":{"self":[{"href":"https:\/\/ocupacional.com.br\/site\/wp-json\/wp\/v2\/posts\/3729"}],"collection":[{"href":"https:\/\/ocupacional.com.br\/site\/wp-json\/wp\/v2\/posts"}],"about":[{"href":"https:\/\/ocupacional.com.br\/site\/wp-json\/wp\/v2\/types\/post"}],"author":[{"embeddable":true,"href":"https:\/\/ocupacional.com.br\/site\/wp-json\/wp\/v2\/users\/2"}],"replies":[{"embeddable":true,"href":"https:\/\/ocupacional.com.br\/site\/wp-json\/wp\/v2\/comments?post=3729"}],"version-history":[{"count":1,"href":"https:\/\/ocupacional.com.br\/site\/wp-json\/wp\/v2\/posts\/3729\/revisions"}],"predecessor-version":[{"id":11347,"href":"https:\/\/ocupacional.com.br\/site\/wp-json\/wp\/v2\/posts\/3729\/revisions\/11347"}],"wp:featuredmedia":[{"embeddable":true,"href":"https:\/\/ocupacional.com.br\/site\/wp-json\/wp\/v2\/media\/7450"}],"wp:attachment":[{"href":"https:\/\/ocupacional.com.br\/site\/wp-json\/wp\/v2\/media?parent=3729"}],"wp:term":[{"taxonomy":"category","embeddable":true,"href":"https:\/\/ocupacional.com.br\/site\/wp-json\/wp\/v2\/categories?post=3729"},{"taxonomy":"post_tag","embeddable":true,"href":"https:\/\/ocupacional.com.br\/site\/wp-json\/wp\/v2\/tags?post=3729"}],"curies":[{"name":"wp","href":"https:\/\/api.w.org\/{rel}","templated":true}]}}