{"id":3723,"date":"2020-11-16T11:44:34","date_gmt":"2020-11-16T11:44:34","guid":{"rendered":"https:\/\/www.ocupacional.com.br\/ocupacional\/?p=3723"},"modified":"2020-11-16T11:44:34","modified_gmt":"2020-11-16T11:44:34","slug":"novembro-azul-como-as-empresas-podem-contribuir","status":"publish","type":"post","link":"https:\/\/ocupacional.com.br\/site\/novembro-azul-como-as-empresas-podem-contribuir\/","title":{"rendered":"Novembro azul: como as empresas podem contribuir?"},"content":{"rendered":"\n<p><em>A\u00e7\u00f5es de preven\u00e7\u00e3o s\u00e3o importantes para estimular\nconversas entre os homens e trazer mais conhecimento para os colaboradores<\/em><\/p>\n\n\n\n<p>Saem os <a href=\"https:\/\/www.ocupacional.com.br\/ocupacional\/por-que-conversar-sobre-o-cancer-de-mama\/\" target=\"_blank\" rel=\"noreferrer noopener\" aria-label=\"tons rosas (abre numa nova aba)\">tons rosas<\/a> e entram os azuis. Em novembro, \u00e9 a vez de voltarmos as aten\u00e7\u00f5es para os cuidados com a sa\u00fade dos homens, em especial para a preven\u00e7\u00e3o do c\u00e2ncer de pr\u00f3stata. Ainda h\u00e1 um grande preconceito sobre esse assunto, mas as empresas podem contribuir para trazer os debates de forma leve e sem tabus. <\/p>\n\n\n\n<p>At\u00e9 mesmo porque h\u00e1 uma tend\u00eancia de os homens negligenciarem os cuidados com a sa\u00fade. Uma <a href=\"https:\/\/www.bayerjovens.com.br\/pt\/materia\/?materia=homem-inteligente-cuida-da-saude\" target=\"_blank\" rel=\"noreferrer noopener\" aria-label=\"pesquisa realizada pela Bayer (abre numa nova aba)\">pesquisa realizada pela Bayer<\/a> realizada em 2018 mostrou que 24% dos entrevistados n\u00e3o realizou o teste de toque retal porque consideram a ideia pouco m\u00e1scula, 15% confiam que dosar o PSA no sangue \u00e9 suficiente e 13% acham o exame desnecess\u00e1rio para o diagn\u00f3stico. Al\u00e9m disso, apenas 31% dos homens considera que todos devem fazer o exame a partir dos 50 anos \u2013 idade recomendada pelos profissionais de sa\u00fade \u2013 e 13% acreditam que se n\u00e3o h\u00e1 sintomas, n\u00e3o h\u00e1 necessidade de realiz\u00e1-lo.<\/p>\n\n\n\n<p>Diante de tamanho preconceito e desconhecimento, as\nempresas podem orientar os colaboradores e realizar uma s\u00e9rie de a\u00e7\u00f5es para\nestimular a preven\u00e7\u00e3o, al\u00e9m de oferecer o suporte necess\u00e1rio para os homens que\nforam diagnosticados com a doen\u00e7a.<\/p>\n\n\n\n<ul><li><strong>Comunica\u00e7\u00e3o interna<\/strong><\/li><\/ul>\n\n\n\n<p>Ferramenta essencial para qualquer empresa, pela qual\npodem ser transmitidos comunicados por diversos meios. Realiza\u00e7\u00e3o de mat\u00e9rias\nnos informativos internos, distribui\u00e7\u00e3o de cartilhas, envio de materiais por\ne-mail e via WhatsApp s\u00e3o apenas algumas das muitas op\u00e7\u00f5es que as companhias\npodem escolher na hora de trabalhar o tema dentro da comunica\u00e7\u00e3o interna.<\/p>\n\n\n\n<ul><li><strong>A\u00e7\u00f5es de endomarketing<\/strong> <\/li><\/ul>\n\n\n\n<p>Como ainda h\u00e1 muita desinforma\u00e7\u00e3o entre os homens, as\na\u00e7\u00f5es de endomarketing acabam sendo formas diferentes para contribuir com a\ndissemina\u00e7\u00e3o de uma ideia, de modo a fix\u00e1-la na cabe\u00e7a dos colaboradores. Como\nisso ser\u00e1 feito depende muito do estilo da empresa e das propostas da equipe de\nComunica\u00e7\u00e3o e RH. Algumas a\u00e7\u00f5es s\u00e3o bem comuns, como a distribui\u00e7\u00e3o de la\u00e7os azuis,\ncamisas e materiais com o s\u00edmbolo da campanha. Outras s\u00e3o mais l\u00fadicas, como o\nest\u00edmulo aos homens deixarem o bigode durante todo o m\u00eas ou dedicar um dia\ninteiro para debater o assunto.<\/p>\n\n\n\n<ul><li><strong>Eventos\nde sa\u00fade<\/strong><\/li><\/ul>\n\n\n\n<p>Debates, palestras e atividades ao ar livre \u2013 como\ncaminhadas e treinos funcionais \u2013 tamb\u00e9m contribuem para estimular os\nfuncion\u00e1rios. A presen\u00e7a de um profissional de sa\u00fade ou um educador f\u00edsico\nainda contribui para oferecer informa\u00e7\u00f5es sobre h\u00e1bitos saud\u00e1veis, um dos\nfatores de preven\u00e7\u00e3o do c\u00e2ncer de pr\u00f3stata.<\/p>\n\n\n\n<p>Tudo isso deve ser realizado com alguns objetivos em\nmente: informar os colabores sobre os riscos da doen\u00e7a e estimular a realiza\u00e7\u00e3o\ndos exames preventivos. \u00c9 preciso um trabalho cont\u00ednuo para romper o\npreconceito sobre o assunto, mas que ter\u00e1 impactos em longo prazo. S\u00f3 assim a\nempresa pode contribuir de fato para garantir a sa\u00fade de seus empregados.<\/p>\n\n\n\n<h3 class=\"wp-block-heading\"><strong>Em n\u00fameros<\/strong><\/h3>\n\n\n\n<p>O c\u00e2ncer de pr\u00f3stata \u00e9 o segundo mais comum entre os\nhomens, atr\u00e1s apenas do c\u00e2ncer de pele n\u00e3o-melanoma. Se considerarmos os dois\nsexos, ele ainda \u00e9 o segundo colocado e possui uma taxa de incid\u00eancia maior em\npa\u00edses desenvolvidos. Para o ano de 2020, o Instituto Nacional do C\u00e2ncer (Inca)\nestima que ser\u00e3o 68.840 novos casos no pa\u00eds, com 15.576 mortes.<\/p>\n\n\n\n<p>S\u00e3o tumores que costumam crescer de forma lenta, levando\ncerca de 15 anos para atingir 1 cm\u00b3. Com isso, muitos n\u00e3o chegam a apresentar\nsinais durante a vida do paciente e nem amea\u00e7ar a sa\u00fade. Alguns, por\u00e9m, podem\nacabar crescendo de forma mais acelerada, espalhando para outros \u00f3rg\u00e3os e\nlevando o homem \u00e0 morte.<\/p>\n\n\n\n<h3 class=\"wp-block-heading\"><strong>Fatores de risco<\/strong><\/h3>\n\n\n\n<p>A idade \u00e9 um dos principais motivos para o surgimento do c\u00e2ncer de pr\u00f3stata. O Inca aponta que <a href=\"https:\/\/www.inca.gov.br\/tipos-de-cancer\/cancer-de-prostata\" target=\"_blank\" rel=\"noreferrer noopener\" aria-label=\"75% dos casos ocorrem com pessoas acima de 65 anos (abre numa nova aba)\">75% dos casos ocorrem com pessoas acima de 65 anos<\/a>. Mas n\u00e3o s\u00e3o apenas eles os afetados e outros fatores tamb\u00e9m precisam ser levados em considera\u00e7\u00e3o no momento de realizar a preven\u00e7\u00e3o:<\/p>\n\n\n\n<ul><li>Casos na fam\u00edlia;<\/li><li>Ser um homem negro ou descente de negros;<\/li><li>Excesso de gordura corporal;<\/li><li>Exposi\u00e7\u00e3o a elementos como aminas arom\u00e1ticas\n(ind\u00fastria qu\u00edmica, mec\u00e2nica e transforma\u00e7\u00e3o do alum\u00ednio), ars\u00eanio (agrot\u00f3xicos\ne conservante de madeira), derivados de petr\u00f3leo, gases dos motores de escape\nde ve\u00edculos, hidrocarbonetos polic\u00edclicos arom\u00e1ticos (HPA), fuligens e\ndioxinas.<\/li><\/ul>\n\n\n\n<h3 class=\"wp-block-heading\"><strong>Preven\u00e7\u00e3o<\/strong><\/h3>\n\n\n\n<p>A manuten\u00e7\u00e3o de h\u00e1bitos saud\u00e1veis ainda \u00e9 a melhor forma\nde prevenir o surgimento da doen\u00e7a. Manter uma alimenta\u00e7\u00e3o balanceada, realizar\npelo menos 30 minutos de atividades f\u00edsicas ao longo do dia, manter um peso\nadequado \u00e0 altura, diminuir o consumo de \u00e1lcool e n\u00e3o fumar s\u00e3o apenas algumas\ndas recomenda\u00e7\u00f5es para evitar o c\u00e2ncer.<\/p>\n\n\n\n<p>Mas \u00e9 preciso ficar atento, pois como a doen\u00e7a surge principalmente com a idade e a partir de uma predisposi\u00e7\u00e3o gen\u00e9tica, o diagn\u00f3stico precoce ainda \u00e9 a melhor preven\u00e7\u00e3o, pois as taxas de sobreviv\u00eancia s\u00e3o altas se o c\u00e2ncer \u00e9 detectado no in\u00edcio. \u201cEssas dicas n\u00e3o v\u00e3o impedir que uma pessoa tenha c\u00e2ncer de pr\u00f3stata, mas ajudam a diminuir os riscos de se adquirir a doen\u00e7a\u201d, explica o chefe do servi\u00e7o de Urologia do Inca, Franz Campos em <a href=\"http:\/\/www.blog.saude.gov.br\/index.php?option=com_content&amp;view=article&amp;id=53084&amp;catid=579&amp;Itemid=50218#:~:text=Da%20mesma%20forma%2C%20fazer%20uma,a%20prevenir%20contra%20essa%20e\" target=\"_blank\" rel=\"noreferrer noopener\" aria-label=\"entrevista ao Blog da Sa\u00fade do governo federal (abre numa nova aba)\">entrevista ao Blog da Sa\u00fade do governo federal<\/a>.<\/p>\n\n\n\n<h3 class=\"wp-block-heading\"><strong>Conhecimento para toda a equipe<\/strong><\/h3>\n\n\n\n<p>Para desenvolver um bom trabalho na \u00e1rea de SST, \u00e9\npreciso se manter atualizado. Para isso, realizar cursos e treinamentos com\nquem entende do assunto \u00e9 essencial. A Ocupacional oferece diversas\noportunidades nesse sentido, tanto presenciais quanto \u00e0 dist\u00e2ncia, para ajudar\nsua empresa a prevenir acidentes e manter a sa\u00fade e o bem-estar dos\ntrabalhadores.<\/p>\n\n\n\n<figure class=\"wp-block-image\"><a href=\"https:\/\/www.ocupacional.com.br\/ocupacional\/solicite-uma-proposta\/\" target=\"_blank\" rel=\"noreferrer noopener\"><img decoding=\"async\" src=\"https:\/\/www.ocupacional.com.br\/ocupacional\/wp-content\/uploads\/ctaSoliciteProposta.jpg\" alt=\"\" class=\"wp-image-3686\"\/><\/a><\/figure>\n","protected":false},"excerpt":{"rendered":"<p>\t\t\t\t\ufeffA\u00e7\u00f5es de preven\u00e7\u00e3o s\u00e3o importantes para estimular conversas entre os homens e trazer mais conhecimento para os colaboradores\t\t<\/p>\n","protected":false},"author":2,"featured_media":7454,"comment_status":"closed","ping_status":"open","sticky":false,"template":"","format":"standard","meta":{"_acf_changed":false,"inline_featured_image":false,"footnotes":""},"categories":[44],"tags":[],"acf":[],"yoast_head":"<!-- This site is optimized with the Yoast SEO plugin v24.5 - https:\/\/yoast.com\/wordpress\/plugins\/seo\/ -->\n<title>Novembro azul: como as empresas podem contribuir? - Blog - Ocupacional<\/title>\n<meta name=\"robots\" content=\"index, follow, max-snippet:-1, max-image-preview:large, max-video-preview:-1\" \/>\n<link rel=\"canonical\" href=\"https:\/\/ocupacional.incdigital.com.br\/novembro-azul-como-as-empresas-podem-contribuir\/\" \/>\n<meta property=\"og:locale\" content=\"pt_BR\" \/>\n<meta property=\"og:type\" content=\"article\" \/>\n<meta property=\"og:title\" content=\"Novembro azul: como as empresas podem contribuir? - Blog - Ocupacional\" \/>\n<meta property=\"og:description\" content=\"\ufeffA\u00e7\u00f5es de preven\u00e7\u00e3o s\u00e3o importantes para estimular conversas entre os homens e trazer mais conhecimento para os colaboradores\" \/>\n<meta property=\"og:url\" content=\"https:\/\/ocupacional.incdigital.com.br\/novembro-azul-como-as-empresas-podem-contribuir\/\" \/>\n<meta property=\"og:site_name\" content=\"Ocupacional\" \/>\n<meta property=\"article:published_time\" content=\"2020-11-16T11:44:34+00:00\" \/>\n<meta property=\"og:image\" content=\"https:\/\/ocupacional.com.br\/site\/wp-content\/uploads\/2020\/11\/novembro-azul-como-as-empresas-podem-contribuir-1.jpg\" \/>\n\t<meta property=\"og:image:width\" content=\"600\" \/>\n\t<meta property=\"og:image:height\" content=\"270\" \/>\n\t<meta property=\"og:image:type\" content=\"image\/jpeg\" \/>\n<meta name=\"author\" content=\"Ocupacional\" \/>\n<meta name=\"twitter:card\" content=\"summary_large_image\" \/>\n<meta name=\"twitter:label1\" content=\"Escrito por\" \/>\n\t<meta name=\"twitter:data1\" content=\"Ocupacional\" \/>\n\t<meta name=\"twitter:label2\" content=\"Est. tempo de leitura\" \/>\n\t<meta name=\"twitter:data2\" content=\"5 minutos\" \/>\n<script type=\"application\/ld+json\" class=\"yoast-schema-graph\">{\"@context\":\"https:\/\/schema.org\",\"@graph\":[{\"@type\":\"Article\",\"@id\":\"https:\/\/ocupacional.incdigital.com.br\/novembro-azul-como-as-empresas-podem-contribuir\/#article\",\"isPartOf\":{\"@id\":\"https:\/\/ocupacional.incdigital.com.br\/novembro-azul-como-as-empresas-podem-contribuir\/\"},\"author\":{\"name\":\"Ocupacional\",\"@id\":\"https:\/\/ocupacional.com.br\/site\/#\/schema\/person\/9614e9b9e3c9ec0ba39804d95b2691b7\"},\"headline\":\"Novembro azul: como as empresas podem contribuir?\",\"datePublished\":\"2020-11-16T11:44:34+00:00\",\"mainEntityOfPage\":{\"@id\":\"https:\/\/ocupacional.incdigital.com.br\/novembro-azul-como-as-empresas-podem-contribuir\/\"},\"wordCount\":1001,\"publisher\":{\"@id\":\"https:\/\/ocupacional.com.br\/site\/#organization\"},\"image\":{\"@id\":\"https:\/\/ocupacional.incdigital.com.br\/novembro-azul-como-as-empresas-podem-contribuir\/#primaryimage\"},\"thumbnailUrl\":\"https:\/\/ocupacional.com.br\/site\/wp-content\/uploads\/2020\/11\/novembro-azul-como-as-empresas-podem-contribuir-1.jpg\",\"articleSection\":[\"Sa\u00fade e Qualidade de Vida\"],\"inLanguage\":\"pt-BR\"},{\"@type\":\"WebPage\",\"@id\":\"https:\/\/ocupacional.incdigital.com.br\/novembro-azul-como-as-empresas-podem-contribuir\/\",\"url\":\"https:\/\/ocupacional.incdigital.com.br\/novembro-azul-como-as-empresas-podem-contribuir\/\",\"name\":\"Novembro azul: como as empresas podem contribuir? - Blog - Ocupacional\",\"isPartOf\":{\"@id\":\"https:\/\/ocupacional.com.br\/site\/#website\"},\"primaryImageOfPage\":{\"@id\":\"https:\/\/ocupacional.incdigital.com.br\/novembro-azul-como-as-empresas-podem-contribuir\/#primaryimage\"},\"image\":{\"@id\":\"https:\/\/ocupacional.incdigital.com.br\/novembro-azul-como-as-empresas-podem-contribuir\/#primaryimage\"},\"thumbnailUrl\":\"https:\/\/ocupacional.com.br\/site\/wp-content\/uploads\/2020\/11\/novembro-azul-como-as-empresas-podem-contribuir-1.jpg\",\"datePublished\":\"2020-11-16T11:44:34+00:00\",\"breadcrumb\":{\"@id\":\"https:\/\/ocupacional.incdigital.com.br\/novembro-azul-como-as-empresas-podem-contribuir\/#breadcrumb\"},\"inLanguage\":\"pt-BR\",\"potentialAction\":[{\"@type\":\"ReadAction\",\"target\":[\"https:\/\/ocupacional.incdigital.com.br\/novembro-azul-como-as-empresas-podem-contribuir\/\"]}]},{\"@type\":\"ImageObject\",\"inLanguage\":\"pt-BR\",\"@id\":\"https:\/\/ocupacional.incdigital.com.br\/novembro-azul-como-as-empresas-podem-contribuir\/#primaryimage\",\"url\":\"https:\/\/ocupacional.com.br\/site\/wp-content\/uploads\/2020\/11\/novembro-azul-como-as-empresas-podem-contribuir-1.jpg\",\"contentUrl\":\"https:\/\/ocupacional.com.br\/site\/wp-content\/uploads\/2020\/11\/novembro-azul-como-as-empresas-podem-contribuir-1.jpg\",\"width\":600,\"height\":270},{\"@type\":\"BreadcrumbList\",\"@id\":\"https:\/\/ocupacional.incdigital.com.br\/novembro-azul-como-as-empresas-podem-contribuir\/#breadcrumb\",\"itemListElement\":[{\"@type\":\"ListItem\",\"position\":1,\"name\":\"In\u00edcio\",\"item\":\"https:\/\/ocupacional.incdigital.com.br\/\"},{\"@type\":\"ListItem\",\"position\":2,\"name\":\"Novembro azul: como as empresas podem contribuir?\"}]},{\"@type\":\"WebSite\",\"@id\":\"https:\/\/ocupacional.com.br\/site\/#website\",\"url\":\"https:\/\/ocupacional.com.br\/site\/\",\"name\":\"Ocupacional\",\"description\":\"As obriga\u00e7\u00f5es de sa\u00fade e seguran\u00e7a do trabalho\\u2028da sua empresa sob total controle\",\"publisher\":{\"@id\":\"https:\/\/ocupacional.com.br\/site\/#organization\"},\"potentialAction\":[{\"@type\":\"SearchAction\",\"target\":{\"@type\":\"EntryPoint\",\"urlTemplate\":\"https:\/\/ocupacional.com.br\/site\/?s={search_term_string}\"},\"query-input\":{\"@type\":\"PropertyValueSpecification\",\"valueRequired\":true,\"valueName\":\"search_term_string\"}}],\"inLanguage\":\"pt-BR\"},{\"@type\":\"Organization\",\"@id\":\"https:\/\/ocupacional.com.br\/site\/#organization\",\"name\":\"Ocupacional\",\"url\":\"https:\/\/ocupacional.com.br\/site\/\",\"logo\":{\"@type\":\"ImageObject\",\"inLanguage\":\"pt-BR\",\"@id\":\"https:\/\/ocupacional.com.br\/site\/#\/schema\/logo\/image\/\",\"url\":\"https:\/\/ocupacional.com.br\/site\/wp-content\/uploads\/2021\/01\/logoocp-8.png\",\"contentUrl\":\"https:\/\/ocupacional.com.br\/site\/wp-content\/uploads\/2021\/01\/logoocp-8.png\",\"width\":704,\"height\":109,\"caption\":\"Ocupacional\"},\"image\":{\"@id\":\"https:\/\/ocupacional.com.br\/site\/#\/schema\/logo\/image\/\"}},{\"@type\":\"Person\",\"@id\":\"https:\/\/ocupacional.com.br\/site\/#\/schema\/person\/9614e9b9e3c9ec0ba39804d95b2691b7\",\"name\":\"Ocupacional\",\"image\":{\"@type\":\"ImageObject\",\"inLanguage\":\"pt-BR\",\"@id\":\"https:\/\/ocupacional.com.br\/site\/#\/schema\/person\/image\/\",\"url\":\"https:\/\/secure.gravatar.com\/avatar\/f703cebaf51466d6b9274b776e57c489?s=96&d=blank&r=g\",\"contentUrl\":\"https:\/\/secure.gravatar.com\/avatar\/f703cebaf51466d6b9274b776e57c489?s=96&d=blank&r=g\",\"caption\":\"Ocupacional\"},\"url\":\"https:\/\/ocupacional.com.br\/site\/author\/ocupacional\/\"}]}<\/script>\n<!-- \/ Yoast SEO plugin. -->","yoast_head_json":{"title":"Novembro azul: como as empresas podem contribuir? - Blog - Ocupacional","robots":{"index":"index","follow":"follow","max-snippet":"max-snippet:-1","max-image-preview":"max-image-preview:large","max-video-preview":"max-video-preview:-1"},"canonical":"https:\/\/ocupacional.incdigital.com.br\/novembro-azul-como-as-empresas-podem-contribuir\/","og_locale":"pt_BR","og_type":"article","og_title":"Novembro azul: como as empresas podem contribuir? - Blog - Ocupacional","og_description":"\ufeffA\u00e7\u00f5es de preven\u00e7\u00e3o s\u00e3o importantes para estimular conversas entre os homens e trazer mais conhecimento para os colaboradores","og_url":"https:\/\/ocupacional.incdigital.com.br\/novembro-azul-como-as-empresas-podem-contribuir\/","og_site_name":"Ocupacional","article_published_time":"2020-11-16T11:44:34+00:00","og_image":[{"width":600,"height":270,"url":"https:\/\/ocupacional.com.br\/site\/wp-content\/uploads\/2020\/11\/novembro-azul-como-as-empresas-podem-contribuir-1.jpg","type":"image\/jpeg"}],"author":"Ocupacional","twitter_card":"summary_large_image","twitter_misc":{"Escrito por":"Ocupacional","Est. tempo de leitura":"5 minutos"},"schema":{"@context":"https:\/\/schema.org","@graph":[{"@type":"Article","@id":"https:\/\/ocupacional.incdigital.com.br\/novembro-azul-como-as-empresas-podem-contribuir\/#article","isPartOf":{"@id":"https:\/\/ocupacional.incdigital.com.br\/novembro-azul-como-as-empresas-podem-contribuir\/"},"author":{"name":"Ocupacional","@id":"https:\/\/ocupacional.com.br\/site\/#\/schema\/person\/9614e9b9e3c9ec0ba39804d95b2691b7"},"headline":"Novembro azul: como as empresas podem contribuir?","datePublished":"2020-11-16T11:44:34+00:00","mainEntityOfPage":{"@id":"https:\/\/ocupacional.incdigital.com.br\/novembro-azul-como-as-empresas-podem-contribuir\/"},"wordCount":1001,"publisher":{"@id":"https:\/\/ocupacional.com.br\/site\/#organization"},"image":{"@id":"https:\/\/ocupacional.incdigital.com.br\/novembro-azul-como-as-empresas-podem-contribuir\/#primaryimage"},"thumbnailUrl":"https:\/\/ocupacional.com.br\/site\/wp-content\/uploads\/2020\/11\/novembro-azul-como-as-empresas-podem-contribuir-1.jpg","articleSection":["Sa\u00fade e Qualidade de Vida"],"inLanguage":"pt-BR"},{"@type":"WebPage","@id":"https:\/\/ocupacional.incdigital.com.br\/novembro-azul-como-as-empresas-podem-contribuir\/","url":"https:\/\/ocupacional.incdigital.com.br\/novembro-azul-como-as-empresas-podem-contribuir\/","name":"Novembro azul: como as empresas podem contribuir? - Blog - Ocupacional","isPartOf":{"@id":"https:\/\/ocupacional.com.br\/site\/#website"},"primaryImageOfPage":{"@id":"https:\/\/ocupacional.incdigital.com.br\/novembro-azul-como-as-empresas-podem-contribuir\/#primaryimage"},"image":{"@id":"https:\/\/ocupacional.incdigital.com.br\/novembro-azul-como-as-empresas-podem-contribuir\/#primaryimage"},"thumbnailUrl":"https:\/\/ocupacional.com.br\/site\/wp-content\/uploads\/2020\/11\/novembro-azul-como-as-empresas-podem-contribuir-1.jpg","datePublished":"2020-11-16T11:44:34+00:00","breadcrumb":{"@id":"https:\/\/ocupacional.incdigital.com.br\/novembro-azul-como-as-empresas-podem-contribuir\/#breadcrumb"},"inLanguage":"pt-BR","potentialAction":[{"@type":"ReadAction","target":["https:\/\/ocupacional.incdigital.com.br\/novembro-azul-como-as-empresas-podem-contribuir\/"]}]},{"@type":"ImageObject","inLanguage":"pt-BR","@id":"https:\/\/ocupacional.incdigital.com.br\/novembro-azul-como-as-empresas-podem-contribuir\/#primaryimage","url":"https:\/\/ocupacional.com.br\/site\/wp-content\/uploads\/2020\/11\/novembro-azul-como-as-empresas-podem-contribuir-1.jpg","contentUrl":"https:\/\/ocupacional.com.br\/site\/wp-content\/uploads\/2020\/11\/novembro-azul-como-as-empresas-podem-contribuir-1.jpg","width":600,"height":270},{"@type":"BreadcrumbList","@id":"https:\/\/ocupacional.incdigital.com.br\/novembro-azul-como-as-empresas-podem-contribuir\/#breadcrumb","itemListElement":[{"@type":"ListItem","position":1,"name":"In\u00edcio","item":"https:\/\/ocupacional.incdigital.com.br\/"},{"@type":"ListItem","position":2,"name":"Novembro azul: como as empresas podem contribuir?"}]},{"@type":"WebSite","@id":"https:\/\/ocupacional.com.br\/site\/#website","url":"https:\/\/ocupacional.com.br\/site\/","name":"Ocupacional","description":"As obriga\u00e7\u00f5es de sa\u00fade e seguran\u00e7a do trabalho\u2028da sua empresa sob total controle","publisher":{"@id":"https:\/\/ocupacional.com.br\/site\/#organization"},"potentialAction":[{"@type":"SearchAction","target":{"@type":"EntryPoint","urlTemplate":"https:\/\/ocupacional.com.br\/site\/?s={search_term_string}"},"query-input":{"@type":"PropertyValueSpecification","valueRequired":true,"valueName":"search_term_string"}}],"inLanguage":"pt-BR"},{"@type":"Organization","@id":"https:\/\/ocupacional.com.br\/site\/#organization","name":"Ocupacional","url":"https:\/\/ocupacional.com.br\/site\/","logo":{"@type":"ImageObject","inLanguage":"pt-BR","@id":"https:\/\/ocupacional.com.br\/site\/#\/schema\/logo\/image\/","url":"https:\/\/ocupacional.com.br\/site\/wp-content\/uploads\/2021\/01\/logoocp-8.png","contentUrl":"https:\/\/ocupacional.com.br\/site\/wp-content\/uploads\/2021\/01\/logoocp-8.png","width":704,"height":109,"caption":"Ocupacional"},"image":{"@id":"https:\/\/ocupacional.com.br\/site\/#\/schema\/logo\/image\/"}},{"@type":"Person","@id":"https:\/\/ocupacional.com.br\/site\/#\/schema\/person\/9614e9b9e3c9ec0ba39804d95b2691b7","name":"Ocupacional","image":{"@type":"ImageObject","inLanguage":"pt-BR","@id":"https:\/\/ocupacional.com.br\/site\/#\/schema\/person\/image\/","url":"https:\/\/secure.gravatar.com\/avatar\/f703cebaf51466d6b9274b776e57c489?s=96&d=blank&r=g","contentUrl":"https:\/\/secure.gravatar.com\/avatar\/f703cebaf51466d6b9274b776e57c489?s=96&d=blank&r=g","caption":"Ocupacional"},"url":"https:\/\/ocupacional.com.br\/site\/author\/ocupacional\/"}]}},"_links":{"self":[{"href":"https:\/\/ocupacional.com.br\/site\/wp-json\/wp\/v2\/posts\/3723"}],"collection":[{"href":"https:\/\/ocupacional.com.br\/site\/wp-json\/wp\/v2\/posts"}],"about":[{"href":"https:\/\/ocupacional.com.br\/site\/wp-json\/wp\/v2\/types\/post"}],"author":[{"embeddable":true,"href":"https:\/\/ocupacional.com.br\/site\/wp-json\/wp\/v2\/users\/2"}],"replies":[{"embeddable":true,"href":"https:\/\/ocupacional.com.br\/site\/wp-json\/wp\/v2\/comments?post=3723"}],"version-history":[{"count":0,"href":"https:\/\/ocupacional.com.br\/site\/wp-json\/wp\/v2\/posts\/3723\/revisions"}],"wp:featuredmedia":[{"embeddable":true,"href":"https:\/\/ocupacional.com.br\/site\/wp-json\/wp\/v2\/media\/7454"}],"wp:attachment":[{"href":"https:\/\/ocupacional.com.br\/site\/wp-json\/wp\/v2\/media?parent=3723"}],"wp:term":[{"taxonomy":"category","embeddable":true,"href":"https:\/\/ocupacional.com.br\/site\/wp-json\/wp\/v2\/categories?post=3723"},{"taxonomy":"post_tag","embeddable":true,"href":"https:\/\/ocupacional.com.br\/site\/wp-json\/wp\/v2\/tags?post=3723"}],"curies":[{"name":"wp","href":"https:\/\/api.w.org\/{rel}","templated":true}]}}