{"id":3698,"date":"2020-10-22T21:54:47","date_gmt":"2020-10-22T21:54:47","guid":{"rendered":"https:\/\/www.ocupacional.com.br\/ocupacional\/?p=3698"},"modified":"2020-10-22T21:54:47","modified_gmt":"2020-10-22T21:54:47","slug":"por-que-conversar-sobre-o-cancer-de-mama","status":"publish","type":"post","link":"https:\/\/ocupacional.com.br\/site\/por-que-conversar-sobre-o-cancer-de-mama\/","title":{"rendered":"Por que conversar sobre o c\u00e2ncer de mama?"},"content":{"rendered":"\n<p><em>Empresas t\u00eam papel fundamental para criar espa\u00e7os\nabertos de di\u00e1logo e para estimular a preven\u00e7\u00e3o contra a doen\u00e7a.<\/em><\/p>\n\n\n\n<p>Ainda \u00e9 muito dif\u00edcil falar sobre c\u00e2ncer. \u00c9 uma doen\u00e7a\nque carrega estigmas pesados para diversas fam\u00edlias e virou assunto tabu, com\npessoas que sequer gostam de citar o nome da doen\u00e7a. Mas \u00e9 preciso conversar\nsobre o assunto, pois a preven\u00e7\u00e3o ainda \u00e9 a melhor forma de tratamento. E isso\n\u00e9 ainda mais importante quando se fala em c\u00e2ncer de mama.<\/p>\n\n\n\n<p>Esse \u00e9 o segundo tipo mais comum entre as mulheres, representando cerca de 25% de todos os casos, atr\u00e1s apenas do c\u00e2ncer de pele. Segundo o estudo <em><a href=\"https:\/\/www.inca.gov.br\/sites\/ufu.sti.inca.local\/files\/media\/document\/estimativa-2020-incidencia-de-cancer-no-brasil.pdf\" target=\"_blank\" rel=\"noreferrer noopener\" aria-label=\"Estimativa 2020: incid\u00eancia de c\u00e2ncer no Brasil (abre numa nova aba)\">Estimativa 2020: incid\u00eancia de c\u00e2ncer no Brasil<\/a><\/em>, publicado pelo Instituto Nacional do C\u00e2ncer (Inca), ser\u00e3o cerca de 66.280 novos casos a cada ano do tri\u00eanio 2020-2022 \u2013 ou seja, um risco estimado de 61,61 casos a cada 100 mil mulheres.<\/p>\n\n\n\n<p>Diante desse cen\u00e1rio, a principal forma de preven\u00e7\u00e3o \u00e9 o diagn\u00f3stico precoce. Para isso, a mulher precisa conhecer bem o seu corpo para detectar qualquer anormalidade em suas mamas. Olhar, apalpar e sentir os seios diariamente \u00e9 t\u00e3o importante que o <a rel=\"noreferrer noopener\" aria-label=\"Minist\u00e9rio da Sa\u00fade aponta essa como a forma mais frequente para descoberta da doen\u00e7a (abre numa nova aba)\" href=\"http:\/\/bvsms.saude.gov.br\/bvs\/publicacoes\/cancer_mama_preciso_falar_disso.pdf\" target=\"_blank\">Minist\u00e9rio da Sa\u00fade aponta essa como a forma mais frequente para descoberta da doen\u00e7a<\/a>. Essas altera\u00e7\u00f5es tamb\u00e9m podem ser detectadas nos <a rel=\"noreferrer noopener\" aria-label=\"exames de rotina (abre numa nova aba)\" href=\"https:\/\/assistemed.com\/rotina-de-saude-que-todas-as-mulheres-devem-seguir\/\" target=\"_blank\">exames de rotina<\/a>, que devem ser iniciados aos 50 anos para aquelas mulheres sem hist\u00f3rico familiar ou que possuem algum fator de risco.<\/p>\n\n\n\n<p>Se descoberto precocemente, esse tipo de c\u00e2ncer pode ser\ntratado a tempo. Para isso, \u00e9 preciso ficar atento aos principais sinais da\ndoen\u00e7a:<\/p>\n\n\n\n<ul><li>Caro\u00e7o (n\u00f3dulo) endurecido, fixo e geralmente\nindolor. Est\u00e1 presente em 90% dos casos de c\u00e2nceres de mama;<\/li><li>Altera\u00e7\u00f5es no bico do peito;<\/li><li>Pequenos n\u00f3dulos na regi\u00e3o das axilas e do\npesco\u00e7o;<\/li><li>Sa\u00edda espont\u00e2nea de l\u00edquidos de um dos mamilos;<\/li><li>Pele da mama avermelhada, retra\u00edda ou parecida\ncom casca de laranja.<\/li><\/ul>\n\n\n\n<p>A detec\u00e7\u00e3o precoce vai ajudar no tratamento e, com isso,\na aumentar a taxa de sobreviv\u00eancia das pacientes.<\/p>\n\n\n\n<h3 class=\"wp-block-heading\"><strong>E as empresas com isso?<\/strong><\/h3>\n\n\n\n<p>A realiza\u00e7\u00e3o do Outubro Rosa \u00e9 uma oportunidade para as\nempresas colocarem o assunto em pauta e conversarem com suas funcion\u00e1rias sobre\na import\u00e2ncia dos cuidados com a sa\u00fade. Al\u00e9m de orientar os funcion\u00e1rios e\noferecer o suporte necess\u00e1rio \u00e0s pessoas doentes, elas tamb\u00e9m podem realizar\numa s\u00e9rie de a\u00e7\u00f5es para estimular a preven\u00e7\u00e3o, como a\u00e7\u00f5es de endomarketing,\neventos de sa\u00fade e um trabalho de comunica\u00e7\u00e3o interna.<\/p>\n\n\n\n<p>Mas o mais importante \u00e9 que a empresa encontre meios de\ninformar os trabalhadores sobre o risco da doen\u00e7a e estimule a realiza\u00e7\u00e3o dos\nexames preventivos. Como este texto mostra, a forma como isso \u00e9 desenvolvida\npode variar bastante. O objetivo, por\u00e9m, deve sempre permanecer o mesmo:\ngarantir a sa\u00fade de todos.<\/p>\n\n\n\n<p><strong>\u2022 Leia mais: <\/strong><a href=\"https:\/\/www.ocupacional.com.br\/ocupacional\/importancia-das-empresas-para-prevencao-do-cancer-de-mama\/\" target=\"_blank\" rel=\"noreferrer noopener\" aria-label=\"Import\u00e2ncia das empresas na preven\u00e7\u00e3o do c\u00e2ncer de mama (abre numa nova aba)\">Import\u00e2ncia das empresas na preven\u00e7\u00e3o do c\u00e2ncer de mama<\/a><\/p>\n\n\n\n<h3 class=\"wp-block-heading\"><strong>Outubro Rosa 2020<\/strong><\/h3>\n\n\n\n<p>Para a campanha deste ano, o Inca escolheu o mote \u201cCuidado com as mamas, carinho com seu corpo\u201d, para lembrar a import\u00e2ncia do autodiagn\u00f3stico e dos exames preventivos. Foram produzidos cartazes, folhetos, banners e cards para redes sociais, que podem ser divulgados pelas empresas n\u00e3o apenas em outubro, mas durante todo o ano. Para baixar o material, <a href=\"https:\/\/www.inca.gov.br\/campanhas\/cancer-de-mama\/2020\/outubro-rosa-2020\" target=\"_blank\" rel=\"noreferrer noopener\" aria-label=\"clique aqui (abre numa nova aba)\">clique aqui<\/a>.<\/p>\n\n\n\n<h3 class=\"wp-block-heading\"><strong>Aprendizado cont\u00ednuo<\/strong><\/h3>\n\n\n\n<p>Manter-se atualizado \u00e9 essencial para desenvolver um bom\ntrabalho de SST e, com o apoio de toda a equipe de trabalho, \u00e9 poss\u00edvel\nestabelecer as pr\u00e1ticas mais modernas do mercado. Para isso, realizar cursos e\ntreinamentos com quem entende do assunto \u00e9 essencial. A Ocupacional oferece\ndiversas oportunidades nesse sentido, tanto presenciais quanto \u00e0 dist\u00e2ncia,\npara ajudar sua empresa a prevenir acidentes e manter a sa\u00fade e o bem-estar dos\ntrabalhadores.<\/p>\n\n\n\n<figure class=\"wp-block-image\"><a href=\"https:\/\/www.ocupacional.com.br\/ocupacional\/solicite-uma-proposta\/\"><img decoding=\"async\" src=\"https:\/\/www.ocupacional.com.br\/ocupacional\/wp-content\/uploads\/ctaSoliciteProposta.jpg\" alt=\"\" class=\"wp-image-3686\"\/><\/a><\/figure>\n","protected":false},"excerpt":{"rendered":"<p>\t\t\t\tEmpresas t\u00eam papel fundamental para criar espa\u00e7os abertos de di\u00e1logo e para estimular a preven\u00e7\u00e3o contra a doen\u00e7a.\t\t<\/p>\n","protected":false},"author":2,"featured_media":7459,"comment_status":"closed","ping_status":"open","sticky":false,"template":"","format":"standard","meta":{"_acf_changed":false,"inline_featured_image":false,"footnotes":""},"categories":[44],"tags":[],"acf":[],"yoast_head":"<!-- This site is optimized with the Yoast SEO plugin v24.5 - https:\/\/yoast.com\/wordpress\/plugins\/seo\/ -->\n<title>Por que conversar sobre o c\u00e2ncer de mama? - Blog - Ocupacional<\/title>\n<meta name=\"robots\" content=\"index, follow, max-snippet:-1, max-image-preview:large, max-video-preview:-1\" \/>\n<link rel=\"canonical\" href=\"https:\/\/ocupacional.incdigital.com.br\/por-que-conversar-sobre-o-cancer-de-mama\/\" \/>\n<meta property=\"og:locale\" content=\"pt_BR\" \/>\n<meta property=\"og:type\" content=\"article\" \/>\n<meta property=\"og:title\" content=\"Por que conversar sobre o c\u00e2ncer de mama? - Blog - Ocupacional\" \/>\n<meta property=\"og:description\" content=\"Empresas t\u00eam papel fundamental para criar espa\u00e7os abertos de di\u00e1logo e para estimular a preven\u00e7\u00e3o contra a doen\u00e7a.\" \/>\n<meta property=\"og:url\" content=\"https:\/\/ocupacional.incdigital.com.br\/por-que-conversar-sobre-o-cancer-de-mama\/\" \/>\n<meta property=\"og:site_name\" content=\"Ocupacional\" \/>\n<meta property=\"article:published_time\" content=\"2020-10-22T21:54:47+00:00\" \/>\n<meta property=\"og:image\" content=\"https:\/\/ocupacional.com.br\/site\/wp-content\/uploads\/2020\/10\/por-que-conversar-sobre-o-cancer-de-mama-1.jpg\" \/>\n\t<meta property=\"og:image:width\" content=\"600\" \/>\n\t<meta property=\"og:image:height\" content=\"270\" \/>\n\t<meta property=\"og:image:type\" content=\"image\/jpeg\" \/>\n<meta name=\"author\" content=\"Ocupacional\" \/>\n<meta name=\"twitter:card\" content=\"summary_large_image\" \/>\n<meta name=\"twitter:label1\" content=\"Escrito por\" \/>\n\t<meta name=\"twitter:data1\" content=\"Ocupacional\" \/>\n\t<meta name=\"twitter:label2\" content=\"Est. tempo de leitura\" \/>\n\t<meta name=\"twitter:data2\" content=\"3 minutos\" \/>\n<script type=\"application\/ld+json\" class=\"yoast-schema-graph\">{\"@context\":\"https:\/\/schema.org\",\"@graph\":[{\"@type\":\"Article\",\"@id\":\"https:\/\/ocupacional.incdigital.com.br\/por-que-conversar-sobre-o-cancer-de-mama\/#article\",\"isPartOf\":{\"@id\":\"https:\/\/ocupacional.incdigital.com.br\/por-que-conversar-sobre-o-cancer-de-mama\/\"},\"author\":{\"name\":\"Ocupacional\",\"@id\":\"https:\/\/ocupacional.com.br\/site\/#\/schema\/person\/9614e9b9e3c9ec0ba39804d95b2691b7\"},\"headline\":\"Por que conversar sobre o c\u00e2ncer de mama?\",\"datePublished\":\"2020-10-22T21:54:47+00:00\",\"mainEntityOfPage\":{\"@id\":\"https:\/\/ocupacional.incdigital.com.br\/por-que-conversar-sobre-o-cancer-de-mama\/\"},\"wordCount\":650,\"publisher\":{\"@id\":\"https:\/\/ocupacional.com.br\/site\/#organization\"},\"image\":{\"@id\":\"https:\/\/ocupacional.incdigital.com.br\/por-que-conversar-sobre-o-cancer-de-mama\/#primaryimage\"},\"thumbnailUrl\":\"https:\/\/ocupacional.com.br\/site\/wp-content\/uploads\/2020\/10\/por-que-conversar-sobre-o-cancer-de-mama-1.jpg\",\"articleSection\":[\"Sa\u00fade e Qualidade de Vida\"],\"inLanguage\":\"pt-BR\"},{\"@type\":\"WebPage\",\"@id\":\"https:\/\/ocupacional.incdigital.com.br\/por-que-conversar-sobre-o-cancer-de-mama\/\",\"url\":\"https:\/\/ocupacional.incdigital.com.br\/por-que-conversar-sobre-o-cancer-de-mama\/\",\"name\":\"Por que conversar sobre o c\u00e2ncer de mama? - Blog - Ocupacional\",\"isPartOf\":{\"@id\":\"https:\/\/ocupacional.com.br\/site\/#website\"},\"primaryImageOfPage\":{\"@id\":\"https:\/\/ocupacional.incdigital.com.br\/por-que-conversar-sobre-o-cancer-de-mama\/#primaryimage\"},\"image\":{\"@id\":\"https:\/\/ocupacional.incdigital.com.br\/por-que-conversar-sobre-o-cancer-de-mama\/#primaryimage\"},\"thumbnailUrl\":\"https:\/\/ocupacional.com.br\/site\/wp-content\/uploads\/2020\/10\/por-que-conversar-sobre-o-cancer-de-mama-1.jpg\",\"datePublished\":\"2020-10-22T21:54:47+00:00\",\"breadcrumb\":{\"@id\":\"https:\/\/ocupacional.incdigital.com.br\/por-que-conversar-sobre-o-cancer-de-mama\/#breadcrumb\"},\"inLanguage\":\"pt-BR\",\"potentialAction\":[{\"@type\":\"ReadAction\",\"target\":[\"https:\/\/ocupacional.incdigital.com.br\/por-que-conversar-sobre-o-cancer-de-mama\/\"]}]},{\"@type\":\"ImageObject\",\"inLanguage\":\"pt-BR\",\"@id\":\"https:\/\/ocupacional.incdigital.com.br\/por-que-conversar-sobre-o-cancer-de-mama\/#primaryimage\",\"url\":\"https:\/\/ocupacional.com.br\/site\/wp-content\/uploads\/2020\/10\/por-que-conversar-sobre-o-cancer-de-mama-1.jpg\",\"contentUrl\":\"https:\/\/ocupacional.com.br\/site\/wp-content\/uploads\/2020\/10\/por-que-conversar-sobre-o-cancer-de-mama-1.jpg\",\"width\":600,\"height\":270},{\"@type\":\"BreadcrumbList\",\"@id\":\"https:\/\/ocupacional.incdigital.com.br\/por-que-conversar-sobre-o-cancer-de-mama\/#breadcrumb\",\"itemListElement\":[{\"@type\":\"ListItem\",\"position\":1,\"name\":\"In\u00edcio\",\"item\":\"https:\/\/ocupacional.incdigital.com.br\/\"},{\"@type\":\"ListItem\",\"position\":2,\"name\":\"Por que conversar sobre o c\u00e2ncer de mama?\"}]},{\"@type\":\"WebSite\",\"@id\":\"https:\/\/ocupacional.com.br\/site\/#website\",\"url\":\"https:\/\/ocupacional.com.br\/site\/\",\"name\":\"Ocupacional\",\"description\":\"As obriga\u00e7\u00f5es de sa\u00fade e seguran\u00e7a do trabalho\\u2028da sua empresa sob total controle\",\"publisher\":{\"@id\":\"https:\/\/ocupacional.com.br\/site\/#organization\"},\"potentialAction\":[{\"@type\":\"SearchAction\",\"target\":{\"@type\":\"EntryPoint\",\"urlTemplate\":\"https:\/\/ocupacional.com.br\/site\/?s={search_term_string}\"},\"query-input\":{\"@type\":\"PropertyValueSpecification\",\"valueRequired\":true,\"valueName\":\"search_term_string\"}}],\"inLanguage\":\"pt-BR\"},{\"@type\":\"Organization\",\"@id\":\"https:\/\/ocupacional.com.br\/site\/#organization\",\"name\":\"Ocupacional\",\"url\":\"https:\/\/ocupacional.com.br\/site\/\",\"logo\":{\"@type\":\"ImageObject\",\"inLanguage\":\"pt-BR\",\"@id\":\"https:\/\/ocupacional.com.br\/site\/#\/schema\/logo\/image\/\",\"url\":\"https:\/\/ocupacional.com.br\/site\/wp-content\/uploads\/2021\/01\/logoocp-8.png\",\"contentUrl\":\"https:\/\/ocupacional.com.br\/site\/wp-content\/uploads\/2021\/01\/logoocp-8.png\",\"width\":704,\"height\":109,\"caption\":\"Ocupacional\"},\"image\":{\"@id\":\"https:\/\/ocupacional.com.br\/site\/#\/schema\/logo\/image\/\"}},{\"@type\":\"Person\",\"@id\":\"https:\/\/ocupacional.com.br\/site\/#\/schema\/person\/9614e9b9e3c9ec0ba39804d95b2691b7\",\"name\":\"Ocupacional\",\"image\":{\"@type\":\"ImageObject\",\"inLanguage\":\"pt-BR\",\"@id\":\"https:\/\/ocupacional.com.br\/site\/#\/schema\/person\/image\/\",\"url\":\"https:\/\/secure.gravatar.com\/avatar\/f703cebaf51466d6b9274b776e57c489?s=96&d=blank&r=g\",\"contentUrl\":\"https:\/\/secure.gravatar.com\/avatar\/f703cebaf51466d6b9274b776e57c489?s=96&d=blank&r=g\",\"caption\":\"Ocupacional\"},\"url\":\"https:\/\/ocupacional.com.br\/site\/author\/ocupacional\/\"}]}<\/script>\n<!-- \/ Yoast SEO plugin. -->","yoast_head_json":{"title":"Por que conversar sobre o c\u00e2ncer de mama? - Blog - Ocupacional","robots":{"index":"index","follow":"follow","max-snippet":"max-snippet:-1","max-image-preview":"max-image-preview:large","max-video-preview":"max-video-preview:-1"},"canonical":"https:\/\/ocupacional.incdigital.com.br\/por-que-conversar-sobre-o-cancer-de-mama\/","og_locale":"pt_BR","og_type":"article","og_title":"Por que conversar sobre o c\u00e2ncer de mama? - Blog - Ocupacional","og_description":"Empresas t\u00eam papel fundamental para criar espa\u00e7os abertos de di\u00e1logo e para estimular a preven\u00e7\u00e3o contra a doen\u00e7a.","og_url":"https:\/\/ocupacional.incdigital.com.br\/por-que-conversar-sobre-o-cancer-de-mama\/","og_site_name":"Ocupacional","article_published_time":"2020-10-22T21:54:47+00:00","og_image":[{"width":600,"height":270,"url":"https:\/\/ocupacional.com.br\/site\/wp-content\/uploads\/2020\/10\/por-que-conversar-sobre-o-cancer-de-mama-1.jpg","type":"image\/jpeg"}],"author":"Ocupacional","twitter_card":"summary_large_image","twitter_misc":{"Escrito por":"Ocupacional","Est. tempo de leitura":"3 minutos"},"schema":{"@context":"https:\/\/schema.org","@graph":[{"@type":"Article","@id":"https:\/\/ocupacional.incdigital.com.br\/por-que-conversar-sobre-o-cancer-de-mama\/#article","isPartOf":{"@id":"https:\/\/ocupacional.incdigital.com.br\/por-que-conversar-sobre-o-cancer-de-mama\/"},"author":{"name":"Ocupacional","@id":"https:\/\/ocupacional.com.br\/site\/#\/schema\/person\/9614e9b9e3c9ec0ba39804d95b2691b7"},"headline":"Por que conversar sobre o c\u00e2ncer de mama?","datePublished":"2020-10-22T21:54:47+00:00","mainEntityOfPage":{"@id":"https:\/\/ocupacional.incdigital.com.br\/por-que-conversar-sobre-o-cancer-de-mama\/"},"wordCount":650,"publisher":{"@id":"https:\/\/ocupacional.com.br\/site\/#organization"},"image":{"@id":"https:\/\/ocupacional.incdigital.com.br\/por-que-conversar-sobre-o-cancer-de-mama\/#primaryimage"},"thumbnailUrl":"https:\/\/ocupacional.com.br\/site\/wp-content\/uploads\/2020\/10\/por-que-conversar-sobre-o-cancer-de-mama-1.jpg","articleSection":["Sa\u00fade e Qualidade de Vida"],"inLanguage":"pt-BR"},{"@type":"WebPage","@id":"https:\/\/ocupacional.incdigital.com.br\/por-que-conversar-sobre-o-cancer-de-mama\/","url":"https:\/\/ocupacional.incdigital.com.br\/por-que-conversar-sobre-o-cancer-de-mama\/","name":"Por que conversar sobre o c\u00e2ncer de mama? - Blog - Ocupacional","isPartOf":{"@id":"https:\/\/ocupacional.com.br\/site\/#website"},"primaryImageOfPage":{"@id":"https:\/\/ocupacional.incdigital.com.br\/por-que-conversar-sobre-o-cancer-de-mama\/#primaryimage"},"image":{"@id":"https:\/\/ocupacional.incdigital.com.br\/por-que-conversar-sobre-o-cancer-de-mama\/#primaryimage"},"thumbnailUrl":"https:\/\/ocupacional.com.br\/site\/wp-content\/uploads\/2020\/10\/por-que-conversar-sobre-o-cancer-de-mama-1.jpg","datePublished":"2020-10-22T21:54:47+00:00","breadcrumb":{"@id":"https:\/\/ocupacional.incdigital.com.br\/por-que-conversar-sobre-o-cancer-de-mama\/#breadcrumb"},"inLanguage":"pt-BR","potentialAction":[{"@type":"ReadAction","target":["https:\/\/ocupacional.incdigital.com.br\/por-que-conversar-sobre-o-cancer-de-mama\/"]}]},{"@type":"ImageObject","inLanguage":"pt-BR","@id":"https:\/\/ocupacional.incdigital.com.br\/por-que-conversar-sobre-o-cancer-de-mama\/#primaryimage","url":"https:\/\/ocupacional.com.br\/site\/wp-content\/uploads\/2020\/10\/por-que-conversar-sobre-o-cancer-de-mama-1.jpg","contentUrl":"https:\/\/ocupacional.com.br\/site\/wp-content\/uploads\/2020\/10\/por-que-conversar-sobre-o-cancer-de-mama-1.jpg","width":600,"height":270},{"@type":"BreadcrumbList","@id":"https:\/\/ocupacional.incdigital.com.br\/por-que-conversar-sobre-o-cancer-de-mama\/#breadcrumb","itemListElement":[{"@type":"ListItem","position":1,"name":"In\u00edcio","item":"https:\/\/ocupacional.incdigital.com.br\/"},{"@type":"ListItem","position":2,"name":"Por que conversar sobre o c\u00e2ncer de mama?"}]},{"@type":"WebSite","@id":"https:\/\/ocupacional.com.br\/site\/#website","url":"https:\/\/ocupacional.com.br\/site\/","name":"Ocupacional","description":"As obriga\u00e7\u00f5es de sa\u00fade e seguran\u00e7a do trabalho\u2028da sua empresa sob total controle","publisher":{"@id":"https:\/\/ocupacional.com.br\/site\/#organization"},"potentialAction":[{"@type":"SearchAction","target":{"@type":"EntryPoint","urlTemplate":"https:\/\/ocupacional.com.br\/site\/?s={search_term_string}"},"query-input":{"@type":"PropertyValueSpecification","valueRequired":true,"valueName":"search_term_string"}}],"inLanguage":"pt-BR"},{"@type":"Organization","@id":"https:\/\/ocupacional.com.br\/site\/#organization","name":"Ocupacional","url":"https:\/\/ocupacional.com.br\/site\/","logo":{"@type":"ImageObject","inLanguage":"pt-BR","@id":"https:\/\/ocupacional.com.br\/site\/#\/schema\/logo\/image\/","url":"https:\/\/ocupacional.com.br\/site\/wp-content\/uploads\/2021\/01\/logoocp-8.png","contentUrl":"https:\/\/ocupacional.com.br\/site\/wp-content\/uploads\/2021\/01\/logoocp-8.png","width":704,"height":109,"caption":"Ocupacional"},"image":{"@id":"https:\/\/ocupacional.com.br\/site\/#\/schema\/logo\/image\/"}},{"@type":"Person","@id":"https:\/\/ocupacional.com.br\/site\/#\/schema\/person\/9614e9b9e3c9ec0ba39804d95b2691b7","name":"Ocupacional","image":{"@type":"ImageObject","inLanguage":"pt-BR","@id":"https:\/\/ocupacional.com.br\/site\/#\/schema\/person\/image\/","url":"https:\/\/secure.gravatar.com\/avatar\/f703cebaf51466d6b9274b776e57c489?s=96&d=blank&r=g","contentUrl":"https:\/\/secure.gravatar.com\/avatar\/f703cebaf51466d6b9274b776e57c489?s=96&d=blank&r=g","caption":"Ocupacional"},"url":"https:\/\/ocupacional.com.br\/site\/author\/ocupacional\/"}]}},"_links":{"self":[{"href":"https:\/\/ocupacional.com.br\/site\/wp-json\/wp\/v2\/posts\/3698"}],"collection":[{"href":"https:\/\/ocupacional.com.br\/site\/wp-json\/wp\/v2\/posts"}],"about":[{"href":"https:\/\/ocupacional.com.br\/site\/wp-json\/wp\/v2\/types\/post"}],"author":[{"embeddable":true,"href":"https:\/\/ocupacional.com.br\/site\/wp-json\/wp\/v2\/users\/2"}],"replies":[{"embeddable":true,"href":"https:\/\/ocupacional.com.br\/site\/wp-json\/wp\/v2\/comments?post=3698"}],"version-history":[{"count":0,"href":"https:\/\/ocupacional.com.br\/site\/wp-json\/wp\/v2\/posts\/3698\/revisions"}],"wp:featuredmedia":[{"embeddable":true,"href":"https:\/\/ocupacional.com.br\/site\/wp-json\/wp\/v2\/media\/7459"}],"wp:attachment":[{"href":"https:\/\/ocupacional.com.br\/site\/wp-json\/wp\/v2\/media?parent=3698"}],"wp:term":[{"taxonomy":"category","embeddable":true,"href":"https:\/\/ocupacional.com.br\/site\/wp-json\/wp\/v2\/categories?post=3698"},{"taxonomy":"post_tag","embeddable":true,"href":"https:\/\/ocupacional.com.br\/site\/wp-json\/wp\/v2\/tags?post=3698"}],"curies":[{"name":"wp","href":"https:\/\/api.w.org\/{rel}","templated":true}]}}