{"id":3452,"date":"2020-09-28T18:37:04","date_gmt":"2020-09-28T18:37:04","guid":{"rendered":"https:\/\/www.ocupacional.com.br\/ocupacional\/?p=3452"},"modified":"2020-09-28T18:37:04","modified_gmt":"2020-09-28T18:37:04","slug":"tudo-o-que-voce-precisa-saber-sobre-o-aso","status":"publish","type":"post","link":"https:\/\/ocupacional.com.br\/site\/tudo-o-que-voce-precisa-saber-sobre-o-aso\/","title":{"rendered":"Tudo o que voc\u00ea precisa saber sobre o ASO"},"content":{"rendered":"\n<p>Poucos documentos s\u00e3o t\u00e3o importantes para empregados sob\no regime da Consolida\u00e7\u00e3o das Leis Trabalhistas (CLT) quanto o Atestado de Sa\u00fade\nOcupacional (ASO). Exigido pela Norma Regulamentadora 7 e parte integrante do <a href=\"https:\/\/www.ocupacional.com.br\/ocupacional\/pcmso-o-que-e-e-quem-deve-realiza-lo\/\">Programa\nde Controle M\u00e9dico e Sa\u00fade Ocupacional<\/a> (PCMSO), ele \u00e9 emitido ap\u00f3s a\nrealiza\u00e7\u00e3o de avalia\u00e7\u00f5es m\u00e9dicas detalhadas, que atestam se a pessoa est\u00e1 apta\nou n\u00e3o a executar as fun\u00e7\u00f5es que a atividade exige.<\/p>\n\n\n\n<p>As informa\u00e7\u00f5es s\u00e3o sigilosas \u2013 como exige toda atividade\nm\u00e9dica \u2013 e, al\u00e9m disso, ajudam na detec\u00e7\u00e3o de poss\u00edveis problemas de sa\u00fade de\nforma precoce. S\u00e3o situa\u00e7\u00f5es que at\u00e9 permitem que o trabalhador se mantenha na\natividade, mas exigem aten\u00e7\u00e3o redobrada por parte das empresas para n\u00e3o as\nagravar. Isso contribui, por exemplo, para aumentar o rendimento e diminuir o\nabsente\u00edsmo, pois os trabalhadores s\u00e3o alocados nas fun\u00e7\u00f5es adequadas, de\nacordo com suas capacidades f\u00edsicas.<\/p>\n\n\n\n<p>E para explicar melhor como o ASO funciona na pr\u00e1tica,\nreunimos algumas das perguntas mais comuns sobre o atestado para ajudar sua\nempresa a emiti-lo com seguran\u00e7a.<\/p>\n\n\n\n<h3 class=\"wp-block-heading\"><strong>O ASO \u00e9 obrigat\u00f3rio? Quando emitir?<\/strong><\/h3>\n\n\n\n<p>Todas as empresas e institui\u00e7\u00f5es que admitam empregados\nsob regime da CLT s\u00e3o obrigadas a realizar o ASO, manter o PCMSO em dia e ter\num m\u00e9dico do trabalho \u2013 ou empresa de SST \u2013 respons\u00e1vel pelo programa. Os\ncustos s\u00e3o bancados integralmente pelo empregador, que deve arquivar os recibos\nde despesas para apresentar em uma poss\u00edvel fiscaliza\u00e7\u00e3o. Tamb\u00e9m cabe \u00e0 empresa\no controle da agenda de exames e a marca\u00e7\u00e3o deles. <\/p>\n\n\n\n<p>Existem cinco situa\u00e7\u00f5es em que \u00e9 necess\u00e1rio emitir o ASO:<\/p>\n\n\n\n<ul><li><strong>Exame admissional:<\/strong> antes do empregado\nfirmar contrato com a empresa;<\/li><li><strong>Exame demissional:<\/strong> realizado 15 dias\nantes do desligamento de um funcion\u00e1rio;<\/li><li><strong>Exame peri\u00f3dico:<\/strong> forma de exame\npreventivo que avalia a evolu\u00e7\u00e3o da sa\u00fade do empregado. Pode ser realizado a\ncada dois anos (entre 18 e 45 anos, para quem ocupa cargos administrativos\ninternos ou n\u00e3o trabalha com m\u00e1quinas), todos os anos (t\u00e9cnicos e quem tem mais\nde 45 anos) ou seis meses (atividades de risco); <\/li><li><strong>Exame para retorno ao trabalho:<\/strong> ap\u00f3s o\nafastamento por doen\u00e7a ou acidente, seja ele ocupacional ou n\u00e3o.<\/li><li><strong>Exame para mudan\u00e7a de fun\u00e7\u00e3o:<\/strong> quando o\nempregado muda de cargo ou quando vai para um setor que aumenta a exposi\u00e7\u00e3o a\nalgum risco.<\/li><\/ul>\n\n\n\n<p>Lembrando que empregados afastados por algum motivo ou\nque estejam em f\u00e9rias no prazo determinado para o exame n\u00e3o podem ser\nconvocados para realizar o ASO. \u00c9 preciso aguardar o primeiro dia \u00fatil do\nretorno oficial ou, se poss\u00edvel, realizar antes de o funcion\u00e1rio se ausentar\npelo per\u00edodo estabelecido.<\/p>\n\n\n\n<p class=\"has-small-font-size\"><strong>Leia mais:<\/strong> <a href=\"https:\/\/www.ocupacional.com.br\/ocupacional\/5-exames-medicos-obrigatorios-para-trabalhadores-com-carteira-assinada-clt\/\">Exames m\u00e9dicos obrigat\u00f3rios para trabalhadores com\ncarteira assinada<\/a><\/p>\n\n\n\n<h3 class=\"wp-block-heading\"><strong>Quem elabora o ASO?<\/strong><\/h3>\n\n\n\n<p>O atestado deve ser emitido por um m\u00e9dico, com registro\nno Conselho Regional de Medicina ativo no estado em que atua. O ideal \u00e9 sempre\nrealizar os exames com um m\u00e9dico do trabalho, mas profissionais de outras\nespecialidades e cl\u00ednicos gerais tamb\u00e9m podem, desde que nomeados pelo m\u00e9dico\ncoordenador do PCMSO.<\/p>\n\n\n\n<h3 class=\"wp-block-heading\"><strong>O que deve conter no ASO?<\/strong><\/h3>\n\n\n\n<p>De acordo com a NR 7, os dados obtidos nos exames m\u00e9dicos\n\u2013 incluindo as avali\u00e7\u00f5es cl\u00ednicas, os exames complementares e as medidas\naplicadas \u2013 dever\u00e3o ser registrados em prontu\u00e1rios cl\u00ednicos individuais. Este documento\nficar\u00e1 sob a responsabilidade do m\u00e9dico-coordenador do PCMSO e dever\u00e1 conter,\nno m\u00ednimo:<\/p>\n\n\n\n<ul><li>Nome completo do trabalhador, n\u00famero de registro\nda identidade e fun\u00e7\u00e3o;<\/li><li>Riscos ocupacionais espec\u00edficos existentes na\natividade, ou a aus\u00eancia deles, conforme as instru\u00e7\u00f5es t\u00e9cnicas expedidas pela\nSecretaria de Seguran\u00e7a e Sa\u00fade no Trabalho (SSST);<\/li><li>Indica\u00e7\u00e3o dos procedimentos m\u00e9dicos a que o\ntrabalhador foi submetido, incluindo os exames<\/li><li>complementares e a data em que foram realizados;<\/li><li>Nome do m\u00e9dico coordenador, quando houver, com\nrespectivo CRM;<\/li><li>Defini\u00e7\u00e3o de apto ou inapto para a fun\u00e7\u00e3o\nespec\u00edfica que o trabalhador vai exercer, exerce ou<\/li><li>exerceu;<\/li><li>Nome do m\u00e9dico encarregado do exame, endere\u00e7o ou\nforma de contato;<\/li><li>Data e assinatura do m\u00e9dico encarregado do exame\ne carimbo contendo o n\u00famero de inscri\u00e7\u00e3o no Conselho Regional de Medicina.<\/li><\/ul>\n\n\n\n<h3 class=\"wp-block-heading\"><strong>Por quanto tempo guardar o ASO?<\/strong><\/h3>\n\n\n\n<p>O prontu\u00e1rio cl\u00ednico individual do paciente deve ser\nmantido por um per\u00edodo m\u00ednimo de 20 anos ap\u00f3s o desligamento do trabalhador.\nCaso o m\u00e9dico-coordenador do PCMSO seja substitu\u00eddo nesse per\u00edodo, os arquivos\ndevem ser transferidos para seu sucessor.<\/p>\n\n\n\n<h3 class=\"wp-block-heading\"><strong>Qual a validade do ASO?<\/strong><\/h3>\n\n\n\n<p>Em alguns casos \u00e9 poss\u00edvel utilizar o \u00faltimo exame\nocupacional realizado para outros fins. Se a pessoa realizou o exame\nadmissional e foi demitida pouco tempo depois, por exemplo, ele pode ser\nutilizado tamb\u00e9m como demissional. Isso s\u00f3 \u00e9 poss\u00edvel, claro, se os exames\nestiverem dentro do prazo de validade \u2013 que variam de acordo com o grau de\nrisco da empresa:<\/p>\n\n\n\n<p>&#8211; <strong>Grau 1 e 2:<\/strong> exames realizados em at\u00e9 135 dias<\/p>\n\n\n\n<p>&#8211; <strong>Grau 3 e 4:<\/strong> exames realizados em at\u00e9 90 dias<\/p>\n\n\n\n<p><strong>Qualidade nos exames<\/strong><\/p>\n\n\n\n<p>Os exames ocupacionais possuem papel essencial nos cuidados com a sa\u00fade dos empregados e devem ser levados a s\u00e9rio. Contar com o apoio de uma equipe s\u00e9ria, que possui consultorias para orientar sua equipe quanto aos processos corretos e \u00e0s melhores pr\u00e1ticas de SST, \u00e9 essencial para sua empresa evitar passivos trabalhistas. A Ocupacional pode te atender nisso. Entre em contato com a nossa equipe comercial e montaremos uma proposta nos moldes do que o seu neg\u00f3cio precisa.<\/p>\n\n\n\n<p><a class=\"btn\" style=\"color: #fff; width: auto;\" href=\"https:\/\/www.ocupacional.com.br\/ocupacional\/solicite-uma-proposta\/\">Solicite uma proposta<\/a><\/p>\n","protected":false},"excerpt":{"rendered":"<p>\t\t\t\tO Atestado de Sa\u00fade Ocupacional \u00e9 um dos principais documentos para atestar a capacidade do profissional em exercer qualquer atividade\t\t<\/p>\n","protected":false},"author":2,"featured_media":6185,"comment_status":"closed","ping_status":"open","sticky":false,"template":"","format":"standard","meta":{"_acf_changed":false,"inline_featured_image":false,"footnotes":""},"categories":[41],"tags":[],"acf":[],"yoast_head":"<!-- This site is optimized with the Yoast SEO plugin v24.5 - https:\/\/yoast.com\/wordpress\/plugins\/seo\/ -->\n<title>Tudo o que voc\u00ea precisa saber sobre o ASO - Blog - Ocupacional<\/title>\n<meta name=\"description\" content=\"O Atestado de Sa\u00fade Ocupacional (ASO) \u00e9 um dos principais documentos para atestar a capacidade do profissional em exercer qualquer atividade\" \/>\n<meta name=\"robots\" content=\"index, follow, max-snippet:-1, max-image-preview:large, max-video-preview:-1\" \/>\n<link rel=\"canonical\" href=\"https:\/\/ocupacional.incdigital.com.br\/tudo-o-que-voce-precisa-saber-sobre-o-aso\/\" \/>\n<meta property=\"og:locale\" content=\"pt_BR\" \/>\n<meta property=\"og:type\" content=\"article\" \/>\n<meta property=\"og:title\" content=\"Tudo o que voc\u00ea precisa saber sobre o ASO - Blog - Ocupacional\" \/>\n<meta property=\"og:description\" content=\"O Atestado de Sa\u00fade Ocupacional (ASO) \u00e9 um dos principais documentos para atestar a capacidade do profissional em exercer qualquer atividade\" \/>\n<meta property=\"og:url\" content=\"https:\/\/ocupacional.incdigital.com.br\/tudo-o-que-voce-precisa-saber-sobre-o-aso\/\" \/>\n<meta property=\"og:site_name\" content=\"Ocupacional\" \/>\n<meta property=\"article:published_time\" content=\"2020-09-28T18:37:04+00:00\" \/>\n<meta property=\"og:image\" content=\"https:\/\/ocupacional.com.br\/site\/wp-content\/uploads\/2022\/07\/5-exames-medicos-obrigatorios-trabalhadores-carteira-assinada-CLT-500x225-1.jpg\" \/>\n\t<meta property=\"og:image:width\" content=\"500\" \/>\n\t<meta property=\"og:image:height\" content=\"225\" \/>\n\t<meta property=\"og:image:type\" content=\"image\/jpeg\" \/>\n<meta name=\"author\" content=\"Ocupacional\" \/>\n<meta name=\"twitter:card\" content=\"summary_large_image\" \/>\n<meta name=\"twitter:label1\" content=\"Escrito por\" \/>\n\t<meta name=\"twitter:data1\" content=\"Ocupacional\" \/>\n\t<meta name=\"twitter:label2\" content=\"Est. tempo de leitura\" \/>\n\t<meta name=\"twitter:data2\" content=\"5 minutos\" \/>\n<script type=\"application\/ld+json\" class=\"yoast-schema-graph\">{\"@context\":\"https:\/\/schema.org\",\"@graph\":[{\"@type\":\"Article\",\"@id\":\"https:\/\/ocupacional.incdigital.com.br\/tudo-o-que-voce-precisa-saber-sobre-o-aso\/#article\",\"isPartOf\":{\"@id\":\"https:\/\/ocupacional.incdigital.com.br\/tudo-o-que-voce-precisa-saber-sobre-o-aso\/\"},\"author\":{\"name\":\"Ocupacional\",\"@id\":\"https:\/\/ocupacional.com.br\/site\/#\/schema\/person\/9614e9b9e3c9ec0ba39804d95b2691b7\"},\"headline\":\"Tudo o que voc\u00ea precisa saber sobre o ASO\",\"datePublished\":\"2020-09-28T18:37:04+00:00\",\"mainEntityOfPage\":{\"@id\":\"https:\/\/ocupacional.incdigital.com.br\/tudo-o-que-voce-precisa-saber-sobre-o-aso\/\"},\"wordCount\":959,\"publisher\":{\"@id\":\"https:\/\/ocupacional.com.br\/site\/#organization\"},\"image\":{\"@id\":\"https:\/\/ocupacional.incdigital.com.br\/tudo-o-que-voce-precisa-saber-sobre-o-aso\/#primaryimage\"},\"thumbnailUrl\":\"https:\/\/ocupacional.com.br\/site\/wp-content\/uploads\/2022\/07\/5-exames-medicos-obrigatorios-trabalhadores-carteira-assinada-CLT-500x225-1.jpg\",\"articleSection\":[\"Gest\u00e3o Ocupacional\"],\"inLanguage\":\"pt-BR\"},{\"@type\":\"WebPage\",\"@id\":\"https:\/\/ocupacional.incdigital.com.br\/tudo-o-que-voce-precisa-saber-sobre-o-aso\/\",\"url\":\"https:\/\/ocupacional.incdigital.com.br\/tudo-o-que-voce-precisa-saber-sobre-o-aso\/\",\"name\":\"Tudo o que voc\u00ea precisa saber sobre o ASO - Blog - Ocupacional\",\"isPartOf\":{\"@id\":\"https:\/\/ocupacional.com.br\/site\/#website\"},\"primaryImageOfPage\":{\"@id\":\"https:\/\/ocupacional.incdigital.com.br\/tudo-o-que-voce-precisa-saber-sobre-o-aso\/#primaryimage\"},\"image\":{\"@id\":\"https:\/\/ocupacional.incdigital.com.br\/tudo-o-que-voce-precisa-saber-sobre-o-aso\/#primaryimage\"},\"thumbnailUrl\":\"https:\/\/ocupacional.com.br\/site\/wp-content\/uploads\/2022\/07\/5-exames-medicos-obrigatorios-trabalhadores-carteira-assinada-CLT-500x225-1.jpg\",\"datePublished\":\"2020-09-28T18:37:04+00:00\",\"description\":\"O Atestado de Sa\u00fade Ocupacional (ASO) \u00e9 um dos principais documentos para atestar a capacidade do profissional em exercer qualquer atividade\",\"breadcrumb\":{\"@id\":\"https:\/\/ocupacional.incdigital.com.br\/tudo-o-que-voce-precisa-saber-sobre-o-aso\/#breadcrumb\"},\"inLanguage\":\"pt-BR\",\"potentialAction\":[{\"@type\":\"ReadAction\",\"target\":[\"https:\/\/ocupacional.incdigital.com.br\/tudo-o-que-voce-precisa-saber-sobre-o-aso\/\"]}]},{\"@type\":\"ImageObject\",\"inLanguage\":\"pt-BR\",\"@id\":\"https:\/\/ocupacional.incdigital.com.br\/tudo-o-que-voce-precisa-saber-sobre-o-aso\/#primaryimage\",\"url\":\"https:\/\/ocupacional.com.br\/site\/wp-content\/uploads\/2022\/07\/5-exames-medicos-obrigatorios-trabalhadores-carteira-assinada-CLT-500x225-1.jpg\",\"contentUrl\":\"https:\/\/ocupacional.com.br\/site\/wp-content\/uploads\/2022\/07\/5-exames-medicos-obrigatorios-trabalhadores-carteira-assinada-CLT-500x225-1.jpg\",\"width\":500,\"height\":225},{\"@type\":\"BreadcrumbList\",\"@id\":\"https:\/\/ocupacional.incdigital.com.br\/tudo-o-que-voce-precisa-saber-sobre-o-aso\/#breadcrumb\",\"itemListElement\":[{\"@type\":\"ListItem\",\"position\":1,\"name\":\"In\u00edcio\",\"item\":\"https:\/\/ocupacional.incdigital.com.br\/\"},{\"@type\":\"ListItem\",\"position\":2,\"name\":\"Tudo o que voc\u00ea precisa saber sobre o ASO\"}]},{\"@type\":\"WebSite\",\"@id\":\"https:\/\/ocupacional.com.br\/site\/#website\",\"url\":\"https:\/\/ocupacional.com.br\/site\/\",\"name\":\"Ocupacional\",\"description\":\"As obriga\u00e7\u00f5es de sa\u00fade e seguran\u00e7a do trabalho\\u2028da sua empresa sob total controle\",\"publisher\":{\"@id\":\"https:\/\/ocupacional.com.br\/site\/#organization\"},\"potentialAction\":[{\"@type\":\"SearchAction\",\"target\":{\"@type\":\"EntryPoint\",\"urlTemplate\":\"https:\/\/ocupacional.com.br\/site\/?s={search_term_string}\"},\"query-input\":{\"@type\":\"PropertyValueSpecification\",\"valueRequired\":true,\"valueName\":\"search_term_string\"}}],\"inLanguage\":\"pt-BR\"},{\"@type\":\"Organization\",\"@id\":\"https:\/\/ocupacional.com.br\/site\/#organization\",\"name\":\"Ocupacional\",\"url\":\"https:\/\/ocupacional.com.br\/site\/\",\"logo\":{\"@type\":\"ImageObject\",\"inLanguage\":\"pt-BR\",\"@id\":\"https:\/\/ocupacional.com.br\/site\/#\/schema\/logo\/image\/\",\"url\":\"https:\/\/ocupacional.com.br\/site\/wp-content\/uploads\/2021\/01\/logoocp-8.png\",\"contentUrl\":\"https:\/\/ocupacional.com.br\/site\/wp-content\/uploads\/2021\/01\/logoocp-8.png\",\"width\":704,\"height\":109,\"caption\":\"Ocupacional\"},\"image\":{\"@id\":\"https:\/\/ocupacional.com.br\/site\/#\/schema\/logo\/image\/\"}},{\"@type\":\"Person\",\"@id\":\"https:\/\/ocupacional.com.br\/site\/#\/schema\/person\/9614e9b9e3c9ec0ba39804d95b2691b7\",\"name\":\"Ocupacional\",\"image\":{\"@type\":\"ImageObject\",\"inLanguage\":\"pt-BR\",\"@id\":\"https:\/\/ocupacional.com.br\/site\/#\/schema\/person\/image\/\",\"url\":\"https:\/\/secure.gravatar.com\/avatar\/f703cebaf51466d6b9274b776e57c489?s=96&d=blank&r=g\",\"contentUrl\":\"https:\/\/secure.gravatar.com\/avatar\/f703cebaf51466d6b9274b776e57c489?s=96&d=blank&r=g\",\"caption\":\"Ocupacional\"},\"url\":\"https:\/\/ocupacional.com.br\/site\/author\/ocupacional\/\"}]}<\/script>\n<!-- \/ Yoast SEO plugin. -->","yoast_head_json":{"title":"Tudo o que voc\u00ea precisa saber sobre o ASO - Blog - Ocupacional","description":"O Atestado de Sa\u00fade Ocupacional (ASO) \u00e9 um dos principais documentos para atestar a capacidade do profissional em exercer qualquer atividade","robots":{"index":"index","follow":"follow","max-snippet":"max-snippet:-1","max-image-preview":"max-image-preview:large","max-video-preview":"max-video-preview:-1"},"canonical":"https:\/\/ocupacional.incdigital.com.br\/tudo-o-que-voce-precisa-saber-sobre-o-aso\/","og_locale":"pt_BR","og_type":"article","og_title":"Tudo o que voc\u00ea precisa saber sobre o ASO - Blog - Ocupacional","og_description":"O Atestado de Sa\u00fade Ocupacional (ASO) \u00e9 um dos principais documentos para atestar a capacidade do profissional em exercer qualquer atividade","og_url":"https:\/\/ocupacional.incdigital.com.br\/tudo-o-que-voce-precisa-saber-sobre-o-aso\/","og_site_name":"Ocupacional","article_published_time":"2020-09-28T18:37:04+00:00","og_image":[{"width":500,"height":225,"url":"https:\/\/ocupacional.com.br\/site\/wp-content\/uploads\/2022\/07\/5-exames-medicos-obrigatorios-trabalhadores-carteira-assinada-CLT-500x225-1.jpg","type":"image\/jpeg"}],"author":"Ocupacional","twitter_card":"summary_large_image","twitter_misc":{"Escrito por":"Ocupacional","Est. tempo de leitura":"5 minutos"},"schema":{"@context":"https:\/\/schema.org","@graph":[{"@type":"Article","@id":"https:\/\/ocupacional.incdigital.com.br\/tudo-o-que-voce-precisa-saber-sobre-o-aso\/#article","isPartOf":{"@id":"https:\/\/ocupacional.incdigital.com.br\/tudo-o-que-voce-precisa-saber-sobre-o-aso\/"},"author":{"name":"Ocupacional","@id":"https:\/\/ocupacional.com.br\/site\/#\/schema\/person\/9614e9b9e3c9ec0ba39804d95b2691b7"},"headline":"Tudo o que voc\u00ea precisa saber sobre o ASO","datePublished":"2020-09-28T18:37:04+00:00","mainEntityOfPage":{"@id":"https:\/\/ocupacional.incdigital.com.br\/tudo-o-que-voce-precisa-saber-sobre-o-aso\/"},"wordCount":959,"publisher":{"@id":"https:\/\/ocupacional.com.br\/site\/#organization"},"image":{"@id":"https:\/\/ocupacional.incdigital.com.br\/tudo-o-que-voce-precisa-saber-sobre-o-aso\/#primaryimage"},"thumbnailUrl":"https:\/\/ocupacional.com.br\/site\/wp-content\/uploads\/2022\/07\/5-exames-medicos-obrigatorios-trabalhadores-carteira-assinada-CLT-500x225-1.jpg","articleSection":["Gest\u00e3o Ocupacional"],"inLanguage":"pt-BR"},{"@type":"WebPage","@id":"https:\/\/ocupacional.incdigital.com.br\/tudo-o-que-voce-precisa-saber-sobre-o-aso\/","url":"https:\/\/ocupacional.incdigital.com.br\/tudo-o-que-voce-precisa-saber-sobre-o-aso\/","name":"Tudo o que voc\u00ea precisa saber sobre o ASO - Blog - Ocupacional","isPartOf":{"@id":"https:\/\/ocupacional.com.br\/site\/#website"},"primaryImageOfPage":{"@id":"https:\/\/ocupacional.incdigital.com.br\/tudo-o-que-voce-precisa-saber-sobre-o-aso\/#primaryimage"},"image":{"@id":"https:\/\/ocupacional.incdigital.com.br\/tudo-o-que-voce-precisa-saber-sobre-o-aso\/#primaryimage"},"thumbnailUrl":"https:\/\/ocupacional.com.br\/site\/wp-content\/uploads\/2022\/07\/5-exames-medicos-obrigatorios-trabalhadores-carteira-assinada-CLT-500x225-1.jpg","datePublished":"2020-09-28T18:37:04+00:00","description":"O Atestado de Sa\u00fade Ocupacional (ASO) \u00e9 um dos principais documentos para atestar a capacidade do profissional em exercer qualquer atividade","breadcrumb":{"@id":"https:\/\/ocupacional.incdigital.com.br\/tudo-o-que-voce-precisa-saber-sobre-o-aso\/#breadcrumb"},"inLanguage":"pt-BR","potentialAction":[{"@type":"ReadAction","target":["https:\/\/ocupacional.incdigital.com.br\/tudo-o-que-voce-precisa-saber-sobre-o-aso\/"]}]},{"@type":"ImageObject","inLanguage":"pt-BR","@id":"https:\/\/ocupacional.incdigital.com.br\/tudo-o-que-voce-precisa-saber-sobre-o-aso\/#primaryimage","url":"https:\/\/ocupacional.com.br\/site\/wp-content\/uploads\/2022\/07\/5-exames-medicos-obrigatorios-trabalhadores-carteira-assinada-CLT-500x225-1.jpg","contentUrl":"https:\/\/ocupacional.com.br\/site\/wp-content\/uploads\/2022\/07\/5-exames-medicos-obrigatorios-trabalhadores-carteira-assinada-CLT-500x225-1.jpg","width":500,"height":225},{"@type":"BreadcrumbList","@id":"https:\/\/ocupacional.incdigital.com.br\/tudo-o-que-voce-precisa-saber-sobre-o-aso\/#breadcrumb","itemListElement":[{"@type":"ListItem","position":1,"name":"In\u00edcio","item":"https:\/\/ocupacional.incdigital.com.br\/"},{"@type":"ListItem","position":2,"name":"Tudo o que voc\u00ea precisa saber sobre o ASO"}]},{"@type":"WebSite","@id":"https:\/\/ocupacional.com.br\/site\/#website","url":"https:\/\/ocupacional.com.br\/site\/","name":"Ocupacional","description":"As obriga\u00e7\u00f5es de sa\u00fade e seguran\u00e7a do trabalho\u2028da sua empresa sob total controle","publisher":{"@id":"https:\/\/ocupacional.com.br\/site\/#organization"},"potentialAction":[{"@type":"SearchAction","target":{"@type":"EntryPoint","urlTemplate":"https:\/\/ocupacional.com.br\/site\/?s={search_term_string}"},"query-input":{"@type":"PropertyValueSpecification","valueRequired":true,"valueName":"search_term_string"}}],"inLanguage":"pt-BR"},{"@type":"Organization","@id":"https:\/\/ocupacional.com.br\/site\/#organization","name":"Ocupacional","url":"https:\/\/ocupacional.com.br\/site\/","logo":{"@type":"ImageObject","inLanguage":"pt-BR","@id":"https:\/\/ocupacional.com.br\/site\/#\/schema\/logo\/image\/","url":"https:\/\/ocupacional.com.br\/site\/wp-content\/uploads\/2021\/01\/logoocp-8.png","contentUrl":"https:\/\/ocupacional.com.br\/site\/wp-content\/uploads\/2021\/01\/logoocp-8.png","width":704,"height":109,"caption":"Ocupacional"},"image":{"@id":"https:\/\/ocupacional.com.br\/site\/#\/schema\/logo\/image\/"}},{"@type":"Person","@id":"https:\/\/ocupacional.com.br\/site\/#\/schema\/person\/9614e9b9e3c9ec0ba39804d95b2691b7","name":"Ocupacional","image":{"@type":"ImageObject","inLanguage":"pt-BR","@id":"https:\/\/ocupacional.com.br\/site\/#\/schema\/person\/image\/","url":"https:\/\/secure.gravatar.com\/avatar\/f703cebaf51466d6b9274b776e57c489?s=96&d=blank&r=g","contentUrl":"https:\/\/secure.gravatar.com\/avatar\/f703cebaf51466d6b9274b776e57c489?s=96&d=blank&r=g","caption":"Ocupacional"},"url":"https:\/\/ocupacional.com.br\/site\/author\/ocupacional\/"}]}},"_links":{"self":[{"href":"https:\/\/ocupacional.com.br\/site\/wp-json\/wp\/v2\/posts\/3452"}],"collection":[{"href":"https:\/\/ocupacional.com.br\/site\/wp-json\/wp\/v2\/posts"}],"about":[{"href":"https:\/\/ocupacional.com.br\/site\/wp-json\/wp\/v2\/types\/post"}],"author":[{"embeddable":true,"href":"https:\/\/ocupacional.com.br\/site\/wp-json\/wp\/v2\/users\/2"}],"replies":[{"embeddable":true,"href":"https:\/\/ocupacional.com.br\/site\/wp-json\/wp\/v2\/comments?post=3452"}],"version-history":[{"count":0,"href":"https:\/\/ocupacional.com.br\/site\/wp-json\/wp\/v2\/posts\/3452\/revisions"}],"wp:featuredmedia":[{"embeddable":true,"href":"https:\/\/ocupacional.com.br\/site\/wp-json\/wp\/v2\/media\/6185"}],"wp:attachment":[{"href":"https:\/\/ocupacional.com.br\/site\/wp-json\/wp\/v2\/media?parent=3452"}],"wp:term":[{"taxonomy":"category","embeddable":true,"href":"https:\/\/ocupacional.com.br\/site\/wp-json\/wp\/v2\/categories?post=3452"},{"taxonomy":"post_tag","embeddable":true,"href":"https:\/\/ocupacional.com.br\/site\/wp-json\/wp\/v2\/tags?post=3452"}],"curies":[{"name":"wp","href":"https:\/\/api.w.org\/{rel}","templated":true}]}}