{"id":3408,"date":"2020-07-27T17:15:08","date_gmt":"2020-07-27T17:15:08","guid":{"rendered":"https:\/\/www.ocupacional.com.br\/ocupacional\/?p=3408"},"modified":"2020-07-27T17:15:08","modified_gmt":"2020-07-27T17:15:08","slug":"por-quanto-tempo-afastar-funcionarios-com-covid-19","status":"publish","type":"post","link":"https:\/\/ocupacional.com.br\/site\/por-quanto-tempo-afastar-funcionarios-com-covid-19\/","title":{"rendered":"Por quanto tempo afastar funcion\u00e1rios com Covid-19?"},"content":{"rendered":"<p>As medidas de seguran\u00e7a recomendadas pelos \u00f3rg\u00e3os de sa\u00fade nacionais e internacionais indicam que, em caso de suspeita de Covid-19, o trabalhador deve ser afastado das atividades que exigem contato com os colegas. Mas por quanto tempo isso deve ser feito e quais os impactos para as empresas?<\/p>\n<p>No dia 18 de junho, o governo federal publicou a <a href=\"http:\/\/www.in.gov.br\/en\/web\/dou\/-\/portaria-conjunta-n-20-de-18-de-junho-de-2020-262408085\" target=\"_blank\" rel=\"noopener noreferrer\">Portaria Conjunta n\u00ba 20<\/a>, que estabelece as medidas a serem seguidas para prevenir, controlar e mitigar os riscos de transmiss\u00e3o da Covid-19. Entre as a\u00e7\u00f5es apresentadas, est\u00e1 uma vis\u00e3o mais clara sobre como dever\u00e1 ser feito esse afastamento.<\/p>\n<p>De acordo com o documento, cabe \u00e0s empresas criar orienta\u00e7\u00f5es e protocolos com a\u00e7\u00f5es para identificar os sintomas compat\u00edveis com a doen\u00e7a de forma precoce e realizar o afastamento desses trabalhadores das atividades presenciais por 14 dias, nas seguintes condi\u00e7\u00f5es:<\/p>\n<ul>\n<li>Casos confirmados;<\/li>\n<li>Casos suspeitos;<\/li>\n<li>Pessoas que tiveram contato com casos confirmados \u2013 com prazo contado a partir do \u00faltimo contato com a pessoa contaminada.<\/li>\n<\/ul>\n<p>Os casos confirmados s\u00e3o aqueles comprovados por exame laboratorial ou aqueles que apresentam s\u00edndrome gripal ou S\u00edndrome Respirat\u00f3ria Aguda Grave (SRAG) \u2013 desde que n\u00e3o tenha sido poss\u00edvel a investiga\u00e7\u00e3o laboratorial. J\u00e1 os casos suspeitos s\u00e3o os que o trabalhador apresenta quadro respirat\u00f3rio agudo com um ou mais sintomas da doen\u00e7a, como febre constante, tosse, falta de ar, dores musculares e perda do olfato e do paladar. Quem teve contato com algu\u00e9m com Covid-19 entra no terceiro caso, seja por morar com algu\u00e9m diagnosticado ou ter dividido o mesmo espa\u00e7o por mais de 15 minutos e de forma pr\u00f3xima.<\/p>\n<h5><strong>Leia tamb\u00e9m:<\/strong> <a href=\"https:\/\/www.ocupacional.com.br\/ocupacional\/e-preciso-emitir-cat-para-covid-19\/\">\u00c9 preciso emitir CAT para Covid-19?<\/a><\/h5>\n<p>Em todos esses casos, a remunera\u00e7\u00e3o deve ser mantida pela empresa, pois o prazo de recupera\u00e7\u00e3o da Covid-19 \u00e9 inferior ao m\u00ednimo necess\u00e1rio para afastamento pelo INSS. Se houver complica\u00e7\u00f5es ou perman\u00eancia comprovada por laudo m\u00e9dico, por\u00e9m, o per\u00edodo pode ultrapassar os 15 dias e, a\u00ed sim, cumprir os requisitos para obten\u00e7\u00e3o do benef\u00edcio.<\/p>\n<p>O prazo de retorno \u00e0s atividades tamb\u00e9m pode ser encurtado caso o exame laboratorial descarte a Covid-19 em trabalhadores com suspeita ou eles permanecerem assintom\u00e1ticos por mais de 72 horas. J\u00e1 quem teve contato com um paciente do novo coronav\u00edrus deve permanecer isolado por pelo menos 14 dias, sem exce\u00e7\u00e3o.<\/p>\n<h3>Mais informa\u00e7\u00f5es sobre a Covid-19<\/h3>\n<p>Diante desse cen\u00e1rio de retomada das atividades em meio \u00e0 pandemia, as empresas t\u00eam uma responsabilidade extra no cuidado com os funcion\u00e1rios. Pensando nisso, a Ocupacional promoveu uma transmiss\u00e3o no YouTube para falar um pouco mais sobre o cen\u00e1rio de Belo Horizonte e do pa\u00eds.<\/p>\n<p>Reunimos o infectologista Carlos Starling, que possui 30 de carreira e integra o comit\u00ea de enfrentamento da Covid-19 da Secretaria Municipal de Sa\u00fade de Belo Horizonte; o m\u00e9dico e gestor de Sa\u00fade da Ocupacional, Matheus Junqueira; e o m\u00e9dico do Trabalho Rafael Calixto para uma conversa sobre a atual crise de sa\u00fade e sobre as a\u00e7\u00f5es que podem ser tomadas pelas empresas para evitar a dissemina\u00e7\u00e3o do v\u00edrus. Assista ao debate na \u00edntegra!<\/p>\n<h3><iframe src=\"https:\/\/www.youtube.com\/embed\/3G0kKYjb7QU\" width=\"560\" height=\"315\" frameborder=\"0\" allowfullscreen=\"allowfullscreen\"><\/iframe><\/p>\n<p>Acompanhamento \u00e0 dist\u00e2ncia<\/h3>\n<p>Para auxiliar seus clientes a lidar com a pandemia de Covid-19, a Ocupacional est\u00e1 disponibilizando um acompanhamento exclusivo para os funcion\u00e1rios que testaram positivo ou apresentaram sintomas da doen\u00e7a. Quer saber mais sobre esse servi\u00e7o? Entre em contato com a gente!<\/p>\n<p><a class=\"btn\" style=\"color: #fff; width: auto;\" href=\"https:\/\/conteudo.ocupacional.com.br\/solucoes-covid19\">Entre em contato<\/a><\/p>\n","protected":false},"excerpt":{"rendered":"<p>\t\t\t\tEmpresas devem determinar protocolos de seguran\u00e7a para casos confirmados e suspeitos de Covid-19, se planejando para poss\u00edveis afastamentos\t\t<\/p>\n","protected":false},"author":2,"featured_media":3404,"comment_status":"closed","ping_status":"open","sticky":false,"template":"","format":"standard","meta":{"_acf_changed":false,"inline_featured_image":false,"footnotes":""},"categories":[41],"tags":[],"acf":[],"yoast_head":"<!-- This site is optimized with the Yoast SEO plugin v24.5 - https:\/\/yoast.com\/wordpress\/plugins\/seo\/ -->\n<title>Por quanto tempo afastar funcion\u00e1rios com Covid-19? - Blog - Ocupacional<\/title>\n<meta name=\"description\" content=\"Empresas devem determinar protocolos de seguran\u00e7a para casos confirmados e suspeitos de Covid-19, se planejando para poss\u00edveis afastamentos\" \/>\n<meta name=\"robots\" content=\"index, follow, max-snippet:-1, max-image-preview:large, max-video-preview:-1\" \/>\n<link rel=\"canonical\" href=\"https:\/\/ocupacional.incdigital.com.br\/por-quanto-tempo-afastar-funcionarios-com-covid-19\/\" \/>\n<meta property=\"og:locale\" content=\"pt_BR\" \/>\n<meta property=\"og:type\" content=\"article\" \/>\n<meta property=\"og:title\" content=\"Por quanto tempo afastar funcion\u00e1rios com Covid-19? - Blog - Ocupacional\" \/>\n<meta property=\"og:description\" content=\"Empresas devem determinar protocolos de seguran\u00e7a para casos confirmados e suspeitos de Covid-19, se planejando para poss\u00edveis afastamentos\" \/>\n<meta property=\"og:url\" content=\"https:\/\/ocupacional.incdigital.com.br\/por-quanto-tempo-afastar-funcionarios-com-covid-19\/\" \/>\n<meta property=\"og:site_name\" content=\"Ocupacional\" \/>\n<meta property=\"article:published_time\" content=\"2020-07-27T17:15:08+00:00\" \/>\n<meta property=\"og:image\" content=\"https:\/\/ocupacional.com.br\/site\/wp-content\/uploads\/2020\/07\/Por-quanto-tempo-afastar-funcionarios-com-Covid-19.jpg\" \/>\n\t<meta property=\"og:image:width\" content=\"600\" \/>\n\t<meta property=\"og:image:height\" content=\"270\" \/>\n\t<meta property=\"og:image:type\" content=\"image\/jpeg\" \/>\n<meta name=\"author\" content=\"Ocupacional\" \/>\n<meta name=\"twitter:card\" content=\"summary_large_image\" \/>\n<meta name=\"twitter:label1\" content=\"Escrito por\" \/>\n\t<meta name=\"twitter:data1\" content=\"Ocupacional\" \/>\n\t<meta name=\"twitter:label2\" content=\"Est. tempo de leitura\" \/>\n\t<meta name=\"twitter:data2\" content=\"3 minutos\" \/>\n<script type=\"application\/ld+json\" class=\"yoast-schema-graph\">{\"@context\":\"https:\/\/schema.org\",\"@graph\":[{\"@type\":\"Article\",\"@id\":\"https:\/\/ocupacional.incdigital.com.br\/por-quanto-tempo-afastar-funcionarios-com-covid-19\/#article\",\"isPartOf\":{\"@id\":\"https:\/\/ocupacional.incdigital.com.br\/por-quanto-tempo-afastar-funcionarios-com-covid-19\/\"},\"author\":{\"name\":\"Ocupacional\",\"@id\":\"https:\/\/ocupacional.com.br\/site\/#\/schema\/person\/9614e9b9e3c9ec0ba39804d95b2691b7\"},\"headline\":\"Por quanto tempo afastar funcion\u00e1rios com Covid-19?\",\"datePublished\":\"2020-07-27T17:15:08+00:00\",\"mainEntityOfPage\":{\"@id\":\"https:\/\/ocupacional.incdigital.com.br\/por-quanto-tempo-afastar-funcionarios-com-covid-19\/\"},\"wordCount\":595,\"publisher\":{\"@id\":\"https:\/\/ocupacional.com.br\/site\/#organization\"},\"image\":{\"@id\":\"https:\/\/ocupacional.incdigital.com.br\/por-quanto-tempo-afastar-funcionarios-com-covid-19\/#primaryimage\"},\"thumbnailUrl\":\"https:\/\/ocupacional.com.br\/site\/wp-content\/uploads\/2020\/07\/Por-quanto-tempo-afastar-funcionarios-com-Covid-19.jpg\",\"articleSection\":[\"Gest\u00e3o Ocupacional\"],\"inLanguage\":\"pt-BR\"},{\"@type\":\"WebPage\",\"@id\":\"https:\/\/ocupacional.incdigital.com.br\/por-quanto-tempo-afastar-funcionarios-com-covid-19\/\",\"url\":\"https:\/\/ocupacional.incdigital.com.br\/por-quanto-tempo-afastar-funcionarios-com-covid-19\/\",\"name\":\"Por quanto tempo afastar funcion\u00e1rios com Covid-19? - Blog - Ocupacional\",\"isPartOf\":{\"@id\":\"https:\/\/ocupacional.com.br\/site\/#website\"},\"primaryImageOfPage\":{\"@id\":\"https:\/\/ocupacional.incdigital.com.br\/por-quanto-tempo-afastar-funcionarios-com-covid-19\/#primaryimage\"},\"image\":{\"@id\":\"https:\/\/ocupacional.incdigital.com.br\/por-quanto-tempo-afastar-funcionarios-com-covid-19\/#primaryimage\"},\"thumbnailUrl\":\"https:\/\/ocupacional.com.br\/site\/wp-content\/uploads\/2020\/07\/Por-quanto-tempo-afastar-funcionarios-com-Covid-19.jpg\",\"datePublished\":\"2020-07-27T17:15:08+00:00\",\"description\":\"Empresas devem determinar protocolos de seguran\u00e7a para casos confirmados e suspeitos de Covid-19, se planejando para poss\u00edveis afastamentos\",\"breadcrumb\":{\"@id\":\"https:\/\/ocupacional.incdigital.com.br\/por-quanto-tempo-afastar-funcionarios-com-covid-19\/#breadcrumb\"},\"inLanguage\":\"pt-BR\",\"potentialAction\":[{\"@type\":\"ReadAction\",\"target\":[\"https:\/\/ocupacional.incdigital.com.br\/por-quanto-tempo-afastar-funcionarios-com-covid-19\/\"]}]},{\"@type\":\"ImageObject\",\"inLanguage\":\"pt-BR\",\"@id\":\"https:\/\/ocupacional.incdigital.com.br\/por-quanto-tempo-afastar-funcionarios-com-covid-19\/#primaryimage\",\"url\":\"https:\/\/ocupacional.com.br\/site\/wp-content\/uploads\/2020\/07\/Por-quanto-tempo-afastar-funcionarios-com-Covid-19.jpg\",\"contentUrl\":\"https:\/\/ocupacional.com.br\/site\/wp-content\/uploads\/2020\/07\/Por-quanto-tempo-afastar-funcionarios-com-Covid-19.jpg\",\"width\":600,\"height\":270,\"caption\":\"\"},{\"@type\":\"BreadcrumbList\",\"@id\":\"https:\/\/ocupacional.incdigital.com.br\/por-quanto-tempo-afastar-funcionarios-com-covid-19\/#breadcrumb\",\"itemListElement\":[{\"@type\":\"ListItem\",\"position\":1,\"name\":\"In\u00edcio\",\"item\":\"https:\/\/ocupacional.incdigital.com.br\/\"},{\"@type\":\"ListItem\",\"position\":2,\"name\":\"Por quanto tempo afastar funcion\u00e1rios com Covid-19?\"}]},{\"@type\":\"WebSite\",\"@id\":\"https:\/\/ocupacional.com.br\/site\/#website\",\"url\":\"https:\/\/ocupacional.com.br\/site\/\",\"name\":\"Ocupacional\",\"description\":\"As obriga\u00e7\u00f5es de sa\u00fade e seguran\u00e7a do trabalho\\u2028da sua empresa sob total controle\",\"publisher\":{\"@id\":\"https:\/\/ocupacional.com.br\/site\/#organization\"},\"potentialAction\":[{\"@type\":\"SearchAction\",\"target\":{\"@type\":\"EntryPoint\",\"urlTemplate\":\"https:\/\/ocupacional.com.br\/site\/?s={search_term_string}\"},\"query-input\":{\"@type\":\"PropertyValueSpecification\",\"valueRequired\":true,\"valueName\":\"search_term_string\"}}],\"inLanguage\":\"pt-BR\"},{\"@type\":\"Organization\",\"@id\":\"https:\/\/ocupacional.com.br\/site\/#organization\",\"name\":\"Ocupacional\",\"url\":\"https:\/\/ocupacional.com.br\/site\/\",\"logo\":{\"@type\":\"ImageObject\",\"inLanguage\":\"pt-BR\",\"@id\":\"https:\/\/ocupacional.com.br\/site\/#\/schema\/logo\/image\/\",\"url\":\"https:\/\/ocupacional.com.br\/site\/wp-content\/uploads\/2021\/01\/logoocp-8.png\",\"contentUrl\":\"https:\/\/ocupacional.com.br\/site\/wp-content\/uploads\/2021\/01\/logoocp-8.png\",\"width\":704,\"height\":109,\"caption\":\"Ocupacional\"},\"image\":{\"@id\":\"https:\/\/ocupacional.com.br\/site\/#\/schema\/logo\/image\/\"}},{\"@type\":\"Person\",\"@id\":\"https:\/\/ocupacional.com.br\/site\/#\/schema\/person\/9614e9b9e3c9ec0ba39804d95b2691b7\",\"name\":\"Ocupacional\",\"image\":{\"@type\":\"ImageObject\",\"inLanguage\":\"pt-BR\",\"@id\":\"https:\/\/ocupacional.com.br\/site\/#\/schema\/person\/image\/\",\"url\":\"https:\/\/secure.gravatar.com\/avatar\/f703cebaf51466d6b9274b776e57c489?s=96&d=blank&r=g\",\"contentUrl\":\"https:\/\/secure.gravatar.com\/avatar\/f703cebaf51466d6b9274b776e57c489?s=96&d=blank&r=g\",\"caption\":\"Ocupacional\"},\"url\":\"https:\/\/ocupacional.com.br\/site\/author\/ocupacional\/\"}]}<\/script>\n<!-- \/ Yoast SEO plugin. -->","yoast_head_json":{"title":"Por quanto tempo afastar funcion\u00e1rios com Covid-19? - Blog - Ocupacional","description":"Empresas devem determinar protocolos de seguran\u00e7a para casos confirmados e suspeitos de Covid-19, se planejando para poss\u00edveis afastamentos","robots":{"index":"index","follow":"follow","max-snippet":"max-snippet:-1","max-image-preview":"max-image-preview:large","max-video-preview":"max-video-preview:-1"},"canonical":"https:\/\/ocupacional.incdigital.com.br\/por-quanto-tempo-afastar-funcionarios-com-covid-19\/","og_locale":"pt_BR","og_type":"article","og_title":"Por quanto tempo afastar funcion\u00e1rios com Covid-19? - Blog - Ocupacional","og_description":"Empresas devem determinar protocolos de seguran\u00e7a para casos confirmados e suspeitos de Covid-19, se planejando para poss\u00edveis afastamentos","og_url":"https:\/\/ocupacional.incdigital.com.br\/por-quanto-tempo-afastar-funcionarios-com-covid-19\/","og_site_name":"Ocupacional","article_published_time":"2020-07-27T17:15:08+00:00","og_image":[{"width":600,"height":270,"url":"https:\/\/ocupacional.com.br\/site\/wp-content\/uploads\/2020\/07\/Por-quanto-tempo-afastar-funcionarios-com-Covid-19.jpg","type":"image\/jpeg"}],"author":"Ocupacional","twitter_card":"summary_large_image","twitter_misc":{"Escrito por":"Ocupacional","Est. tempo de leitura":"3 minutos"},"schema":{"@context":"https:\/\/schema.org","@graph":[{"@type":"Article","@id":"https:\/\/ocupacional.incdigital.com.br\/por-quanto-tempo-afastar-funcionarios-com-covid-19\/#article","isPartOf":{"@id":"https:\/\/ocupacional.incdigital.com.br\/por-quanto-tempo-afastar-funcionarios-com-covid-19\/"},"author":{"name":"Ocupacional","@id":"https:\/\/ocupacional.com.br\/site\/#\/schema\/person\/9614e9b9e3c9ec0ba39804d95b2691b7"},"headline":"Por quanto tempo afastar funcion\u00e1rios com Covid-19?","datePublished":"2020-07-27T17:15:08+00:00","mainEntityOfPage":{"@id":"https:\/\/ocupacional.incdigital.com.br\/por-quanto-tempo-afastar-funcionarios-com-covid-19\/"},"wordCount":595,"publisher":{"@id":"https:\/\/ocupacional.com.br\/site\/#organization"},"image":{"@id":"https:\/\/ocupacional.incdigital.com.br\/por-quanto-tempo-afastar-funcionarios-com-covid-19\/#primaryimage"},"thumbnailUrl":"https:\/\/ocupacional.com.br\/site\/wp-content\/uploads\/2020\/07\/Por-quanto-tempo-afastar-funcionarios-com-Covid-19.jpg","articleSection":["Gest\u00e3o Ocupacional"],"inLanguage":"pt-BR"},{"@type":"WebPage","@id":"https:\/\/ocupacional.incdigital.com.br\/por-quanto-tempo-afastar-funcionarios-com-covid-19\/","url":"https:\/\/ocupacional.incdigital.com.br\/por-quanto-tempo-afastar-funcionarios-com-covid-19\/","name":"Por quanto tempo afastar funcion\u00e1rios com Covid-19? - Blog - Ocupacional","isPartOf":{"@id":"https:\/\/ocupacional.com.br\/site\/#website"},"primaryImageOfPage":{"@id":"https:\/\/ocupacional.incdigital.com.br\/por-quanto-tempo-afastar-funcionarios-com-covid-19\/#primaryimage"},"image":{"@id":"https:\/\/ocupacional.incdigital.com.br\/por-quanto-tempo-afastar-funcionarios-com-covid-19\/#primaryimage"},"thumbnailUrl":"https:\/\/ocupacional.com.br\/site\/wp-content\/uploads\/2020\/07\/Por-quanto-tempo-afastar-funcionarios-com-Covid-19.jpg","datePublished":"2020-07-27T17:15:08+00:00","description":"Empresas devem determinar protocolos de seguran\u00e7a para casos confirmados e suspeitos de Covid-19, se planejando para poss\u00edveis afastamentos","breadcrumb":{"@id":"https:\/\/ocupacional.incdigital.com.br\/por-quanto-tempo-afastar-funcionarios-com-covid-19\/#breadcrumb"},"inLanguage":"pt-BR","potentialAction":[{"@type":"ReadAction","target":["https:\/\/ocupacional.incdigital.com.br\/por-quanto-tempo-afastar-funcionarios-com-covid-19\/"]}]},{"@type":"ImageObject","inLanguage":"pt-BR","@id":"https:\/\/ocupacional.incdigital.com.br\/por-quanto-tempo-afastar-funcionarios-com-covid-19\/#primaryimage","url":"https:\/\/ocupacional.com.br\/site\/wp-content\/uploads\/2020\/07\/Por-quanto-tempo-afastar-funcionarios-com-Covid-19.jpg","contentUrl":"https:\/\/ocupacional.com.br\/site\/wp-content\/uploads\/2020\/07\/Por-quanto-tempo-afastar-funcionarios-com-Covid-19.jpg","width":600,"height":270,"caption":""},{"@type":"BreadcrumbList","@id":"https:\/\/ocupacional.incdigital.com.br\/por-quanto-tempo-afastar-funcionarios-com-covid-19\/#breadcrumb","itemListElement":[{"@type":"ListItem","position":1,"name":"In\u00edcio","item":"https:\/\/ocupacional.incdigital.com.br\/"},{"@type":"ListItem","position":2,"name":"Por quanto tempo afastar funcion\u00e1rios com Covid-19?"}]},{"@type":"WebSite","@id":"https:\/\/ocupacional.com.br\/site\/#website","url":"https:\/\/ocupacional.com.br\/site\/","name":"Ocupacional","description":"As obriga\u00e7\u00f5es de sa\u00fade e seguran\u00e7a do trabalho\u2028da sua empresa sob total controle","publisher":{"@id":"https:\/\/ocupacional.com.br\/site\/#organization"},"potentialAction":[{"@type":"SearchAction","target":{"@type":"EntryPoint","urlTemplate":"https:\/\/ocupacional.com.br\/site\/?s={search_term_string}"},"query-input":{"@type":"PropertyValueSpecification","valueRequired":true,"valueName":"search_term_string"}}],"inLanguage":"pt-BR"},{"@type":"Organization","@id":"https:\/\/ocupacional.com.br\/site\/#organization","name":"Ocupacional","url":"https:\/\/ocupacional.com.br\/site\/","logo":{"@type":"ImageObject","inLanguage":"pt-BR","@id":"https:\/\/ocupacional.com.br\/site\/#\/schema\/logo\/image\/","url":"https:\/\/ocupacional.com.br\/site\/wp-content\/uploads\/2021\/01\/logoocp-8.png","contentUrl":"https:\/\/ocupacional.com.br\/site\/wp-content\/uploads\/2021\/01\/logoocp-8.png","width":704,"height":109,"caption":"Ocupacional"},"image":{"@id":"https:\/\/ocupacional.com.br\/site\/#\/schema\/logo\/image\/"}},{"@type":"Person","@id":"https:\/\/ocupacional.com.br\/site\/#\/schema\/person\/9614e9b9e3c9ec0ba39804d95b2691b7","name":"Ocupacional","image":{"@type":"ImageObject","inLanguage":"pt-BR","@id":"https:\/\/ocupacional.com.br\/site\/#\/schema\/person\/image\/","url":"https:\/\/secure.gravatar.com\/avatar\/f703cebaf51466d6b9274b776e57c489?s=96&d=blank&r=g","contentUrl":"https:\/\/secure.gravatar.com\/avatar\/f703cebaf51466d6b9274b776e57c489?s=96&d=blank&r=g","caption":"Ocupacional"},"url":"https:\/\/ocupacional.com.br\/site\/author\/ocupacional\/"}]}},"_links":{"self":[{"href":"https:\/\/ocupacional.com.br\/site\/wp-json\/wp\/v2\/posts\/3408"}],"collection":[{"href":"https:\/\/ocupacional.com.br\/site\/wp-json\/wp\/v2\/posts"}],"about":[{"href":"https:\/\/ocupacional.com.br\/site\/wp-json\/wp\/v2\/types\/post"}],"author":[{"embeddable":true,"href":"https:\/\/ocupacional.com.br\/site\/wp-json\/wp\/v2\/users\/2"}],"replies":[{"embeddable":true,"href":"https:\/\/ocupacional.com.br\/site\/wp-json\/wp\/v2\/comments?post=3408"}],"version-history":[{"count":0,"href":"https:\/\/ocupacional.com.br\/site\/wp-json\/wp\/v2\/posts\/3408\/revisions"}],"wp:featuredmedia":[{"embeddable":true,"href":"https:\/\/ocupacional.com.br\/site\/wp-json\/wp\/v2\/media\/3404"}],"wp:attachment":[{"href":"https:\/\/ocupacional.com.br\/site\/wp-json\/wp\/v2\/media?parent=3408"}],"wp:term":[{"taxonomy":"category","embeddable":true,"href":"https:\/\/ocupacional.com.br\/site\/wp-json\/wp\/v2\/categories?post=3408"},{"taxonomy":"post_tag","embeddable":true,"href":"https:\/\/ocupacional.com.br\/site\/wp-json\/wp\/v2\/tags?post=3408"}],"curies":[{"name":"wp","href":"https:\/\/api.w.org\/{rel}","templated":true}]}}