{"id":3349,"date":"2020-05-26T13:29:16","date_gmt":"2020-05-26T13:29:16","guid":{"rendered":"https:\/\/www.ocupacional.com.br\/ocupacional\/?p=3349"},"modified":"2020-05-26T13:29:16","modified_gmt":"2020-05-26T13:29:16","slug":"importancia-dos-exames-ocupacionais-durante-a-pandemia","status":"publish","type":"post","link":"https:\/\/ocupacional.com.br\/site\/importancia-dos-exames-ocupacionais-durante-a-pandemia\/","title":{"rendered":"Import\u00e2ncia dos exames ocupacionais durante a pandemia"},"content":{"rendered":"<p>\t\t\t\t<em>Governo federal tira obrigatoriedade de alguns exames, mas eles ainda s\u00e3o essenciais para manter a sa\u00fade dos trabalhadores<\/em><\/p>\n<p>Para adequar as diretrizes das rela\u00e7\u00f5es de trabalho durante esse per\u00edodo de pandemia, o governo federal editou a <a href=\"http:\/\/www.planalto.gov.br\/ccivil_03\/_ato2019-2022\/2020\/Mpv\/mpv927.htm\" target=\"_blank\" rel=\"noopener noreferrer\">Medida Provis\u00f3ria n\u00ba 927\/2020<\/a>. O texto traz determina\u00e7\u00f5es espec\u00edficas sobre as regras para home office, f\u00e9rias, antecipa\u00e7\u00e3o de feriados, banco de horas e diferimento do prazo para recolhimento do FGTS. Al\u00e9m disso, a MP trouxe tr\u00eas modifica\u00e7\u00f5es importantes para a Sa\u00fade e Seguran\u00e7a do Trabalho.<\/p>\n<p>O primeiro ponto \u00e9 a suspens\u00e3o de alguns treinamentos obrigat\u00f3rios para algumas atividades, como s\u00e3o os casos das capacita\u00e7\u00f5es sobre trabalho em altura, em espa\u00e7os confinados ou com combust\u00edveis e inflam\u00e1veis. Apesar da n\u00e3o obrigatoriedade moment\u00e2nea, os trabalhadores ainda precisar\u00e3o ser treinados nessas \u00e1reas e, para isso, a pr\u00f3pria MP oferece uma alternativa: os cursos a dist\u00e2ncia. Se quiser saber mais sobre o assunto, acesse nosso post e <a href=\"https:\/\/www.ocupacional.com.br\/ocupacional\/treinamentos-obrigatorios-de-sst-a-distancia\/\">veja os treinamentos oferecidos pela Ocupacional<\/a>.<\/p>\n<p>O segundo item diz respeito \u00e0s comiss\u00f5es internas de preven\u00e7\u00e3o de acidentes (Cipas). De acordo com a MP, elas poder\u00e3o ser mantidas at\u00e9 o fim do estado de calamidade p\u00fablica e os processos eleitorais em curso podem ser suspensos. Esse \u00e9 ponto mais controverso da Medida Provis\u00f3ria, pois abre d\u00favidas sobre qual ser\u00e1 o momento do in\u00edcio e do t\u00e9rmino da estabilidade em processos j\u00e1 iniciados e sobre a palavra \u201cpoder\u00e3o\u201d, que marca um poder do empregador decidir ou n\u00e3o manter a Cipa em funcionamento.<\/p>\n<p>A terceira modifica\u00e7\u00e3o afeta os exames m\u00e9dicos ocupacionais, que deixaram de ser obrigat\u00f3rios durante o estado de calamidade p\u00fablica. A MP determina, por\u00e9m, que eles dever\u00e3o ser realizados em at\u00e9 60 dias ap\u00f3s o t\u00e9rmino desse per\u00edodo e que os exames demissionais seguem obrigat\u00f3rios para dispensas sem justa causa, sendo necess\u00e1rio realiz\u00e1-los em at\u00e9 dez dias da data de rescis\u00e3o. A \u00fanica exce\u00e7\u00e3o para este caso s\u00e3o os trabalhadores que fizeram o exame peri\u00f3dico nos 180 dias anteriores \u00e0 dispensa \u2013 o prazo anterior era de 90 dias (empresas dos grupos de risco 3 e 4 da NR 4) e 135 dias (grupos 1 e 2).<\/p>\n<p>Al\u00e9m disso, se o m\u00e9dico coordenador de Programa de Controle M\u00e9dico e Sa\u00fade Ocupacional (PCMSO) considerar que a prorroga\u00e7\u00e3o do prazo do exame admissional\/peri\u00f3dico representa risco para a sa\u00fade do empregado, o empregador dever\u00e1 realiz\u00e1-lo.<\/p>\n<h3>Exames seguros na pandemia<\/h3>\n<p>Apesar da MP ter retirado a obrigatoriedade dos exames ocupacionais, eles seguem <a href=\"https:\/\/www.ocupacional.com.br\/ocupacional\/a-importancia-dos-exames-medicos-periodicos\/\">fundamentais para avaliar o estado de sa\u00fade dos trabalhadores<\/a>. Os exames ajudam a identificar, por exemplo, se h\u00e1 condi\u00e7\u00f5es impeditivas para o exerc\u00edcio de fun\u00e7\u00f5es espec\u00edficas e at\u00e9 mesmo a aptid\u00e3o ou n\u00e3o do futuro funcion\u00e1rio para atuar sob determinados riscos.<\/p>\n<p>Eles tamb\u00e9m s\u00e3o essenciais para as empresas, pois funcionam como documentos legais para mostrar se as atividades impactaram, ou n\u00e3o, a sa\u00fade do trabalhador. Al\u00e9m disso, eles tamb\u00e9m protegem contra poss\u00edveis golpes. Caso o trabalhador tenha forjado uma doen\u00e7a ou j\u00e1 a carregasse consigo quando come\u00e7ou a exercer um servi\u00e7o, os exames peri\u00f3dicos podem provar que o caso n\u00e3o foi agravado, por exemplo.<\/p>\n<p><strong>Leia tamb\u00e9m:<\/strong> <a href=\"https:\/\/www.ocupacional.com.br\/ocupacional\/3-casos-em-que-exames-ocupacionais-evitaram-prejuizos-para-as-empresas\/\">3 casos em que exames ocupacionais evitaram preju\u00edzos para as empresas<\/a><\/p>\n<p>Por isso, ainda \u00e9 necess\u00e1rio ficar atento a eles mesmo durante esse per\u00edodo de pandemia. E a Ocupacional possui um plano emergencial para atendimento, adequando a experi\u00eancia adquirida na \u00e1rea de Seguran\u00e7a e Sa\u00fade do Trabalho \u00e0 atual necessidade sanit\u00e1ria. Al\u00e9m de oferecer canais para atendimento exclusivo, seja por telefone ou videoconfer\u00eancia, nossos profissionais est\u00e3o dispon\u00edveis para oferecer orienta\u00e7\u00f5es, realizar triagens e prestar servi\u00e7os junto aos funcion\u00e1rios e clientes da empresa.<\/p>\n<p>Isso pode ser feito, inclusive, dentro da sua empresa. M\u00e9dicos, enfermeiros ou auxiliarem de enfermagem podem realizar os servi\u00e7os de sa\u00fade que forem necess\u00e1rios para a equipe, evitando a dissemina\u00e7\u00e3o do v\u00edrus e mantendo os cuidados com os colaboradores. O atendimento em nossa sede tamb\u00e9m est\u00e1 seguindo todas as normas de sa\u00fade recomendadas, deixando o ambiente seguro para realiza\u00e7\u00e3o dos exames. Clique no bot\u00e3o abaixo e veja como podemos te ajudar!<\/p>\n<p><a class=\"btn\" style=\"color: #fff; width: auto;\" href=\"https:\/\/www.ocupacional.com.br\/ocupacional\/solicite-uma-proposta-covid-19\/\">Solicite uma proposta<\/a>\t\t<\/p>\n","protected":false},"excerpt":{"rendered":"<p>\t\t\t\tGoverno federal tira, de maneira provis\u00f3ria, a obrigatoriedade de alguns exames. Por\u00e9m, eles ainda s\u00e3o essenciais para manter a sa\u00fade dos trabalhadores. Entenda.\t\t<\/p>\n","protected":false},"author":2,"featured_media":3346,"comment_status":"closed","ping_status":"open","sticky":false,"template":"","format":"standard","meta":{"_acf_changed":false,"inline_featured_image":false,"footnotes":""},"categories":[41,42],"tags":[],"acf":[],"yoast_head":"<!-- This site is optimized with the Yoast SEO plugin v24.5 - https:\/\/yoast.com\/wordpress\/plugins\/seo\/ -->\n<title>Import\u00e2ncia dos exames ocupacionais durante a pandemia - Blog - Ocupacional<\/title>\n<meta name=\"description\" content=\"Governo federal tira, de maneira provis\u00f3ria, a obrigatoriedade de alguns exames. Por\u00e9m, eles ainda s\u00e3o essenciais para manter a sa\u00fade dos trabalhadores.\" \/>\n<meta name=\"robots\" content=\"index, follow, max-snippet:-1, max-image-preview:large, max-video-preview:-1\" \/>\n<link rel=\"canonical\" href=\"https:\/\/ocupacional.incdigital.com.br\/importancia-dos-exames-ocupacionais-durante-a-pandemia\/\" \/>\n<meta property=\"og:locale\" content=\"pt_BR\" \/>\n<meta property=\"og:type\" content=\"article\" \/>\n<meta property=\"og:title\" content=\"Import\u00e2ncia dos exames ocupacionais durante a pandemia - Blog - Ocupacional\" \/>\n<meta property=\"og:description\" content=\"Governo federal tira, de maneira provis\u00f3ria, a obrigatoriedade de alguns exames. Por\u00e9m, eles ainda s\u00e3o essenciais para manter a sa\u00fade dos trabalhadores.\" \/>\n<meta property=\"og:url\" content=\"https:\/\/ocupacional.incdigital.com.br\/importancia-dos-exames-ocupacionais-durante-a-pandemia\/\" \/>\n<meta property=\"og:site_name\" content=\"Ocupacional\" \/>\n<meta property=\"article:published_time\" content=\"2020-05-26T13:29:16+00:00\" \/>\n<meta property=\"og:image\" content=\"https:\/\/ocupacional.com.br\/site\/wp-content\/uploads\/2020\/05\/Coivd-19-prejuizos-saude-mental-trabalhadores.jpg\" \/>\n\t<meta property=\"og:image:width\" content=\"600\" \/>\n\t<meta property=\"og:image:height\" content=\"270\" \/>\n\t<meta property=\"og:image:type\" content=\"image\/jpeg\" \/>\n<meta name=\"author\" content=\"Ocupacional\" \/>\n<meta name=\"twitter:card\" content=\"summary_large_image\" \/>\n<meta name=\"twitter:label1\" content=\"Escrito por\" \/>\n\t<meta name=\"twitter:data1\" content=\"Ocupacional\" \/>\n\t<meta name=\"twitter:label2\" content=\"Est. tempo de leitura\" \/>\n\t<meta name=\"twitter:data2\" content=\"4 minutos\" \/>\n<script type=\"application\/ld+json\" class=\"yoast-schema-graph\">{\"@context\":\"https:\/\/schema.org\",\"@graph\":[{\"@type\":\"Article\",\"@id\":\"https:\/\/ocupacional.incdigital.com.br\/importancia-dos-exames-ocupacionais-durante-a-pandemia\/#article\",\"isPartOf\":{\"@id\":\"https:\/\/ocupacional.incdigital.com.br\/importancia-dos-exames-ocupacionais-durante-a-pandemia\/\"},\"author\":{\"name\":\"Ocupacional\",\"@id\":\"https:\/\/ocupacional.com.br\/site\/#\/schema\/person\/9614e9b9e3c9ec0ba39804d95b2691b7\"},\"headline\":\"Import\u00e2ncia dos exames ocupacionais durante a pandemia\",\"datePublished\":\"2020-05-26T13:29:16+00:00\",\"mainEntityOfPage\":{\"@id\":\"https:\/\/ocupacional.incdigital.com.br\/importancia-dos-exames-ocupacionais-durante-a-pandemia\/\"},\"wordCount\":756,\"publisher\":{\"@id\":\"https:\/\/ocupacional.com.br\/site\/#organization\"},\"image\":{\"@id\":\"https:\/\/ocupacional.incdigital.com.br\/importancia-dos-exames-ocupacionais-durante-a-pandemia\/#primaryimage\"},\"thumbnailUrl\":\"https:\/\/ocupacional.com.br\/site\/wp-content\/uploads\/2020\/05\/Coivd-19-prejuizos-saude-mental-trabalhadores.jpg\",\"articleSection\":[\"Gest\u00e3o Ocupacional\",\"Legisla\u00e7\u00e3o\"],\"inLanguage\":\"pt-BR\"},{\"@type\":\"WebPage\",\"@id\":\"https:\/\/ocupacional.incdigital.com.br\/importancia-dos-exames-ocupacionais-durante-a-pandemia\/\",\"url\":\"https:\/\/ocupacional.incdigital.com.br\/importancia-dos-exames-ocupacionais-durante-a-pandemia\/\",\"name\":\"Import\u00e2ncia dos exames ocupacionais durante a pandemia - Blog - Ocupacional\",\"isPartOf\":{\"@id\":\"https:\/\/ocupacional.com.br\/site\/#website\"},\"primaryImageOfPage\":{\"@id\":\"https:\/\/ocupacional.incdigital.com.br\/importancia-dos-exames-ocupacionais-durante-a-pandemia\/#primaryimage\"},\"image\":{\"@id\":\"https:\/\/ocupacional.incdigital.com.br\/importancia-dos-exames-ocupacionais-durante-a-pandemia\/#primaryimage\"},\"thumbnailUrl\":\"https:\/\/ocupacional.com.br\/site\/wp-content\/uploads\/2020\/05\/Coivd-19-prejuizos-saude-mental-trabalhadores.jpg\",\"datePublished\":\"2020-05-26T13:29:16+00:00\",\"description\":\"Governo federal tira, de maneira provis\u00f3ria, a obrigatoriedade de alguns exames. Por\u00e9m, eles ainda s\u00e3o essenciais para manter a sa\u00fade dos trabalhadores.\",\"breadcrumb\":{\"@id\":\"https:\/\/ocupacional.incdigital.com.br\/importancia-dos-exames-ocupacionais-durante-a-pandemia\/#breadcrumb\"},\"inLanguage\":\"pt-BR\",\"potentialAction\":[{\"@type\":\"ReadAction\",\"target\":[\"https:\/\/ocupacional.incdigital.com.br\/importancia-dos-exames-ocupacionais-durante-a-pandemia\/\"]}]},{\"@type\":\"ImageObject\",\"inLanguage\":\"pt-BR\",\"@id\":\"https:\/\/ocupacional.incdigital.com.br\/importancia-dos-exames-ocupacionais-durante-a-pandemia\/#primaryimage\",\"url\":\"https:\/\/ocupacional.com.br\/site\/wp-content\/uploads\/2020\/05\/Coivd-19-prejuizos-saude-mental-trabalhadores.jpg\",\"contentUrl\":\"https:\/\/ocupacional.com.br\/site\/wp-content\/uploads\/2020\/05\/Coivd-19-prejuizos-saude-mental-trabalhadores.jpg\",\"width\":600,\"height\":270,\"caption\":\"\"},{\"@type\":\"BreadcrumbList\",\"@id\":\"https:\/\/ocupacional.incdigital.com.br\/importancia-dos-exames-ocupacionais-durante-a-pandemia\/#breadcrumb\",\"itemListElement\":[{\"@type\":\"ListItem\",\"position\":1,\"name\":\"In\u00edcio\",\"item\":\"https:\/\/ocupacional.incdigital.com.br\/\"},{\"@type\":\"ListItem\",\"position\":2,\"name\":\"Import\u00e2ncia dos exames ocupacionais durante a pandemia\"}]},{\"@type\":\"WebSite\",\"@id\":\"https:\/\/ocupacional.com.br\/site\/#website\",\"url\":\"https:\/\/ocupacional.com.br\/site\/\",\"name\":\"Ocupacional\",\"description\":\"As obriga\u00e7\u00f5es de sa\u00fade e seguran\u00e7a do trabalho\\u2028da sua empresa sob total controle\",\"publisher\":{\"@id\":\"https:\/\/ocupacional.com.br\/site\/#organization\"},\"potentialAction\":[{\"@type\":\"SearchAction\",\"target\":{\"@type\":\"EntryPoint\",\"urlTemplate\":\"https:\/\/ocupacional.com.br\/site\/?s={search_term_string}\"},\"query-input\":{\"@type\":\"PropertyValueSpecification\",\"valueRequired\":true,\"valueName\":\"search_term_string\"}}],\"inLanguage\":\"pt-BR\"},{\"@type\":\"Organization\",\"@id\":\"https:\/\/ocupacional.com.br\/site\/#organization\",\"name\":\"Ocupacional\",\"url\":\"https:\/\/ocupacional.com.br\/site\/\",\"logo\":{\"@type\":\"ImageObject\",\"inLanguage\":\"pt-BR\",\"@id\":\"https:\/\/ocupacional.com.br\/site\/#\/schema\/logo\/image\/\",\"url\":\"https:\/\/ocupacional.com.br\/site\/wp-content\/uploads\/2021\/01\/logoocp-8.png\",\"contentUrl\":\"https:\/\/ocupacional.com.br\/site\/wp-content\/uploads\/2021\/01\/logoocp-8.png\",\"width\":704,\"height\":109,\"caption\":\"Ocupacional\"},\"image\":{\"@id\":\"https:\/\/ocupacional.com.br\/site\/#\/schema\/logo\/image\/\"}},{\"@type\":\"Person\",\"@id\":\"https:\/\/ocupacional.com.br\/site\/#\/schema\/person\/9614e9b9e3c9ec0ba39804d95b2691b7\",\"name\":\"Ocupacional\",\"image\":{\"@type\":\"ImageObject\",\"inLanguage\":\"pt-BR\",\"@id\":\"https:\/\/ocupacional.com.br\/site\/#\/schema\/person\/image\/\",\"url\":\"https:\/\/secure.gravatar.com\/avatar\/f703cebaf51466d6b9274b776e57c489?s=96&d=blank&r=g\",\"contentUrl\":\"https:\/\/secure.gravatar.com\/avatar\/f703cebaf51466d6b9274b776e57c489?s=96&d=blank&r=g\",\"caption\":\"Ocupacional\"},\"url\":\"https:\/\/ocupacional.com.br\/site\/author\/ocupacional\/\"}]}<\/script>\n<!-- \/ Yoast SEO plugin. -->","yoast_head_json":{"title":"Import\u00e2ncia dos exames ocupacionais durante a pandemia - Blog - Ocupacional","description":"Governo federal tira, de maneira provis\u00f3ria, a obrigatoriedade de alguns exames. Por\u00e9m, eles ainda s\u00e3o essenciais para manter a sa\u00fade dos trabalhadores.","robots":{"index":"index","follow":"follow","max-snippet":"max-snippet:-1","max-image-preview":"max-image-preview:large","max-video-preview":"max-video-preview:-1"},"canonical":"https:\/\/ocupacional.incdigital.com.br\/importancia-dos-exames-ocupacionais-durante-a-pandemia\/","og_locale":"pt_BR","og_type":"article","og_title":"Import\u00e2ncia dos exames ocupacionais durante a pandemia - Blog - Ocupacional","og_description":"Governo federal tira, de maneira provis\u00f3ria, a obrigatoriedade de alguns exames. Por\u00e9m, eles ainda s\u00e3o essenciais para manter a sa\u00fade dos trabalhadores.","og_url":"https:\/\/ocupacional.incdigital.com.br\/importancia-dos-exames-ocupacionais-durante-a-pandemia\/","og_site_name":"Ocupacional","article_published_time":"2020-05-26T13:29:16+00:00","og_image":[{"width":600,"height":270,"url":"https:\/\/ocupacional.com.br\/site\/wp-content\/uploads\/2020\/05\/Coivd-19-prejuizos-saude-mental-trabalhadores.jpg","type":"image\/jpeg"}],"author":"Ocupacional","twitter_card":"summary_large_image","twitter_misc":{"Escrito por":"Ocupacional","Est. tempo de leitura":"4 minutos"},"schema":{"@context":"https:\/\/schema.org","@graph":[{"@type":"Article","@id":"https:\/\/ocupacional.incdigital.com.br\/importancia-dos-exames-ocupacionais-durante-a-pandemia\/#article","isPartOf":{"@id":"https:\/\/ocupacional.incdigital.com.br\/importancia-dos-exames-ocupacionais-durante-a-pandemia\/"},"author":{"name":"Ocupacional","@id":"https:\/\/ocupacional.com.br\/site\/#\/schema\/person\/9614e9b9e3c9ec0ba39804d95b2691b7"},"headline":"Import\u00e2ncia dos exames ocupacionais durante a pandemia","datePublished":"2020-05-26T13:29:16+00:00","mainEntityOfPage":{"@id":"https:\/\/ocupacional.incdigital.com.br\/importancia-dos-exames-ocupacionais-durante-a-pandemia\/"},"wordCount":756,"publisher":{"@id":"https:\/\/ocupacional.com.br\/site\/#organization"},"image":{"@id":"https:\/\/ocupacional.incdigital.com.br\/importancia-dos-exames-ocupacionais-durante-a-pandemia\/#primaryimage"},"thumbnailUrl":"https:\/\/ocupacional.com.br\/site\/wp-content\/uploads\/2020\/05\/Coivd-19-prejuizos-saude-mental-trabalhadores.jpg","articleSection":["Gest\u00e3o Ocupacional","Legisla\u00e7\u00e3o"],"inLanguage":"pt-BR"},{"@type":"WebPage","@id":"https:\/\/ocupacional.incdigital.com.br\/importancia-dos-exames-ocupacionais-durante-a-pandemia\/","url":"https:\/\/ocupacional.incdigital.com.br\/importancia-dos-exames-ocupacionais-durante-a-pandemia\/","name":"Import\u00e2ncia dos exames ocupacionais durante a pandemia - Blog - Ocupacional","isPartOf":{"@id":"https:\/\/ocupacional.com.br\/site\/#website"},"primaryImageOfPage":{"@id":"https:\/\/ocupacional.incdigital.com.br\/importancia-dos-exames-ocupacionais-durante-a-pandemia\/#primaryimage"},"image":{"@id":"https:\/\/ocupacional.incdigital.com.br\/importancia-dos-exames-ocupacionais-durante-a-pandemia\/#primaryimage"},"thumbnailUrl":"https:\/\/ocupacional.com.br\/site\/wp-content\/uploads\/2020\/05\/Coivd-19-prejuizos-saude-mental-trabalhadores.jpg","datePublished":"2020-05-26T13:29:16+00:00","description":"Governo federal tira, de maneira provis\u00f3ria, a obrigatoriedade de alguns exames. Por\u00e9m, eles ainda s\u00e3o essenciais para manter a sa\u00fade dos trabalhadores.","breadcrumb":{"@id":"https:\/\/ocupacional.incdigital.com.br\/importancia-dos-exames-ocupacionais-durante-a-pandemia\/#breadcrumb"},"inLanguage":"pt-BR","potentialAction":[{"@type":"ReadAction","target":["https:\/\/ocupacional.incdigital.com.br\/importancia-dos-exames-ocupacionais-durante-a-pandemia\/"]}]},{"@type":"ImageObject","inLanguage":"pt-BR","@id":"https:\/\/ocupacional.incdigital.com.br\/importancia-dos-exames-ocupacionais-durante-a-pandemia\/#primaryimage","url":"https:\/\/ocupacional.com.br\/site\/wp-content\/uploads\/2020\/05\/Coivd-19-prejuizos-saude-mental-trabalhadores.jpg","contentUrl":"https:\/\/ocupacional.com.br\/site\/wp-content\/uploads\/2020\/05\/Coivd-19-prejuizos-saude-mental-trabalhadores.jpg","width":600,"height":270,"caption":""},{"@type":"BreadcrumbList","@id":"https:\/\/ocupacional.incdigital.com.br\/importancia-dos-exames-ocupacionais-durante-a-pandemia\/#breadcrumb","itemListElement":[{"@type":"ListItem","position":1,"name":"In\u00edcio","item":"https:\/\/ocupacional.incdigital.com.br\/"},{"@type":"ListItem","position":2,"name":"Import\u00e2ncia dos exames ocupacionais durante a pandemia"}]},{"@type":"WebSite","@id":"https:\/\/ocupacional.com.br\/site\/#website","url":"https:\/\/ocupacional.com.br\/site\/","name":"Ocupacional","description":"As obriga\u00e7\u00f5es de sa\u00fade e seguran\u00e7a do trabalho\u2028da sua empresa sob total controle","publisher":{"@id":"https:\/\/ocupacional.com.br\/site\/#organization"},"potentialAction":[{"@type":"SearchAction","target":{"@type":"EntryPoint","urlTemplate":"https:\/\/ocupacional.com.br\/site\/?s={search_term_string}"},"query-input":{"@type":"PropertyValueSpecification","valueRequired":true,"valueName":"search_term_string"}}],"inLanguage":"pt-BR"},{"@type":"Organization","@id":"https:\/\/ocupacional.com.br\/site\/#organization","name":"Ocupacional","url":"https:\/\/ocupacional.com.br\/site\/","logo":{"@type":"ImageObject","inLanguage":"pt-BR","@id":"https:\/\/ocupacional.com.br\/site\/#\/schema\/logo\/image\/","url":"https:\/\/ocupacional.com.br\/site\/wp-content\/uploads\/2021\/01\/logoocp-8.png","contentUrl":"https:\/\/ocupacional.com.br\/site\/wp-content\/uploads\/2021\/01\/logoocp-8.png","width":704,"height":109,"caption":"Ocupacional"},"image":{"@id":"https:\/\/ocupacional.com.br\/site\/#\/schema\/logo\/image\/"}},{"@type":"Person","@id":"https:\/\/ocupacional.com.br\/site\/#\/schema\/person\/9614e9b9e3c9ec0ba39804d95b2691b7","name":"Ocupacional","image":{"@type":"ImageObject","inLanguage":"pt-BR","@id":"https:\/\/ocupacional.com.br\/site\/#\/schema\/person\/image\/","url":"https:\/\/secure.gravatar.com\/avatar\/f703cebaf51466d6b9274b776e57c489?s=96&d=blank&r=g","contentUrl":"https:\/\/secure.gravatar.com\/avatar\/f703cebaf51466d6b9274b776e57c489?s=96&d=blank&r=g","caption":"Ocupacional"},"url":"https:\/\/ocupacional.com.br\/site\/author\/ocupacional\/"}]}},"_links":{"self":[{"href":"https:\/\/ocupacional.com.br\/site\/wp-json\/wp\/v2\/posts\/3349"}],"collection":[{"href":"https:\/\/ocupacional.com.br\/site\/wp-json\/wp\/v2\/posts"}],"about":[{"href":"https:\/\/ocupacional.com.br\/site\/wp-json\/wp\/v2\/types\/post"}],"author":[{"embeddable":true,"href":"https:\/\/ocupacional.com.br\/site\/wp-json\/wp\/v2\/users\/2"}],"replies":[{"embeddable":true,"href":"https:\/\/ocupacional.com.br\/site\/wp-json\/wp\/v2\/comments?post=3349"}],"version-history":[{"count":0,"href":"https:\/\/ocupacional.com.br\/site\/wp-json\/wp\/v2\/posts\/3349\/revisions"}],"wp:featuredmedia":[{"embeddable":true,"href":"https:\/\/ocupacional.com.br\/site\/wp-json\/wp\/v2\/media\/3346"}],"wp:attachment":[{"href":"https:\/\/ocupacional.com.br\/site\/wp-json\/wp\/v2\/media?parent=3349"}],"wp:term":[{"taxonomy":"category","embeddable":true,"href":"https:\/\/ocupacional.com.br\/site\/wp-json\/wp\/v2\/categories?post=3349"},{"taxonomy":"post_tag","embeddable":true,"href":"https:\/\/ocupacional.com.br\/site\/wp-json\/wp\/v2\/tags?post=3349"}],"curies":[{"name":"wp","href":"https:\/\/api.w.org\/{rel}","templated":true}]}}