{"id":3344,"date":"2020-05-22T01:25:40","date_gmt":"2020-05-22T01:25:40","guid":{"rendered":"https:\/\/www.ocupacional.com.br\/ocupacional\/?p=3344"},"modified":"2020-05-22T01:25:40","modified_gmt":"2020-05-22T01:25:40","slug":"covid-19-prejuizos-a-saude-mental-dos-trabalhadores","status":"publish","type":"post","link":"https:\/\/ocupacional.com.br\/site\/covid-19-prejuizos-a-saude-mental-dos-trabalhadores\/","title":{"rendered":"Covid-19: Preju\u00edzos \u00e0 sa\u00fade mental dos trabalhadores"},"content":{"rendered":"<p>\t\t\t\t<em>Situa\u00e7\u00e3o excepcional tem gerado efeitos negativos para os trabalhadores, em um sentimento parecido com o luto<\/em><\/p>\n<p>\u00c9 dif\u00edcil fazer qualquer compara\u00e7\u00e3o hist\u00f3rica com a atual crise de sa\u00fade p\u00fablica vivida em todo o mundo. No dia em que este texto foi escrito, a <a href=\"https:\/\/coronavirus.jhu.edu\/map.html\" target=\"_blank\" rel=\"noopener noreferrer\">Universidade Johns Hopkins<\/a> apontava mais de 4,8 milh\u00f5es de casos em todo o mundo, com cerca de 320 mil mortes. S\u00f3 no Brasil eram 255 mil casos e quase 17 mil mortes. E, diante de um cen\u00e1rio de medo e incertezas, a sa\u00fade mental \u00e9 uma das mais afetadas.<\/p>\n<p>\u00c9 o que aponta, por exemplo, uma <a href=\"https:\/\/www.bbc.com\/portuguese\/geral-52157980\" target=\"_blank\" rel=\"noopener noreferrer\">pesquisa do Instituto YoungMinds<\/a> \u2013 organiza\u00e7\u00e3o n\u00e3o-governamental que luta pela sa\u00fade mental de jovens. Os pesquisadores viram que, embora as pessoas entendam a import\u00e2ncia das medidas de isolamento, houve um aumento consider\u00e1vel da ansiedade, dos problemas para dormir, ataques de p\u00e2nico e at\u00e9 mesmo do desejo de se automutilar.<\/p>\n<p><a href=\"https:\/\/www.unifesp.br\/reitoria\/dci\/noticias-anteriores-dci\/item\/4395-quais-os-principais-efeitos-da-pandemia-na-saude-mental\" target=\"_blank\" rel=\"noopener noreferrer\">De acordo com Jair de Jesus Mari<\/a>, m\u00e9dico psiquiatra e chefe do Departamento de Psiquiatria da Escola Paulista de Medicina da Universidade Federal de S\u00e3o Paulo (EPM\/Unifesp), os sintomas psicol\u00f3gicos est\u00e3o relacionados a tr\u00eas fases da pandemia. Na primeira, a mudan\u00e7a radical no estilo de vida traz o medo de ser contaminado e o estresse pela redu\u00e7\u00e3o do contato f\u00edsico. Na segunda, o desamparo, o t\u00e9dio e a raiva s\u00e3o rea\u00e7\u00f5es esperadas pelo desconforto com rela\u00e7\u00e3o ao confinamento. J\u00e1 a terceira est\u00e1 ligada \u00e0s poss\u00edveis perdas econ\u00f4micas e afetivas decorrentes da epidemia, podendo gerar sequelas como depress\u00e3o, risco de suic\u00eddio e desenvolvimento de estresse p\u00f3s-traum\u00e1tico.<\/p>\n<p>\u201cO estresse \u00e9 fator de risco para v\u00e1rios transtornos mentais. O p\u00e2nico pode ser disparado nos casos de maior ansiedade. \u00c9 prov\u00e1vel que nesta segunda fase da doen\u00e7a, a do confinamento, possa haver uma incid\u00eancia maior de p\u00e2nico\u201d, explica. Para minimizar esses efeitos, o professor acredita ser essencial estimular o lado altru\u00edsta do indiv\u00edduo, fazendo-o reconhecer que o isolamento \u00e9 algo que todos devem fazer a favor de um bem maior para a sociedade.<\/p>\n<h3>Luto antecipat\u00f3rio<\/h3>\n<p>Essa sensa\u00e7\u00e3o, por\u00e9m, \u00e9 dif\u00edcil de ser conseguida. At\u00e9 mesmo porque a mudan\u00e7a brusca na rotina e o medo constante durante a pandemia geraram um sentimento que raras vezes \u00e9 sentido de forma t\u00e3o coletiva: o luto. E, dessa vez, ele pouco tem a ver com a morte. Em <a href=\"https:\/\/diariodamanha.com\/noticias\/como-manter-a-saude-mental-em-meio-a-pandemia-de-coronavirus\/\" target=\"_blank\" rel=\"noopener noreferrer\">entrevista para o Di\u00e1rio do Amanh\u00e3<\/a>, o diretor do Memorial Vera Cruz, Felipe Badotti, defende que estamos vivendo um pesar por algo que ainda n\u00e3o ocorreu e que n\u00e3o sabemos como ou quando vai ocorrer.<\/p>\n<p>\u201cPerder o contato f\u00edsico com as pessoas, n\u00e3o poder sair de casa e estar impossibilitado de fazer coisas das quais gosta, tamb\u00e9m provocam luto. Afinal de contas, voc\u00ea est\u00e1 perdendo coisas significativas\u201d, explica. \u00c9 o mesmo que ocorre, por exemplo, quando recebemos o diagn\u00f3stico de uma doen\u00e7a grave ou lembramos que vamos perder nossos entes queridos algum dia.<\/p>\n<p>A p\u00f3s-doutora em epidemiologia Luciana Mello de Oliveira vai al\u00e9m e remete a um sentimento comum de inadequa\u00e7\u00e3o que os soldados sentiam em seus n\u00facleos familiares ap\u00f3s a Segunda Guerra Mundial. Em um <a href=\"https:\/\/gauchazh.clicrbs.com.br\/saude\/noticia\/2020\/04\/vivemos-um-luto-antecipatorio-coletivo-acredita-estudiosa-de-epidemiologia-ck9316vd800fo014q7mjoq859.html\" target=\"_blank\" rel=\"noopener noreferrer\">artigo publicado na Ga\u00fachaZH<\/a>, a pesquisadora conta que as esposas passaram por um processo de luto enquanto os maridos estavam no campo de batalha, considerando-os mortos no processo. Ou seja, elas aceitaram a partida antes mesmo dela ocorrer.<\/p>\n<p>\u201cO luto antecipat\u00f3rio seria consequ\u00eancia de um pressentimento de finitude. Finitude da pr\u00f3pria exist\u00eancia e da dos que amamos, dos nossos semelhantes e, tamb\u00e9m, do mundo como o conhecemos. Luto antecipat\u00f3rio seria a mente indo at\u00e9 o futuro e imaginando o pior\u201d, explica. Do per\u00edodo de nega\u00e7\u00e3o (em que a pessoa n\u00e3o aceita a periculosidade) at\u00e9 a aceita\u00e7\u00e3o \u00e9 um grande caminho a ser percorrido, mas o futuro ainda \u00e9 muito incerto para vivermos isso na pr\u00e1tica.<\/p>\n<h3>Cuidados com a sa\u00fade mental<\/h3>\n<p>Ciente desses problemas, o Departamento de Sa\u00fade Mental da Organiza\u00e7\u00e3o Mundial de Sa\u00fade (OMS) divulgou um guia com <a href=\"https:\/\/news.un.org\/pt\/story\/2020\/03\/1707792\" target=\"_blank\" rel=\"noopener noreferrer\">dicas para cuidar do psicol\u00f3gico durante a pandemia<\/a>. Elas s\u00e3o dirigidas a diferentes p\u00fablicos, mas reunimos algumas neste post para te ajudar a passar por esse momento e ajudar as pessoas a seu redor.<\/p>\n<ul>\n<li>Reduza a leitura ou o contato com not\u00edcias que podem causar ansiedade ou estresse. Busque informa\u00e7\u00e3o apenas de fontes fidedignas\/oficiais e d\u00ea passos pr\u00e1ticos para preparar seus planos, proteger-se e a sua fam\u00edlia. Os fatos ajudam a minimizar o medo.<\/li>\n<li>Projeta a si pr\u00f3prio e apoie os outros, ajudando-os em seus momentos de necessidade. A assist\u00eancia pode ajudar tanto a quem recebe o apoio como a quem d\u00e1 o aux\u00edlio.<\/li>\n<li>Se voc\u00ea tem alguma doen\u00e7a ou s\u00edndrome, certifique-se de que seus medicamentos est\u00e3o dispon\u00edveis. Se necess\u00e1rio, ative seu grupo de amigos para pedir ajuda.<\/li>\n<li>Fique em contato com sua rede de amigos e, ainda que isolado, tente manter sua rotina e crie novas.<\/li>\n<li>Esteja atento a seus sentimentos e demandas internas. Envolva-se com atividades saud\u00e1veis e aproveite para relaxar. O exerc\u00edcio constante, o sono regular e uma dieta balanceada ajudam. Mantenha tudo em perspectiva.<\/li>\n<\/ul>\n<h3>Sa\u00fade mental dos trabalhadores<\/h3>\n<p>Dentro das empresas, tudo o que foi descrito acima tamb\u00e9m <a href=\"https:\/\/www.ocupacional.com.br\/ocupacional\/como-manter-a-empresa-em-seguranca-durante-a-pandemia-da-covid-19\/\" target=\"_blank\" rel=\"noopener noreferrer\">tem um enorme impacto<\/a>. A rotina e os processos internos foram afetados drasticamente, exigindo um acompanhamento constante da \u00e1rea de Sa\u00fade e Seguran\u00e7a do Trabalho. Al\u00e9m das <a href=\"https:\/\/www.ocupacional.com.br\/ocupacional\/o-papel-das-empresas-no-combate-ao-coronavirus\/\">a\u00e7\u00f5es que podem ser tomadas pela companhia para evitar a dissemina\u00e7\u00e3o da Covid-19<\/a>, a Ocupacional tamb\u00e9m preparou uma estrutura completa para auxiliar seus clientes.<\/p>\n<p>A principal a\u00e7\u00e3o oferecida \u00e9 a realiza\u00e7\u00e3o de um plano de conting\u00eancia, que faz uma consultoria completa e abrangente da empresa para avaliar os riscos existentes e quais a\u00e7\u00f5es devem ser tomadas para minimiz\u00e1-los. Ele \u00e9 elaborado de acordo com cada as particularidades de cada neg\u00f3cio e da opera\u00e7\u00e3o da empresa. Quer saber mais sobre esse assunto? Ent\u00e3o entre em contato com a gente!<\/p>\n<p><a class=\"btn\" style=\"color: #fff; width: auto;\" href=\"https:\/\/www.ocupacional.com.br\/ocupacional\/solicite-uma-proposta-covid-19\/\">Solicite uma proposta<\/a>\t\t<\/p>\n","protected":false},"excerpt":{"rendered":"<p>\t\t\t\tSitua\u00e7\u00e3o excepcional tem gerado efeitos negativos para os trabalhadores. Veja algumas dicas para cuidar da sa\u00fade psicol\u00f3gica durante a pandemia.\t\t<\/p>\n","protected":false},"author":2,"featured_media":3347,"comment_status":"closed","ping_status":"open","sticky":false,"template":"","format":"standard","meta":{"_acf_changed":false,"inline_featured_image":false,"footnotes":""},"categories":[44],"tags":[],"acf":[],"yoast_head":"<!-- This site is optimized with the Yoast SEO plugin v24.5 - https:\/\/yoast.com\/wordpress\/plugins\/seo\/ -->\n<title>Covid-19: Preju\u00edzos \u00e0 sa\u00fade mental dos trabalhadores - Blog - Ocupacional<\/title>\n<meta name=\"description\" content=\"Situa\u00e7\u00e3o excepcional tem gerado efeitos negativos para os trabalhadores. Veja algumas dicas para cuidar da sa\u00fade psicol\u00f3gica durante a pandemia.\" \/>\n<meta name=\"robots\" content=\"index, follow, max-snippet:-1, max-image-preview:large, max-video-preview:-1\" \/>\n<link rel=\"canonical\" href=\"https:\/\/ocupacional.incdigital.com.br\/covid-19-prejuizos-a-saude-mental-dos-trabalhadores\/\" \/>\n<meta property=\"og:locale\" content=\"pt_BR\" \/>\n<meta property=\"og:type\" content=\"article\" \/>\n<meta property=\"og:title\" content=\"Covid-19: Preju\u00edzos \u00e0 sa\u00fade mental dos trabalhadores - Blog - Ocupacional\" \/>\n<meta property=\"og:description\" content=\"Situa\u00e7\u00e3o excepcional tem gerado efeitos negativos para os trabalhadores. Veja algumas dicas para cuidar da sa\u00fade psicol\u00f3gica durante a pandemia.\" \/>\n<meta property=\"og:url\" content=\"https:\/\/ocupacional.incdigital.com.br\/covid-19-prejuizos-a-saude-mental-dos-trabalhadores\/\" \/>\n<meta property=\"og:site_name\" content=\"Ocupacional\" \/>\n<meta property=\"article:published_time\" content=\"2020-05-22T01:25:40+00:00\" \/>\n<meta property=\"og:image\" content=\"https:\/\/ocupacional.com.br\/site\/wp-content\/uploads\/2020\/05\/exames-ocupacionais-durante-pandemia.jpg\" \/>\n\t<meta property=\"og:image:width\" content=\"600\" \/>\n\t<meta property=\"og:image:height\" content=\"270\" \/>\n\t<meta property=\"og:image:type\" content=\"image\/jpeg\" \/>\n<meta name=\"author\" content=\"Ocupacional\" \/>\n<meta name=\"twitter:card\" content=\"summary_large_image\" \/>\n<meta name=\"twitter:label1\" content=\"Escrito por\" \/>\n\t<meta name=\"twitter:data1\" content=\"Ocupacional\" \/>\n\t<meta name=\"twitter:label2\" content=\"Est. tempo de leitura\" \/>\n\t<meta name=\"twitter:data2\" content=\"5 minutos\" \/>\n<script type=\"application\/ld+json\" class=\"yoast-schema-graph\">{\"@context\":\"https:\/\/schema.org\",\"@graph\":[{\"@type\":\"Article\",\"@id\":\"https:\/\/ocupacional.incdigital.com.br\/covid-19-prejuizos-a-saude-mental-dos-trabalhadores\/#article\",\"isPartOf\":{\"@id\":\"https:\/\/ocupacional.incdigital.com.br\/covid-19-prejuizos-a-saude-mental-dos-trabalhadores\/\"},\"author\":{\"name\":\"Ocupacional\",\"@id\":\"https:\/\/ocupacional.com.br\/site\/#\/schema\/person\/9614e9b9e3c9ec0ba39804d95b2691b7\"},\"headline\":\"Covid-19: Preju\u00edzos \u00e0 sa\u00fade mental dos trabalhadores\",\"datePublished\":\"2020-05-22T01:25:40+00:00\",\"mainEntityOfPage\":{\"@id\":\"https:\/\/ocupacional.incdigital.com.br\/covid-19-prejuizos-a-saude-mental-dos-trabalhadores\/\"},\"wordCount\":1053,\"publisher\":{\"@id\":\"https:\/\/ocupacional.com.br\/site\/#organization\"},\"image\":{\"@id\":\"https:\/\/ocupacional.incdigital.com.br\/covid-19-prejuizos-a-saude-mental-dos-trabalhadores\/#primaryimage\"},\"thumbnailUrl\":\"https:\/\/ocupacional.com.br\/site\/wp-content\/uploads\/2020\/05\/exames-ocupacionais-durante-pandemia.jpg\",\"articleSection\":[\"Sa\u00fade e Qualidade de Vida\"],\"inLanguage\":\"pt-BR\"},{\"@type\":\"WebPage\",\"@id\":\"https:\/\/ocupacional.incdigital.com.br\/covid-19-prejuizos-a-saude-mental-dos-trabalhadores\/\",\"url\":\"https:\/\/ocupacional.incdigital.com.br\/covid-19-prejuizos-a-saude-mental-dos-trabalhadores\/\",\"name\":\"Covid-19: Preju\u00edzos \u00e0 sa\u00fade mental dos trabalhadores - Blog - Ocupacional\",\"isPartOf\":{\"@id\":\"https:\/\/ocupacional.com.br\/site\/#website\"},\"primaryImageOfPage\":{\"@id\":\"https:\/\/ocupacional.incdigital.com.br\/covid-19-prejuizos-a-saude-mental-dos-trabalhadores\/#primaryimage\"},\"image\":{\"@id\":\"https:\/\/ocupacional.incdigital.com.br\/covid-19-prejuizos-a-saude-mental-dos-trabalhadores\/#primaryimage\"},\"thumbnailUrl\":\"https:\/\/ocupacional.com.br\/site\/wp-content\/uploads\/2020\/05\/exames-ocupacionais-durante-pandemia.jpg\",\"datePublished\":\"2020-05-22T01:25:40+00:00\",\"description\":\"Situa\u00e7\u00e3o excepcional tem gerado efeitos negativos para os trabalhadores. Veja algumas dicas para cuidar da sa\u00fade psicol\u00f3gica durante a pandemia.\",\"breadcrumb\":{\"@id\":\"https:\/\/ocupacional.incdigital.com.br\/covid-19-prejuizos-a-saude-mental-dos-trabalhadores\/#breadcrumb\"},\"inLanguage\":\"pt-BR\",\"potentialAction\":[{\"@type\":\"ReadAction\",\"target\":[\"https:\/\/ocupacional.incdigital.com.br\/covid-19-prejuizos-a-saude-mental-dos-trabalhadores\/\"]}]},{\"@type\":\"ImageObject\",\"inLanguage\":\"pt-BR\",\"@id\":\"https:\/\/ocupacional.incdigital.com.br\/covid-19-prejuizos-a-saude-mental-dos-trabalhadores\/#primaryimage\",\"url\":\"https:\/\/ocupacional.com.br\/site\/wp-content\/uploads\/2020\/05\/exames-ocupacionais-durante-pandemia.jpg\",\"contentUrl\":\"https:\/\/ocupacional.com.br\/site\/wp-content\/uploads\/2020\/05\/exames-ocupacionais-durante-pandemia.jpg\",\"width\":600,\"height\":270,\"caption\":\"\"},{\"@type\":\"BreadcrumbList\",\"@id\":\"https:\/\/ocupacional.incdigital.com.br\/covid-19-prejuizos-a-saude-mental-dos-trabalhadores\/#breadcrumb\",\"itemListElement\":[{\"@type\":\"ListItem\",\"position\":1,\"name\":\"In\u00edcio\",\"item\":\"https:\/\/ocupacional.incdigital.com.br\/\"},{\"@type\":\"ListItem\",\"position\":2,\"name\":\"Covid-19: Preju\u00edzos \u00e0 sa\u00fade mental dos trabalhadores\"}]},{\"@type\":\"WebSite\",\"@id\":\"https:\/\/ocupacional.com.br\/site\/#website\",\"url\":\"https:\/\/ocupacional.com.br\/site\/\",\"name\":\"Ocupacional\",\"description\":\"As obriga\u00e7\u00f5es de sa\u00fade e seguran\u00e7a do trabalho\\u2028da sua empresa sob total controle\",\"publisher\":{\"@id\":\"https:\/\/ocupacional.com.br\/site\/#organization\"},\"potentialAction\":[{\"@type\":\"SearchAction\",\"target\":{\"@type\":\"EntryPoint\",\"urlTemplate\":\"https:\/\/ocupacional.com.br\/site\/?s={search_term_string}\"},\"query-input\":{\"@type\":\"PropertyValueSpecification\",\"valueRequired\":true,\"valueName\":\"search_term_string\"}}],\"inLanguage\":\"pt-BR\"},{\"@type\":\"Organization\",\"@id\":\"https:\/\/ocupacional.com.br\/site\/#organization\",\"name\":\"Ocupacional\",\"url\":\"https:\/\/ocupacional.com.br\/site\/\",\"logo\":{\"@type\":\"ImageObject\",\"inLanguage\":\"pt-BR\",\"@id\":\"https:\/\/ocupacional.com.br\/site\/#\/schema\/logo\/image\/\",\"url\":\"https:\/\/ocupacional.com.br\/site\/wp-content\/uploads\/2021\/01\/logoocp-8.png\",\"contentUrl\":\"https:\/\/ocupacional.com.br\/site\/wp-content\/uploads\/2021\/01\/logoocp-8.png\",\"width\":704,\"height\":109,\"caption\":\"Ocupacional\"},\"image\":{\"@id\":\"https:\/\/ocupacional.com.br\/site\/#\/schema\/logo\/image\/\"}},{\"@type\":\"Person\",\"@id\":\"https:\/\/ocupacional.com.br\/site\/#\/schema\/person\/9614e9b9e3c9ec0ba39804d95b2691b7\",\"name\":\"Ocupacional\",\"image\":{\"@type\":\"ImageObject\",\"inLanguage\":\"pt-BR\",\"@id\":\"https:\/\/ocupacional.com.br\/site\/#\/schema\/person\/image\/\",\"url\":\"https:\/\/secure.gravatar.com\/avatar\/f703cebaf51466d6b9274b776e57c489?s=96&d=blank&r=g\",\"contentUrl\":\"https:\/\/secure.gravatar.com\/avatar\/f703cebaf51466d6b9274b776e57c489?s=96&d=blank&r=g\",\"caption\":\"Ocupacional\"},\"url\":\"https:\/\/ocupacional.com.br\/site\/author\/ocupacional\/\"}]}<\/script>\n<!-- \/ Yoast SEO plugin. -->","yoast_head_json":{"title":"Covid-19: Preju\u00edzos \u00e0 sa\u00fade mental dos trabalhadores - Blog - Ocupacional","description":"Situa\u00e7\u00e3o excepcional tem gerado efeitos negativos para os trabalhadores. Veja algumas dicas para cuidar da sa\u00fade psicol\u00f3gica durante a pandemia.","robots":{"index":"index","follow":"follow","max-snippet":"max-snippet:-1","max-image-preview":"max-image-preview:large","max-video-preview":"max-video-preview:-1"},"canonical":"https:\/\/ocupacional.incdigital.com.br\/covid-19-prejuizos-a-saude-mental-dos-trabalhadores\/","og_locale":"pt_BR","og_type":"article","og_title":"Covid-19: Preju\u00edzos \u00e0 sa\u00fade mental dos trabalhadores - Blog - Ocupacional","og_description":"Situa\u00e7\u00e3o excepcional tem gerado efeitos negativos para os trabalhadores. Veja algumas dicas para cuidar da sa\u00fade psicol\u00f3gica durante a pandemia.","og_url":"https:\/\/ocupacional.incdigital.com.br\/covid-19-prejuizos-a-saude-mental-dos-trabalhadores\/","og_site_name":"Ocupacional","article_published_time":"2020-05-22T01:25:40+00:00","og_image":[{"width":600,"height":270,"url":"https:\/\/ocupacional.com.br\/site\/wp-content\/uploads\/2020\/05\/exames-ocupacionais-durante-pandemia.jpg","type":"image\/jpeg"}],"author":"Ocupacional","twitter_card":"summary_large_image","twitter_misc":{"Escrito por":"Ocupacional","Est. tempo de leitura":"5 minutos"},"schema":{"@context":"https:\/\/schema.org","@graph":[{"@type":"Article","@id":"https:\/\/ocupacional.incdigital.com.br\/covid-19-prejuizos-a-saude-mental-dos-trabalhadores\/#article","isPartOf":{"@id":"https:\/\/ocupacional.incdigital.com.br\/covid-19-prejuizos-a-saude-mental-dos-trabalhadores\/"},"author":{"name":"Ocupacional","@id":"https:\/\/ocupacional.com.br\/site\/#\/schema\/person\/9614e9b9e3c9ec0ba39804d95b2691b7"},"headline":"Covid-19: Preju\u00edzos \u00e0 sa\u00fade mental dos trabalhadores","datePublished":"2020-05-22T01:25:40+00:00","mainEntityOfPage":{"@id":"https:\/\/ocupacional.incdigital.com.br\/covid-19-prejuizos-a-saude-mental-dos-trabalhadores\/"},"wordCount":1053,"publisher":{"@id":"https:\/\/ocupacional.com.br\/site\/#organization"},"image":{"@id":"https:\/\/ocupacional.incdigital.com.br\/covid-19-prejuizos-a-saude-mental-dos-trabalhadores\/#primaryimage"},"thumbnailUrl":"https:\/\/ocupacional.com.br\/site\/wp-content\/uploads\/2020\/05\/exames-ocupacionais-durante-pandemia.jpg","articleSection":["Sa\u00fade e Qualidade de Vida"],"inLanguage":"pt-BR"},{"@type":"WebPage","@id":"https:\/\/ocupacional.incdigital.com.br\/covid-19-prejuizos-a-saude-mental-dos-trabalhadores\/","url":"https:\/\/ocupacional.incdigital.com.br\/covid-19-prejuizos-a-saude-mental-dos-trabalhadores\/","name":"Covid-19: Preju\u00edzos \u00e0 sa\u00fade mental dos trabalhadores - Blog - Ocupacional","isPartOf":{"@id":"https:\/\/ocupacional.com.br\/site\/#website"},"primaryImageOfPage":{"@id":"https:\/\/ocupacional.incdigital.com.br\/covid-19-prejuizos-a-saude-mental-dos-trabalhadores\/#primaryimage"},"image":{"@id":"https:\/\/ocupacional.incdigital.com.br\/covid-19-prejuizos-a-saude-mental-dos-trabalhadores\/#primaryimage"},"thumbnailUrl":"https:\/\/ocupacional.com.br\/site\/wp-content\/uploads\/2020\/05\/exames-ocupacionais-durante-pandemia.jpg","datePublished":"2020-05-22T01:25:40+00:00","description":"Situa\u00e7\u00e3o excepcional tem gerado efeitos negativos para os trabalhadores. Veja algumas dicas para cuidar da sa\u00fade psicol\u00f3gica durante a pandemia.","breadcrumb":{"@id":"https:\/\/ocupacional.incdigital.com.br\/covid-19-prejuizos-a-saude-mental-dos-trabalhadores\/#breadcrumb"},"inLanguage":"pt-BR","potentialAction":[{"@type":"ReadAction","target":["https:\/\/ocupacional.incdigital.com.br\/covid-19-prejuizos-a-saude-mental-dos-trabalhadores\/"]}]},{"@type":"ImageObject","inLanguage":"pt-BR","@id":"https:\/\/ocupacional.incdigital.com.br\/covid-19-prejuizos-a-saude-mental-dos-trabalhadores\/#primaryimage","url":"https:\/\/ocupacional.com.br\/site\/wp-content\/uploads\/2020\/05\/exames-ocupacionais-durante-pandemia.jpg","contentUrl":"https:\/\/ocupacional.com.br\/site\/wp-content\/uploads\/2020\/05\/exames-ocupacionais-durante-pandemia.jpg","width":600,"height":270,"caption":""},{"@type":"BreadcrumbList","@id":"https:\/\/ocupacional.incdigital.com.br\/covid-19-prejuizos-a-saude-mental-dos-trabalhadores\/#breadcrumb","itemListElement":[{"@type":"ListItem","position":1,"name":"In\u00edcio","item":"https:\/\/ocupacional.incdigital.com.br\/"},{"@type":"ListItem","position":2,"name":"Covid-19: Preju\u00edzos \u00e0 sa\u00fade mental dos trabalhadores"}]},{"@type":"WebSite","@id":"https:\/\/ocupacional.com.br\/site\/#website","url":"https:\/\/ocupacional.com.br\/site\/","name":"Ocupacional","description":"As obriga\u00e7\u00f5es de sa\u00fade e seguran\u00e7a do trabalho\u2028da sua empresa sob total controle","publisher":{"@id":"https:\/\/ocupacional.com.br\/site\/#organization"},"potentialAction":[{"@type":"SearchAction","target":{"@type":"EntryPoint","urlTemplate":"https:\/\/ocupacional.com.br\/site\/?s={search_term_string}"},"query-input":{"@type":"PropertyValueSpecification","valueRequired":true,"valueName":"search_term_string"}}],"inLanguage":"pt-BR"},{"@type":"Organization","@id":"https:\/\/ocupacional.com.br\/site\/#organization","name":"Ocupacional","url":"https:\/\/ocupacional.com.br\/site\/","logo":{"@type":"ImageObject","inLanguage":"pt-BR","@id":"https:\/\/ocupacional.com.br\/site\/#\/schema\/logo\/image\/","url":"https:\/\/ocupacional.com.br\/site\/wp-content\/uploads\/2021\/01\/logoocp-8.png","contentUrl":"https:\/\/ocupacional.com.br\/site\/wp-content\/uploads\/2021\/01\/logoocp-8.png","width":704,"height":109,"caption":"Ocupacional"},"image":{"@id":"https:\/\/ocupacional.com.br\/site\/#\/schema\/logo\/image\/"}},{"@type":"Person","@id":"https:\/\/ocupacional.com.br\/site\/#\/schema\/person\/9614e9b9e3c9ec0ba39804d95b2691b7","name":"Ocupacional","image":{"@type":"ImageObject","inLanguage":"pt-BR","@id":"https:\/\/ocupacional.com.br\/site\/#\/schema\/person\/image\/","url":"https:\/\/secure.gravatar.com\/avatar\/f703cebaf51466d6b9274b776e57c489?s=96&d=blank&r=g","contentUrl":"https:\/\/secure.gravatar.com\/avatar\/f703cebaf51466d6b9274b776e57c489?s=96&d=blank&r=g","caption":"Ocupacional"},"url":"https:\/\/ocupacional.com.br\/site\/author\/ocupacional\/"}]}},"_links":{"self":[{"href":"https:\/\/ocupacional.com.br\/site\/wp-json\/wp\/v2\/posts\/3344"}],"collection":[{"href":"https:\/\/ocupacional.com.br\/site\/wp-json\/wp\/v2\/posts"}],"about":[{"href":"https:\/\/ocupacional.com.br\/site\/wp-json\/wp\/v2\/types\/post"}],"author":[{"embeddable":true,"href":"https:\/\/ocupacional.com.br\/site\/wp-json\/wp\/v2\/users\/2"}],"replies":[{"embeddable":true,"href":"https:\/\/ocupacional.com.br\/site\/wp-json\/wp\/v2\/comments?post=3344"}],"version-history":[{"count":0,"href":"https:\/\/ocupacional.com.br\/site\/wp-json\/wp\/v2\/posts\/3344\/revisions"}],"wp:featuredmedia":[{"embeddable":true,"href":"https:\/\/ocupacional.com.br\/site\/wp-json\/wp\/v2\/media\/3347"}],"wp:attachment":[{"href":"https:\/\/ocupacional.com.br\/site\/wp-json\/wp\/v2\/media?parent=3344"}],"wp:term":[{"taxonomy":"category","embeddable":true,"href":"https:\/\/ocupacional.com.br\/site\/wp-json\/wp\/v2\/categories?post=3344"},{"taxonomy":"post_tag","embeddable":true,"href":"https:\/\/ocupacional.com.br\/site\/wp-json\/wp\/v2\/tags?post=3344"}],"curies":[{"name":"wp","href":"https:\/\/api.w.org\/{rel}","templated":true}]}}