{"id":3288,"date":"2020-04-14T21:28:03","date_gmt":"2020-04-14T21:28:03","guid":{"rendered":"https:\/\/www.ocupacional.com.br\/ocupacional\/?p=3288"},"modified":"2025-01-28T13:12:28","modified_gmt":"2025-01-28T16:12:28","slug":"como-manter-a-empresa-em-seguranca-durante-a-pandemia-da-covid-19","status":"publish","type":"post","link":"https:\/\/ocupacional.com.br\/site\/como-manter-a-empresa-em-seguranca-durante-a-pandemia-da-covid-19\/","title":{"rendered":"Como manter a empresa em seguran\u00e7a durante a pandemia da Covid-19?"},"content":{"rendered":"<p>\t\t\t\tNesse momento de crise provocado pela Covid-19, as empresas t\u00eam uma responsabilidade extra para evitar a dissemina\u00e7\u00e3o do v\u00edrus. O cen\u00e1rio internacional indica que o distanciamento social \u00e9 a medida de preven\u00e7\u00e3o mais indicada, ent\u00e3o \u00e9 preciso repensar todas as rela\u00e7\u00f5es de trabalho para garantir a sa\u00fade e a seguran\u00e7a dos colaboradores.<\/p>\n<p>Esse \u00e9 um ponto importante porque, por mais que 80% dos infectados v\u00e3o se recuperar sem precisar de um tratamento especial, h\u00e1 aqueles que precisar\u00e3o de interna\u00e7\u00e3o. Como o v\u00edrus se espalha em uma taxa bem mais alta do que o da gripe comum, h\u00e1 um maior n\u00famero de pacientes graves de forma simult\u00e2nea. E isso pode colapsar o sistema de sa\u00fade, pois todos necessitam de atendimento imediato.<\/p>\n<p>Esse \u00e9 um ponto que impacta diretamente na taxa de mortalidade. At\u00e9 sexta-feira, 10 de abril, o Brasil estava <a href=\"https:\/\/g1.globo.com\/bemestar\/coronavirus\/noticia\/2020\/04\/10\/brasil-tem-1057-mortes-e-19638-casos-confirmados-de-novo-coronavirus-diz-ministerio.ghtml\" target=\"_blank\" rel=\"noopener noreferrer\">pr\u00f3ximo dos 20 mil casos confirmados de Covid-19 e ultrapassou a barreira dos mil mortos<\/a>. A tend\u00eancia, por\u00e9m, \u00e9 que esses n\u00fameros sejam maiores \u00e0 medida que a doen\u00e7a for se espalhando pelo pa\u00eds. Em Minas Gerais, por exemplo, a Secretaria de Sa\u00fade projeta que o <a href=\"https:\/\/www.em.com.br\/app\/noticia\/gerais\/2020\/04\/08\/interna_gerais,1137083\/governo-de-minas-projeta-pico-dos-casos-de-covid-19-em-maio.shtml\" target=\"_blank\" rel=\"noopener noreferrer\">pico de acometimento da popula\u00e7\u00e3o seja na primeira semana de maio<\/a>. Daqui em diante, os recordes negativos ser\u00e3o mais frequentes e todos precisam se preparar para isso.<\/p>\n<p><strong>Leia tamb\u00e9m:<\/strong> <a href=\"https:\/\/www.ocupacional.com.br\/ocupacional\/como-a-sua-imunidade-pode-te-proteger-do-coronavirus\/\">Como a sua imunidade pode te proteger do coronav\u00edrus<\/a><\/p>\n<p>Mas, mesmo que a recomenda\u00e7\u00e3o seja manter o isolamento social, alguns setores da economia s\u00e3o essenciais para a sociedade e n\u00e3o podem parar. Apesar disso, os riscos continuar\u00e3o a existir. O que se pode fazer \u00e9 minimiz\u00e1-los. Pensando nisso, a Ocupacional criou um plano emergencial para atendimento nesse per\u00edodo, adequando os 30 anos de experi\u00eancia na \u00e1rea de Seguran\u00e7a e Sa\u00fade do Trabalho \u00e0 atual necessidade dos clientes:<\/p>\n<h3>1. Elabora\u00e7\u00e3o de Plano de Conting\u00eancia<\/h3>\n<p>Em um momento de crise sanit\u00e1ria como o que estamos vivendo, \u00e9 preciso criar meios para prevenir os riscos de contamina\u00e7\u00e3o presentes no ambiente de trabalho. Para identific\u00e1-los e criar as estrat\u00e9gias corretas de combate, a Ocupacional est\u00e1 oferecendo a seus clientes o Plano de Conting\u00eancia.<\/p>\n<p>Ap\u00f3s uma consultoria completa e abrangente, \u00e9 preparado um relat\u00f3rio completo para redu\u00e7\u00e3o dos riscos encontrados. O documento \u00e9 constru\u00eddo de forma individualizada, levando em considera\u00e7\u00e3o as caracter\u00edsticas do neg\u00f3cio. Para isso, s\u00e3o consideradas cinco grandes \u00e1reas:<\/p>\n<p>\u2022 Monitoramento e comunica\u00e7\u00e3o de riscos \u00e0 sa\u00fade;<br \/>\n\u2022 Mapeamento de \u00e1reas, fun\u00e7\u00f5es e a\u00e7\u00f5es para prote\u00e7\u00e3o individual e coletiva;<br \/>\n\u2022 Prepara\u00e7\u00e3o de plano de descontamina\u00e7\u00e3o de \u00e1reas (incluindo orienta\u00e7\u00f5es sobre higieniza\u00e7\u00e3o e limpeza);<br \/>\n\u2022 Recomenda\u00e7\u00e3o de profissionais de sa\u00fade <em>in company<\/em>, caso necess\u00e1rio;<br \/>\n\u2022 Desenvolvimento de processos e pol\u00edticas direcionadas para aumentar o distanciamento.<\/p>\n<h3>2. Descontamina\u00e7\u00e3o de \u00e1reas<\/h3>\n<p>Umas das a\u00e7\u00f5es previstas no Plano de Conting\u00eancia \u00e9 a descontamina\u00e7\u00e3o de \u00e1reas, mas esse procedimento tamb\u00e9m pode ser feito de forma independente. Nele, as \u00e1reas de empresa que recebem muitos visitantes ou possuem um alto fluxo de pessoas passam por um processo de desinfec\u00e7\u00e3o e sanitiza\u00e7\u00e3o.<\/p>\n<h3>3. Canal Direto<\/h3>\n<p>Os clientes da Ocupacional t\u00eam acesso a um canal exclusivo, por telefone ou videoconfer\u00eancia, para tirar d\u00favidas e receber orienta\u00e7\u00f5es sobre a Covid-19. Nossos profissionais de sa\u00fade est\u00e3o dispon\u00edveis para oferecer orienta\u00e7\u00f5es, realizar triagens e prestar servi\u00e7os junto aos funcion\u00e1rios e clientes da empresa.<\/p>\n<h3>4. Profissionais <em>in company<\/em><\/h3>\n<p>Caso seja necess\u00e1rio, a Ocupacional disponibiliza profissionais de sa\u00fade para atuar dentro da sua empresa. M\u00e9dicos, enfermeiros ou auxiliarem de enfermagem podem dar orienta\u00e7\u00f5es, realizar triagem e prestar outros servi\u00e7os de sa\u00fade que forem necess\u00e1rios para a equipe.<\/p>\n<h3>5. Telemedicina<\/h3>\n<p>Caso as medidas de preven\u00e7\u00e3o n\u00e3o se mostrem eficazes e um dos funcion\u00e1rios apresente os sintomas da Covid-19 ou seja diagnosticado com a doen\u00e7a, a Ocupacional poder\u00e1 realizar um acompanhamento m\u00e9dico a dist\u00e2ncia exclusivo. Durante o per\u00edodo de isolamento, o colaborador \u00e9 monitorado diariamente pela equipe m\u00e9dica, que ser\u00e1 respons\u00e1vel por orient\u00e1-lo sobre como lidar com os sintomas. Se o caso piorar, esses profissionais poder\u00e3o direcion\u00e1-lo para um atendimento especializado.<\/p>\n<h3>Como podemos te ajudar?<\/h3>\n<p>Mais do que nunca, esse \u00e9 um momento para permanecermos unidos. S\u00f3 com um trabalho em equipe ser\u00e1 poss\u00edvel vencer essa crise e minimizar as consequ\u00eancias futuras. Queremos estar pr\u00f3ximos de voc\u00ea nesse momento para fornecer a seguran\u00e7a necess\u00e1ria para seus colaboradores. Entre em contato para avaliarmos as necessidades da sua empresa.<\/p>\n<p><a class=\"btn\" style=\"color: #fff; width: auto;\" href=\"https:\/\/www.ocupacional.com.br\/ocupacional\/solicite-uma-proposta-covid-19\/\">Vamos conversar<\/a>\t\t<\/p>\n","protected":false},"excerpt":{"rendered":"<p>\t\t\t\tNessa crise provocada pela Covid-19, as empresas t\u00eam uma responsabilidade extra para evitar a dissemina\u00e7\u00e3o do v\u00edrus. \u00c9 preciso repensar as rela\u00e7\u00f5es de trabalho para garantir a sa\u00fade e a seguran\u00e7a dos colaboradores.\t\t<\/p>\n","protected":false},"author":2,"featured_media":3290,"comment_status":"closed","ping_status":"open","sticky":false,"template":"","format":"standard","meta":{"_acf_changed":false,"inline_featured_image":false,"footnotes":""},"categories":[41],"tags":[],"acf":[],"yoast_head":"<!-- This site is optimized with the Yoast SEO plugin v24.5 - https:\/\/yoast.com\/wordpress\/plugins\/seo\/ -->\n<title>Como manter a empresa em seguran\u00e7a durante a pandemia da Covid-19? - Blog - Ocupacional<\/title>\n<meta name=\"description\" content=\"Nesse momento de crise provocado pela Covid-19, as empresas t\u00eam uma responsabilidade extra para evitar a dissemina\u00e7\u00e3o do v\u00edrus.\" \/>\n<meta name=\"robots\" content=\"index, follow, max-snippet:-1, max-image-preview:large, max-video-preview:-1\" \/>\n<link rel=\"canonical\" href=\"https:\/\/ocupacional.incdigital.com.br\/como-manter-a-empresa-em-seguranca-durante-a-pandemia-da-covid-19\/\" \/>\n<meta property=\"og:locale\" content=\"pt_BR\" \/>\n<meta property=\"og:type\" content=\"article\" \/>\n<meta property=\"og:title\" content=\"Como manter a empresa em seguran\u00e7a durante a pandemia da Covid-19? - Blog - Ocupacional\" \/>\n<meta property=\"og:description\" content=\"Nesse momento de crise provocado pela Covid-19, as empresas t\u00eam uma responsabilidade extra para evitar a dissemina\u00e7\u00e3o do v\u00edrus.\" \/>\n<meta property=\"og:url\" content=\"https:\/\/ocupacional.incdigital.com.br\/como-manter-a-empresa-em-seguranca-durante-a-pandemia-da-covid-19\/\" \/>\n<meta property=\"og:site_name\" content=\"Ocupacional\" \/>\n<meta property=\"article:published_time\" content=\"2020-04-14T21:28:03+00:00\" \/>\n<meta property=\"article:modified_time\" content=\"2025-01-28T16:12:28+00:00\" \/>\n<meta property=\"og:image\" content=\"https:\/\/ocupacional.incdigital.com.br\/wp-content\/uploads\/2020\/04\/Como-manter-a-empresa-em-seguranca-durante-a-pandemia-da-Covid-19-1.jpg\" \/>\n\t<meta property=\"og:image:width\" content=\"600\" \/>\n\t<meta property=\"og:image:height\" content=\"270\" \/>\n\t<meta property=\"og:image:type\" content=\"image\/jpeg\" \/>\n<meta name=\"author\" content=\"Ocupacional\" \/>\n<meta name=\"twitter:card\" content=\"summary_large_image\" \/>\n<meta name=\"twitter:label1\" content=\"Escrito por\" \/>\n\t<meta name=\"twitter:data1\" content=\"Ocupacional\" \/>\n\t<meta name=\"twitter:label2\" content=\"Est. tempo de leitura\" \/>\n\t<meta name=\"twitter:data2\" content=\"4 minutos\" \/>\n<script type=\"application\/ld+json\" class=\"yoast-schema-graph\">{\"@context\":\"https:\/\/schema.org\",\"@graph\":[{\"@type\":\"Article\",\"@id\":\"https:\/\/ocupacional.incdigital.com.br\/como-manter-a-empresa-em-seguranca-durante-a-pandemia-da-covid-19\/#article\",\"isPartOf\":{\"@id\":\"https:\/\/ocupacional.incdigital.com.br\/como-manter-a-empresa-em-seguranca-durante-a-pandemia-da-covid-19\/\"},\"author\":{\"name\":\"Ocupacional\",\"@id\":\"https:\/\/ocupacional.com.br\/site\/#\/schema\/person\/9614e9b9e3c9ec0ba39804d95b2691b7\"},\"headline\":\"Como manter a empresa em seguran\u00e7a durante a pandemia da Covid-19?\",\"datePublished\":\"2020-04-14T21:28:03+00:00\",\"dateModified\":\"2025-01-28T16:12:28+00:00\",\"mainEntityOfPage\":{\"@id\":\"https:\/\/ocupacional.incdigital.com.br\/como-manter-a-empresa-em-seguranca-durante-a-pandemia-da-covid-19\/\"},\"wordCount\":793,\"publisher\":{\"@id\":\"https:\/\/ocupacional.com.br\/site\/#organization\"},\"image\":{\"@id\":\"https:\/\/ocupacional.incdigital.com.br\/como-manter-a-empresa-em-seguranca-durante-a-pandemia-da-covid-19\/#primaryimage\"},\"thumbnailUrl\":\"https:\/\/ocupacional.com.br\/site\/wp-content\/uploads\/2020\/04\/Como-manter-a-empresa-em-seguranca-durante-a-pandemia-da-Covid-19-1.jpg\",\"articleSection\":[\"Gest\u00e3o Ocupacional\"],\"inLanguage\":\"pt-BR\"},{\"@type\":\"WebPage\",\"@id\":\"https:\/\/ocupacional.incdigital.com.br\/como-manter-a-empresa-em-seguranca-durante-a-pandemia-da-covid-19\/\",\"url\":\"https:\/\/ocupacional.incdigital.com.br\/como-manter-a-empresa-em-seguranca-durante-a-pandemia-da-covid-19\/\",\"name\":\"Como manter a empresa em seguran\u00e7a durante a pandemia da Covid-19? - Blog - Ocupacional\",\"isPartOf\":{\"@id\":\"https:\/\/ocupacional.com.br\/site\/#website\"},\"primaryImageOfPage\":{\"@id\":\"https:\/\/ocupacional.incdigital.com.br\/como-manter-a-empresa-em-seguranca-durante-a-pandemia-da-covid-19\/#primaryimage\"},\"image\":{\"@id\":\"https:\/\/ocupacional.incdigital.com.br\/como-manter-a-empresa-em-seguranca-durante-a-pandemia-da-covid-19\/#primaryimage\"},\"thumbnailUrl\":\"https:\/\/ocupacional.com.br\/site\/wp-content\/uploads\/2020\/04\/Como-manter-a-empresa-em-seguranca-durante-a-pandemia-da-Covid-19-1.jpg\",\"datePublished\":\"2020-04-14T21:28:03+00:00\",\"dateModified\":\"2025-01-28T16:12:28+00:00\",\"description\":\"Nesse momento de crise provocado pela Covid-19, as empresas t\u00eam uma responsabilidade extra para evitar a dissemina\u00e7\u00e3o do v\u00edrus.\",\"breadcrumb\":{\"@id\":\"https:\/\/ocupacional.incdigital.com.br\/como-manter-a-empresa-em-seguranca-durante-a-pandemia-da-covid-19\/#breadcrumb\"},\"inLanguage\":\"pt-BR\",\"potentialAction\":[{\"@type\":\"ReadAction\",\"target\":[\"https:\/\/ocupacional.incdigital.com.br\/como-manter-a-empresa-em-seguranca-durante-a-pandemia-da-covid-19\/\"]}]},{\"@type\":\"ImageObject\",\"inLanguage\":\"pt-BR\",\"@id\":\"https:\/\/ocupacional.incdigital.com.br\/como-manter-a-empresa-em-seguranca-durante-a-pandemia-da-covid-19\/#primaryimage\",\"url\":\"https:\/\/ocupacional.com.br\/site\/wp-content\/uploads\/2020\/04\/Como-manter-a-empresa-em-seguranca-durante-a-pandemia-da-Covid-19-1.jpg\",\"contentUrl\":\"https:\/\/ocupacional.com.br\/site\/wp-content\/uploads\/2020\/04\/Como-manter-a-empresa-em-seguranca-durante-a-pandemia-da-Covid-19-1.jpg\",\"width\":600,\"height\":270,\"caption\":\"\"},{\"@type\":\"BreadcrumbList\",\"@id\":\"https:\/\/ocupacional.incdigital.com.br\/como-manter-a-empresa-em-seguranca-durante-a-pandemia-da-covid-19\/#breadcrumb\",\"itemListElement\":[{\"@type\":\"ListItem\",\"position\":1,\"name\":\"In\u00edcio\",\"item\":\"https:\/\/ocupacional.incdigital.com.br\/\"},{\"@type\":\"ListItem\",\"position\":2,\"name\":\"Como manter a empresa em seguran\u00e7a durante a pandemia da Covid-19?\"}]},{\"@type\":\"WebSite\",\"@id\":\"https:\/\/ocupacional.com.br\/site\/#website\",\"url\":\"https:\/\/ocupacional.com.br\/site\/\",\"name\":\"Ocupacional\",\"description\":\"As obriga\u00e7\u00f5es de sa\u00fade e seguran\u00e7a do trabalho\\u2028da sua empresa sob total controle\",\"publisher\":{\"@id\":\"https:\/\/ocupacional.com.br\/site\/#organization\"},\"potentialAction\":[{\"@type\":\"SearchAction\",\"target\":{\"@type\":\"EntryPoint\",\"urlTemplate\":\"https:\/\/ocupacional.com.br\/site\/?s={search_term_string}\"},\"query-input\":{\"@type\":\"PropertyValueSpecification\",\"valueRequired\":true,\"valueName\":\"search_term_string\"}}],\"inLanguage\":\"pt-BR\"},{\"@type\":\"Organization\",\"@id\":\"https:\/\/ocupacional.com.br\/site\/#organization\",\"name\":\"Ocupacional\",\"url\":\"https:\/\/ocupacional.com.br\/site\/\",\"logo\":{\"@type\":\"ImageObject\",\"inLanguage\":\"pt-BR\",\"@id\":\"https:\/\/ocupacional.com.br\/site\/#\/schema\/logo\/image\/\",\"url\":\"https:\/\/ocupacional.com.br\/site\/wp-content\/uploads\/2021\/01\/logoocp-8.png\",\"contentUrl\":\"https:\/\/ocupacional.com.br\/site\/wp-content\/uploads\/2021\/01\/logoocp-8.png\",\"width\":704,\"height\":109,\"caption\":\"Ocupacional\"},\"image\":{\"@id\":\"https:\/\/ocupacional.com.br\/site\/#\/schema\/logo\/image\/\"}},{\"@type\":\"Person\",\"@id\":\"https:\/\/ocupacional.com.br\/site\/#\/schema\/person\/9614e9b9e3c9ec0ba39804d95b2691b7\",\"name\":\"Ocupacional\",\"image\":{\"@type\":\"ImageObject\",\"inLanguage\":\"pt-BR\",\"@id\":\"https:\/\/ocupacional.com.br\/site\/#\/schema\/person\/image\/\",\"url\":\"https:\/\/secure.gravatar.com\/avatar\/f703cebaf51466d6b9274b776e57c489?s=96&d=blank&r=g\",\"contentUrl\":\"https:\/\/secure.gravatar.com\/avatar\/f703cebaf51466d6b9274b776e57c489?s=96&d=blank&r=g\",\"caption\":\"Ocupacional\"},\"url\":\"https:\/\/ocupacional.com.br\/site\/author\/ocupacional\/\"}]}<\/script>\n<!-- \/ Yoast SEO plugin. -->","yoast_head_json":{"title":"Como manter a empresa em seguran\u00e7a durante a pandemia da Covid-19? - Blog - Ocupacional","description":"Nesse momento de crise provocado pela Covid-19, as empresas t\u00eam uma responsabilidade extra para evitar a dissemina\u00e7\u00e3o do v\u00edrus.","robots":{"index":"index","follow":"follow","max-snippet":"max-snippet:-1","max-image-preview":"max-image-preview:large","max-video-preview":"max-video-preview:-1"},"canonical":"https:\/\/ocupacional.incdigital.com.br\/como-manter-a-empresa-em-seguranca-durante-a-pandemia-da-covid-19\/","og_locale":"pt_BR","og_type":"article","og_title":"Como manter a empresa em seguran\u00e7a durante a pandemia da Covid-19? - Blog - Ocupacional","og_description":"Nesse momento de crise provocado pela Covid-19, as empresas t\u00eam uma responsabilidade extra para evitar a dissemina\u00e7\u00e3o do v\u00edrus.","og_url":"https:\/\/ocupacional.incdigital.com.br\/como-manter-a-empresa-em-seguranca-durante-a-pandemia-da-covid-19\/","og_site_name":"Ocupacional","article_published_time":"2020-04-14T21:28:03+00:00","article_modified_time":"2025-01-28T16:12:28+00:00","og_image":[{"width":600,"height":270,"url":"https:\/\/ocupacional.incdigital.com.br\/wp-content\/uploads\/2020\/04\/Como-manter-a-empresa-em-seguranca-durante-a-pandemia-da-Covid-19-1.jpg","type":"image\/jpeg"}],"author":"Ocupacional","twitter_card":"summary_large_image","twitter_misc":{"Escrito por":"Ocupacional","Est. tempo de leitura":"4 minutos"},"schema":{"@context":"https:\/\/schema.org","@graph":[{"@type":"Article","@id":"https:\/\/ocupacional.incdigital.com.br\/como-manter-a-empresa-em-seguranca-durante-a-pandemia-da-covid-19\/#article","isPartOf":{"@id":"https:\/\/ocupacional.incdigital.com.br\/como-manter-a-empresa-em-seguranca-durante-a-pandemia-da-covid-19\/"},"author":{"name":"Ocupacional","@id":"https:\/\/ocupacional.com.br\/site\/#\/schema\/person\/9614e9b9e3c9ec0ba39804d95b2691b7"},"headline":"Como manter a empresa em seguran\u00e7a durante a pandemia da Covid-19?","datePublished":"2020-04-14T21:28:03+00:00","dateModified":"2025-01-28T16:12:28+00:00","mainEntityOfPage":{"@id":"https:\/\/ocupacional.incdigital.com.br\/como-manter-a-empresa-em-seguranca-durante-a-pandemia-da-covid-19\/"},"wordCount":793,"publisher":{"@id":"https:\/\/ocupacional.com.br\/site\/#organization"},"image":{"@id":"https:\/\/ocupacional.incdigital.com.br\/como-manter-a-empresa-em-seguranca-durante-a-pandemia-da-covid-19\/#primaryimage"},"thumbnailUrl":"https:\/\/ocupacional.com.br\/site\/wp-content\/uploads\/2020\/04\/Como-manter-a-empresa-em-seguranca-durante-a-pandemia-da-Covid-19-1.jpg","articleSection":["Gest\u00e3o Ocupacional"],"inLanguage":"pt-BR"},{"@type":"WebPage","@id":"https:\/\/ocupacional.incdigital.com.br\/como-manter-a-empresa-em-seguranca-durante-a-pandemia-da-covid-19\/","url":"https:\/\/ocupacional.incdigital.com.br\/como-manter-a-empresa-em-seguranca-durante-a-pandemia-da-covid-19\/","name":"Como manter a empresa em seguran\u00e7a durante a pandemia da Covid-19? - Blog - Ocupacional","isPartOf":{"@id":"https:\/\/ocupacional.com.br\/site\/#website"},"primaryImageOfPage":{"@id":"https:\/\/ocupacional.incdigital.com.br\/como-manter-a-empresa-em-seguranca-durante-a-pandemia-da-covid-19\/#primaryimage"},"image":{"@id":"https:\/\/ocupacional.incdigital.com.br\/como-manter-a-empresa-em-seguranca-durante-a-pandemia-da-covid-19\/#primaryimage"},"thumbnailUrl":"https:\/\/ocupacional.com.br\/site\/wp-content\/uploads\/2020\/04\/Como-manter-a-empresa-em-seguranca-durante-a-pandemia-da-Covid-19-1.jpg","datePublished":"2020-04-14T21:28:03+00:00","dateModified":"2025-01-28T16:12:28+00:00","description":"Nesse momento de crise provocado pela Covid-19, as empresas t\u00eam uma responsabilidade extra para evitar a dissemina\u00e7\u00e3o do v\u00edrus.","breadcrumb":{"@id":"https:\/\/ocupacional.incdigital.com.br\/como-manter-a-empresa-em-seguranca-durante-a-pandemia-da-covid-19\/#breadcrumb"},"inLanguage":"pt-BR","potentialAction":[{"@type":"ReadAction","target":["https:\/\/ocupacional.incdigital.com.br\/como-manter-a-empresa-em-seguranca-durante-a-pandemia-da-covid-19\/"]}]},{"@type":"ImageObject","inLanguage":"pt-BR","@id":"https:\/\/ocupacional.incdigital.com.br\/como-manter-a-empresa-em-seguranca-durante-a-pandemia-da-covid-19\/#primaryimage","url":"https:\/\/ocupacional.com.br\/site\/wp-content\/uploads\/2020\/04\/Como-manter-a-empresa-em-seguranca-durante-a-pandemia-da-Covid-19-1.jpg","contentUrl":"https:\/\/ocupacional.com.br\/site\/wp-content\/uploads\/2020\/04\/Como-manter-a-empresa-em-seguranca-durante-a-pandemia-da-Covid-19-1.jpg","width":600,"height":270,"caption":""},{"@type":"BreadcrumbList","@id":"https:\/\/ocupacional.incdigital.com.br\/como-manter-a-empresa-em-seguranca-durante-a-pandemia-da-covid-19\/#breadcrumb","itemListElement":[{"@type":"ListItem","position":1,"name":"In\u00edcio","item":"https:\/\/ocupacional.incdigital.com.br\/"},{"@type":"ListItem","position":2,"name":"Como manter a empresa em seguran\u00e7a durante a pandemia da Covid-19?"}]},{"@type":"WebSite","@id":"https:\/\/ocupacional.com.br\/site\/#website","url":"https:\/\/ocupacional.com.br\/site\/","name":"Ocupacional","description":"As obriga\u00e7\u00f5es de sa\u00fade e seguran\u00e7a do trabalho\u2028da sua empresa sob total controle","publisher":{"@id":"https:\/\/ocupacional.com.br\/site\/#organization"},"potentialAction":[{"@type":"SearchAction","target":{"@type":"EntryPoint","urlTemplate":"https:\/\/ocupacional.com.br\/site\/?s={search_term_string}"},"query-input":{"@type":"PropertyValueSpecification","valueRequired":true,"valueName":"search_term_string"}}],"inLanguage":"pt-BR"},{"@type":"Organization","@id":"https:\/\/ocupacional.com.br\/site\/#organization","name":"Ocupacional","url":"https:\/\/ocupacional.com.br\/site\/","logo":{"@type":"ImageObject","inLanguage":"pt-BR","@id":"https:\/\/ocupacional.com.br\/site\/#\/schema\/logo\/image\/","url":"https:\/\/ocupacional.com.br\/site\/wp-content\/uploads\/2021\/01\/logoocp-8.png","contentUrl":"https:\/\/ocupacional.com.br\/site\/wp-content\/uploads\/2021\/01\/logoocp-8.png","width":704,"height":109,"caption":"Ocupacional"},"image":{"@id":"https:\/\/ocupacional.com.br\/site\/#\/schema\/logo\/image\/"}},{"@type":"Person","@id":"https:\/\/ocupacional.com.br\/site\/#\/schema\/person\/9614e9b9e3c9ec0ba39804d95b2691b7","name":"Ocupacional","image":{"@type":"ImageObject","inLanguage":"pt-BR","@id":"https:\/\/ocupacional.com.br\/site\/#\/schema\/person\/image\/","url":"https:\/\/secure.gravatar.com\/avatar\/f703cebaf51466d6b9274b776e57c489?s=96&d=blank&r=g","contentUrl":"https:\/\/secure.gravatar.com\/avatar\/f703cebaf51466d6b9274b776e57c489?s=96&d=blank&r=g","caption":"Ocupacional"},"url":"https:\/\/ocupacional.com.br\/site\/author\/ocupacional\/"}]}},"_links":{"self":[{"href":"https:\/\/ocupacional.com.br\/site\/wp-json\/wp\/v2\/posts\/3288"}],"collection":[{"href":"https:\/\/ocupacional.com.br\/site\/wp-json\/wp\/v2\/posts"}],"about":[{"href":"https:\/\/ocupacional.com.br\/site\/wp-json\/wp\/v2\/types\/post"}],"author":[{"embeddable":true,"href":"https:\/\/ocupacional.com.br\/site\/wp-json\/wp\/v2\/users\/2"}],"replies":[{"embeddable":true,"href":"https:\/\/ocupacional.com.br\/site\/wp-json\/wp\/v2\/comments?post=3288"}],"version-history":[{"count":1,"href":"https:\/\/ocupacional.com.br\/site\/wp-json\/wp\/v2\/posts\/3288\/revisions"}],"predecessor-version":[{"id":11331,"href":"https:\/\/ocupacional.com.br\/site\/wp-json\/wp\/v2\/posts\/3288\/revisions\/11331"}],"wp:featuredmedia":[{"embeddable":true,"href":"https:\/\/ocupacional.com.br\/site\/wp-json\/wp\/v2\/media\/3290"}],"wp:attachment":[{"href":"https:\/\/ocupacional.com.br\/site\/wp-json\/wp\/v2\/media?parent=3288"}],"wp:term":[{"taxonomy":"category","embeddable":true,"href":"https:\/\/ocupacional.com.br\/site\/wp-json\/wp\/v2\/categories?post=3288"},{"taxonomy":"post_tag","embeddable":true,"href":"https:\/\/ocupacional.com.br\/site\/wp-json\/wp\/v2\/tags?post=3288"}],"curies":[{"name":"wp","href":"https:\/\/api.w.org\/{rel}","templated":true}]}}