{"id":3268,"date":"2020-04-09T12:09:45","date_gmt":"2020-04-09T12:09:45","guid":{"rendered":"https:\/\/www.ocupacional.com.br\/ocupacional\/?p=3268"},"modified":"2025-01-28T13:12:28","modified_gmt":"2025-01-28T16:12:28","slug":"como-a-sua-imunidade-pode-te-proteger-do-coronavirus","status":"publish","type":"post","link":"https:\/\/ocupacional.com.br\/site\/como-a-sua-imunidade-pode-te-proteger-do-coronavirus\/","title":{"rendered":"Como a sua imunidade pode te proteger do coronav\u00edrus"},"content":{"rendered":"<p>\t\t\t\tEm tempos de pandemia da <a href=\"https:\/\/www.ocupacional.com.br\/ocupacional\/o-papel-das-empresas-no-combate-ao-coronavirus\/\">Covid-19<\/a>, causada pelo novo coronav\u00edrus, muita coisa tem sido dita na imprensa, redes sociais e, principalmente, em grupos de Whatsapp. Mas o maior problema n\u00e3o tem sido o excesso de informa\u00e7\u00f5es, mas sim a veracidade desses conte\u00fados. E foi justamente o excesso de <em>fake news<\/em> sobre o tema que nos motivou a criar este post, para te orientar sobre o que \u00e9 real ou n\u00e3o sobre a imunidade e quais medidas voc\u00ea pode e deve tomar para se proteger.<\/p>\n<h3>Imunidade alta dificulta o cont\u00e1gio do coronav\u00edrus?<\/h3>\n<p>O primeiro ponto que precisa ser compreendido \u00e9 que o sistema imunol\u00f3gico \u00e9 um recurso do nosso corpo, que envolve c\u00e9lulas, tecidos, \u00f3rg\u00e3os e mol\u00e9culas, para combater, de maneira coordenada, v\u00edrus, bact\u00e9rias, fungos e parasitas.<\/p>\n<p>Dessa maneira, \u00e9 preciso entender que manter uma boa imunidade n\u00e3o impede que sejamos contaminados pelo coronav\u00edrus. Por\u00e9m, pode ser um fator determinante para a nossa sobreviv\u00eancia, em caso de contamina\u00e7\u00e3o.<\/p>\n<p>Estudos divergem entre 10 a 20% no que diz respeito a taxa de pessoas contaminadas que precisam ser hospitalizadas. Geralmente essas chances aumentam para pessoas que est\u00e3o com a imunidade mais baixa, quadro que contempla, por exemplo, o chamado grupo de risco (idosos ou pessoas que j\u00e1 tenham algum quadro pr\u00e9vio que pode comprometer a resposta do organismo, como, por exemplo, c\u00e2ncer, problemas card\u00edacos, respirat\u00f3rios, dentre outros).<\/p>\n<h3>\u00c9 poss\u00edvel aumentar a imunidade?<\/h3>\n<p>\u00c9 importante entender que imunidade \u00e9 a capacidade de resposta do organismo no enfrentamento de agentes externos considerados nocivos pelo nosso corpo (como \u00e9 o caso do coronav\u00edrus). De acordo com <a href=\"https:\/\/www.bbc.com\/portuguese\/geral-51937410\" target=\"_blank\" rel=\"noopener noreferrer\">especialistas ouvidos pela BBC Brasil<\/a>, essa capacidade varia de pessoa para pessoa.<\/p>\n<p>Dizer que podemos aumentar nossa imunidade \u00e9 um mito. O que podemos fazer, no entanto, \u00e9 manter h\u00e1bitos saud\u00e1veis para permitir que nosso o nosso sistema imunol\u00f3gico consiga trabalhar com sua capacidade total. Ou seja, n\u00e3o \u00e9 sobre aumentar a imunidade, mas sim sobre mant\u00ea-la o mais elevada poss\u00edvel dentro da capacidade do nosso organismo. Isso pode fazer toda a diferen\u00e7a na hora de combater doen\u00e7as como, por exemplo, a Covid-19.<\/p>\n<h3>5 dicas para manter a imunidade em dia<\/h3>\n<p>Para o <a href=\"http:\/\/www.belmirodarce.com.br\/\" target=\"_blank\" rel=\"noopener noreferrer\">Dr. Belmiro d\u2019Arce<\/a>, m\u00e9dico e professor da Unesp, o principal fator que determina se a pessoa sobrevive ou morre \u00e0 Covid-19 \u00e9 a imunidade. O m\u00e9dico avalia que o v\u00edrus n\u00e3o tem elevado seu poder de agress\u00e3o na pandemia e, portanto, o que tem prevalecido n\u00e3o \u00e9 o poder do v\u00edrus, mas sim a fragilidade do sistema imunol\u00f3gico das pessoas.<\/p>\n<p>Para complementar, estamos diante de um poss\u00edvel colapso no sistema de sa\u00fade brasileiro, <a href=\"https:\/\/exame.abril.com.br\/brasil\/em-abril-o-sistema-de-saude-entrara-em-colapso-diz-mandetta\/\" target=\"_blank\" rel=\"noopener noreferrer\">conforme previsto pelo Minist\u00e9rio da Sa\u00fade<\/a>. Nesse cen\u00e1rio, os hospitais poder\u00e3o n\u00e3o ter capacidade suficiente para atender toda a popula\u00e7\u00e3o. A imunidade torna-se, ent\u00e3o, ainda mais importante neste momento.<\/p>\n<p>Pensando nisso, separamos 5 dicas que v\u00e3o te ajudar a manter a sua imunidade funcionando com toda a capacidade e, certamente, te proteger da doen\u00e7a:<\/p>\n<h4 style=\"padding-left: 40px;\"><strong>1. Beba bastante \u00e1gua<\/strong><\/h4>\n<p style=\"padding-left: 40px;\">Hidrata\u00e7\u00e3o \u00e9 fundamental para manter a imunidade elevada. Como dito anteriormente, o nosso sistema imunol\u00f3gico \u00e9 composto em grande parte por c\u00e9lulas que dependem da \u00e1gua para manter suas fun\u00e7\u00f5es b\u00e1sicas em funcionamento. Recomenda-se, portanto, a ingest\u00e3o de, no m\u00ednimo, 2 litros d\u2019\u00e1gua por dia.<\/p>\n<h4 style=\"padding-left: 40px;\"><strong>2. Manter uma alimenta\u00e7\u00e3o balanceada<\/strong><\/h4>\n<p style=\"padding-left: 40px;\">Conforme mat\u00e9ria publicada na BBC News Brasil, \u201cn\u00e3o existe nenhum alimento ou vitamina que combata o novo coronav\u00edrus. Mas, obviamente, quando o sistema imune est\u00e1 ativo e saud\u00e1vel, vai ajudar a combat\u00ea-lo&#8221;.<\/p>\n<p style=\"padding-left: 40px;\">Portanto, precisamos considerar a import\u00e2ncia dos micronutrientes presentes em cada colora\u00e7\u00e3o de alimentos. \u00c9 recomendado priorizar verduras, legumes e frutas. Al\u00e9m disso, o Dr. Belmiro d\u2019Arce recomenda a utiliza\u00e7\u00e3o de alho, cebola e especiarias como a\u00e7afr\u00e3o e manjeric\u00e3o.<\/p>\n<p style=\"padding-left: 40px;\">Da mesma forma que alguns alimentos podem ajudar neste momento, outros, se consumidos em excesso, podem prejudicar o desempenho do sistema imunol\u00f3gico. \u00c9 o caso, por exemplo, dos a\u00e7\u00facares, amidos e massas.<\/p>\n<p style=\"padding-left: 40px;\">\u00c9 tamb\u00e9m recomendado evitar o consumo em excesso de sal, leite e derivados e de alimentos industrializados.<\/p>\n<h4 style=\"padding-left: 40px;\"><strong>3. Sol e ar livre<\/strong><\/h4>\n<p style=\"padding-left: 40px;\">Vem sendo muito divulgando que o consumo de vitamina D pode ser um importante fator de prote\u00e7\u00e3o contra o coronav\u00edrus. Em virtude disso, muitas pessoas tem se suplementado em excesso. \u00c9 importante ressaltar, no entanto, que a vitamina D depende da exposi\u00e7\u00e3o ao sol para ser ativada.<\/p>\n<p style=\"padding-left: 40px;\">Al\u00e9m disso, segundo o Dr. Belmiro d\u2019Arce, tomar 15 minutos de sol por dia, entre \u00e0s 10h e 16h, traz outros benef\u00edcios \u00e0 sa\u00fade e ao sistema imunol\u00f3gico. Al\u00e9m disso, o m\u00e9dico recomenda passar algum tempo ao ar livre, se isso for poss\u00edvel dentro das limita\u00e7\u00f5es do isolamento social.<\/p>\n<h4 style=\"padding-left: 40px;\"><strong>4. Praticar exerc\u00edcios f\u00edsicos<\/strong><\/h4>\n<p style=\"padding-left: 40px;\">Sabemos que durante per\u00edodos de confinamento, existe a tend\u00eancia de se caminhar rumo ao sedentarismo. Por\u00e9m, \u00e9 muito importante manter uma rotina de pr\u00e1tica de exerc\u00edcios f\u00edsicos, mesmo em casa. Isso vai estimular a libera\u00e7\u00e3o de horm\u00f4nios que ajudam a regular o sistema imunol\u00f3gico.<\/p>\n<h4 style=\"padding-left: 40px;\"><strong>5. Descanse o corpo e a mente<\/strong><\/h4>\n<p style=\"padding-left: 40px;\">Dois fatores cruciais para manter em bom funcionamento o sistema imunol\u00f3gico \u00e9 dormir bem e prevenir o estresse.<\/p>\n<p style=\"padding-left: 40px;\">Segundo Ana Caetano Faria, em entrevista para a BBC News Brasil, \u201c\u00e9 durante o sono que temos maior produ\u00e7\u00e3o de c\u00e9lulas de defesa pela medula \u00f3ssea. Estudos mostram que dormir menos de cinco horas por noite aumenta em quatro vezes a chance de desenvolver infec\u00e7\u00f5es respirat\u00f3rias, como gripes e resfriados\u201d.<\/p>\n<p style=\"padding-left: 40px;\">Al\u00e9m de garantir boas noites de sono, n\u00e3o deixe de brincar e se divertir. Al\u00e9m disso, outra boa recomenda\u00e7\u00e3o \u00e9 a de preservar a sua mente do \u201cenvenenamento mental\u201d, que ocorre devido \u00e0 exposi\u00e7\u00e3o \u00e0s diversas not\u00edcias sobre a pandemia que tem circulado na m\u00eddia e nas redes sociais.<\/p>\n<h3>Coronav\u00edrus: como manter sua empresa segura?<\/h3>\n<p>Quer saber mais sobre o coronav\u00edrus e entender o que pode ser feito para deixar a sua empresa segura? Ent\u00e3o acesse a p\u00e1gina que criamos para tratar especificamente sobre o assunto:<\/p>\n<p><a class=\"btn\" style=\"color: #fff; width: auto;\" href=\"https:\/\/conteudo.ocupacional.com.br\/coronavirus\" target=\"_blank\" rel=\"noopener noreferrer\">Saiba como proteger sua fam\u00edlia e sua empresa<\/a>\t\t<\/p>\n","protected":false},"excerpt":{"rendered":"<p>\t\t\t\tSaiba o que \u00e9 real ou n\u00e3o sobre a a sua imunidade e quais medidas voc\u00ea pode e deve tomar para se proteger da Covid-19 (coronav\u00edrus).\t\t<\/p>\n","protected":false},"author":2,"featured_media":3269,"comment_status":"closed","ping_status":"open","sticky":false,"template":"","format":"standard","meta":{"_acf_changed":false,"inline_featured_image":false,"footnotes":""},"categories":[44],"tags":[],"acf":[],"yoast_head":"<!-- This site is optimized with the Yoast SEO plugin v24.5 - https:\/\/yoast.com\/wordpress\/plugins\/seo\/ -->\n<title>Como a sua imunidade pode te proteger do coronav\u00edrus - Blog - Ocupacional<\/title>\n<meta name=\"description\" content=\"Saiba o que \u00e9 real ou n\u00e3o sobre a a sua imunidade e quais medidas voc\u00ea pode e deve tomar para se proteger da Covid-19 (coronav\u00edrus).\" \/>\n<meta name=\"robots\" content=\"index, follow, max-snippet:-1, max-image-preview:large, max-video-preview:-1\" \/>\n<link rel=\"canonical\" href=\"https:\/\/ocupacional.incdigital.com.br\/como-a-sua-imunidade-pode-te-proteger-do-coronavirus\/\" \/>\n<meta property=\"og:locale\" content=\"pt_BR\" \/>\n<meta property=\"og:type\" content=\"article\" \/>\n<meta property=\"og:title\" content=\"Como a sua imunidade pode te proteger do coronav\u00edrus - Blog - Ocupacional\" \/>\n<meta property=\"og:description\" content=\"Saiba o que \u00e9 real ou n\u00e3o sobre a a sua imunidade e quais medidas voc\u00ea pode e deve tomar para se proteger da Covid-19 (coronav\u00edrus).\" \/>\n<meta property=\"og:url\" content=\"https:\/\/ocupacional.incdigital.com.br\/como-a-sua-imunidade-pode-te-proteger-do-coronavirus\/\" \/>\n<meta property=\"og:site_name\" content=\"Ocupacional\" \/>\n<meta property=\"article:published_time\" content=\"2020-04-09T12:09:45+00:00\" \/>\n<meta property=\"article:modified_time\" content=\"2025-01-28T16:12:28+00:00\" \/>\n<meta property=\"og:image\" content=\"https:\/\/ocupacional.incdigital.com.br\/wp-content\/uploads\/2020\/04\/como-sua-imunidade-pode-te-proteger-do-coronavirus.jpg\" \/>\n\t<meta property=\"og:image:width\" content=\"600\" \/>\n\t<meta property=\"og:image:height\" content=\"270\" \/>\n\t<meta property=\"og:image:type\" content=\"image\/jpeg\" \/>\n<meta name=\"author\" content=\"Ocupacional\" \/>\n<meta name=\"twitter:card\" content=\"summary_large_image\" \/>\n<meta name=\"twitter:label1\" content=\"Escrito por\" \/>\n\t<meta name=\"twitter:data1\" content=\"Ocupacional\" \/>\n\t<meta name=\"twitter:label2\" content=\"Est. tempo de leitura\" \/>\n\t<meta name=\"twitter:data2\" content=\"5 minutos\" \/>\n<script type=\"application\/ld+json\" class=\"yoast-schema-graph\">{\"@context\":\"https:\/\/schema.org\",\"@graph\":[{\"@type\":\"Article\",\"@id\":\"https:\/\/ocupacional.incdigital.com.br\/como-a-sua-imunidade-pode-te-proteger-do-coronavirus\/#article\",\"isPartOf\":{\"@id\":\"https:\/\/ocupacional.incdigital.com.br\/como-a-sua-imunidade-pode-te-proteger-do-coronavirus\/\"},\"author\":{\"name\":\"Ocupacional\",\"@id\":\"https:\/\/ocupacional.com.br\/site\/#\/schema\/person\/9614e9b9e3c9ec0ba39804d95b2691b7\"},\"headline\":\"Como a sua imunidade pode te proteger do coronav\u00edrus\",\"datePublished\":\"2020-04-09T12:09:45+00:00\",\"dateModified\":\"2025-01-28T16:12:28+00:00\",\"mainEntityOfPage\":{\"@id\":\"https:\/\/ocupacional.incdigital.com.br\/como-a-sua-imunidade-pode-te-proteger-do-coronavirus\/\"},\"wordCount\":1062,\"publisher\":{\"@id\":\"https:\/\/ocupacional.com.br\/site\/#organization\"},\"image\":{\"@id\":\"https:\/\/ocupacional.incdigital.com.br\/como-a-sua-imunidade-pode-te-proteger-do-coronavirus\/#primaryimage\"},\"thumbnailUrl\":\"https:\/\/ocupacional.com.br\/site\/wp-content\/uploads\/2020\/04\/como-sua-imunidade-pode-te-proteger-do-coronavirus.jpg\",\"articleSection\":[\"Sa\u00fade e Qualidade de Vida\"],\"inLanguage\":\"pt-BR\"},{\"@type\":\"WebPage\",\"@id\":\"https:\/\/ocupacional.incdigital.com.br\/como-a-sua-imunidade-pode-te-proteger-do-coronavirus\/\",\"url\":\"https:\/\/ocupacional.incdigital.com.br\/como-a-sua-imunidade-pode-te-proteger-do-coronavirus\/\",\"name\":\"Como a sua imunidade pode te proteger do coronav\u00edrus - Blog - Ocupacional\",\"isPartOf\":{\"@id\":\"https:\/\/ocupacional.com.br\/site\/#website\"},\"primaryImageOfPage\":{\"@id\":\"https:\/\/ocupacional.incdigital.com.br\/como-a-sua-imunidade-pode-te-proteger-do-coronavirus\/#primaryimage\"},\"image\":{\"@id\":\"https:\/\/ocupacional.incdigital.com.br\/como-a-sua-imunidade-pode-te-proteger-do-coronavirus\/#primaryimage\"},\"thumbnailUrl\":\"https:\/\/ocupacional.com.br\/site\/wp-content\/uploads\/2020\/04\/como-sua-imunidade-pode-te-proteger-do-coronavirus.jpg\",\"datePublished\":\"2020-04-09T12:09:45+00:00\",\"dateModified\":\"2025-01-28T16:12:28+00:00\",\"description\":\"Saiba o que \u00e9 real ou n\u00e3o sobre a a sua imunidade e quais medidas voc\u00ea pode e deve tomar para se proteger da Covid-19 (coronav\u00edrus).\",\"breadcrumb\":{\"@id\":\"https:\/\/ocupacional.incdigital.com.br\/como-a-sua-imunidade-pode-te-proteger-do-coronavirus\/#breadcrumb\"},\"inLanguage\":\"pt-BR\",\"potentialAction\":[{\"@type\":\"ReadAction\",\"target\":[\"https:\/\/ocupacional.incdigital.com.br\/como-a-sua-imunidade-pode-te-proteger-do-coronavirus\/\"]}]},{\"@type\":\"ImageObject\",\"inLanguage\":\"pt-BR\",\"@id\":\"https:\/\/ocupacional.incdigital.com.br\/como-a-sua-imunidade-pode-te-proteger-do-coronavirus\/#primaryimage\",\"url\":\"https:\/\/ocupacional.com.br\/site\/wp-content\/uploads\/2020\/04\/como-sua-imunidade-pode-te-proteger-do-coronavirus.jpg\",\"contentUrl\":\"https:\/\/ocupacional.com.br\/site\/wp-content\/uploads\/2020\/04\/como-sua-imunidade-pode-te-proteger-do-coronavirus.jpg\",\"width\":600,\"height\":270,\"caption\":\"\"},{\"@type\":\"BreadcrumbList\",\"@id\":\"https:\/\/ocupacional.incdigital.com.br\/como-a-sua-imunidade-pode-te-proteger-do-coronavirus\/#breadcrumb\",\"itemListElement\":[{\"@type\":\"ListItem\",\"position\":1,\"name\":\"In\u00edcio\",\"item\":\"https:\/\/ocupacional.incdigital.com.br\/\"},{\"@type\":\"ListItem\",\"position\":2,\"name\":\"Como a sua imunidade pode te proteger do coronav\u00edrus\"}]},{\"@type\":\"WebSite\",\"@id\":\"https:\/\/ocupacional.com.br\/site\/#website\",\"url\":\"https:\/\/ocupacional.com.br\/site\/\",\"name\":\"Ocupacional\",\"description\":\"As obriga\u00e7\u00f5es de sa\u00fade e seguran\u00e7a do trabalho\\u2028da sua empresa sob total controle\",\"publisher\":{\"@id\":\"https:\/\/ocupacional.com.br\/site\/#organization\"},\"potentialAction\":[{\"@type\":\"SearchAction\",\"target\":{\"@type\":\"EntryPoint\",\"urlTemplate\":\"https:\/\/ocupacional.com.br\/site\/?s={search_term_string}\"},\"query-input\":{\"@type\":\"PropertyValueSpecification\",\"valueRequired\":true,\"valueName\":\"search_term_string\"}}],\"inLanguage\":\"pt-BR\"},{\"@type\":\"Organization\",\"@id\":\"https:\/\/ocupacional.com.br\/site\/#organization\",\"name\":\"Ocupacional\",\"url\":\"https:\/\/ocupacional.com.br\/site\/\",\"logo\":{\"@type\":\"ImageObject\",\"inLanguage\":\"pt-BR\",\"@id\":\"https:\/\/ocupacional.com.br\/site\/#\/schema\/logo\/image\/\",\"url\":\"https:\/\/ocupacional.com.br\/site\/wp-content\/uploads\/2021\/01\/logoocp-8.png\",\"contentUrl\":\"https:\/\/ocupacional.com.br\/site\/wp-content\/uploads\/2021\/01\/logoocp-8.png\",\"width\":704,\"height\":109,\"caption\":\"Ocupacional\"},\"image\":{\"@id\":\"https:\/\/ocupacional.com.br\/site\/#\/schema\/logo\/image\/\"}},{\"@type\":\"Person\",\"@id\":\"https:\/\/ocupacional.com.br\/site\/#\/schema\/person\/9614e9b9e3c9ec0ba39804d95b2691b7\",\"name\":\"Ocupacional\",\"image\":{\"@type\":\"ImageObject\",\"inLanguage\":\"pt-BR\",\"@id\":\"https:\/\/ocupacional.com.br\/site\/#\/schema\/person\/image\/\",\"url\":\"https:\/\/secure.gravatar.com\/avatar\/f703cebaf51466d6b9274b776e57c489?s=96&d=blank&r=g\",\"contentUrl\":\"https:\/\/secure.gravatar.com\/avatar\/f703cebaf51466d6b9274b776e57c489?s=96&d=blank&r=g\",\"caption\":\"Ocupacional\"},\"url\":\"https:\/\/ocupacional.com.br\/site\/author\/ocupacional\/\"}]}<\/script>\n<!-- \/ Yoast SEO plugin. -->","yoast_head_json":{"title":"Como a sua imunidade pode te proteger do coronav\u00edrus - Blog - Ocupacional","description":"Saiba o que \u00e9 real ou n\u00e3o sobre a a sua imunidade e quais medidas voc\u00ea pode e deve tomar para se proteger da Covid-19 (coronav\u00edrus).","robots":{"index":"index","follow":"follow","max-snippet":"max-snippet:-1","max-image-preview":"max-image-preview:large","max-video-preview":"max-video-preview:-1"},"canonical":"https:\/\/ocupacional.incdigital.com.br\/como-a-sua-imunidade-pode-te-proteger-do-coronavirus\/","og_locale":"pt_BR","og_type":"article","og_title":"Como a sua imunidade pode te proteger do coronav\u00edrus - Blog - Ocupacional","og_description":"Saiba o que \u00e9 real ou n\u00e3o sobre a a sua imunidade e quais medidas voc\u00ea pode e deve tomar para se proteger da Covid-19 (coronav\u00edrus).","og_url":"https:\/\/ocupacional.incdigital.com.br\/como-a-sua-imunidade-pode-te-proteger-do-coronavirus\/","og_site_name":"Ocupacional","article_published_time":"2020-04-09T12:09:45+00:00","article_modified_time":"2025-01-28T16:12:28+00:00","og_image":[{"width":600,"height":270,"url":"https:\/\/ocupacional.incdigital.com.br\/wp-content\/uploads\/2020\/04\/como-sua-imunidade-pode-te-proteger-do-coronavirus.jpg","type":"image\/jpeg"}],"author":"Ocupacional","twitter_card":"summary_large_image","twitter_misc":{"Escrito por":"Ocupacional","Est. tempo de leitura":"5 minutos"},"schema":{"@context":"https:\/\/schema.org","@graph":[{"@type":"Article","@id":"https:\/\/ocupacional.incdigital.com.br\/como-a-sua-imunidade-pode-te-proteger-do-coronavirus\/#article","isPartOf":{"@id":"https:\/\/ocupacional.incdigital.com.br\/como-a-sua-imunidade-pode-te-proteger-do-coronavirus\/"},"author":{"name":"Ocupacional","@id":"https:\/\/ocupacional.com.br\/site\/#\/schema\/person\/9614e9b9e3c9ec0ba39804d95b2691b7"},"headline":"Como a sua imunidade pode te proteger do coronav\u00edrus","datePublished":"2020-04-09T12:09:45+00:00","dateModified":"2025-01-28T16:12:28+00:00","mainEntityOfPage":{"@id":"https:\/\/ocupacional.incdigital.com.br\/como-a-sua-imunidade-pode-te-proteger-do-coronavirus\/"},"wordCount":1062,"publisher":{"@id":"https:\/\/ocupacional.com.br\/site\/#organization"},"image":{"@id":"https:\/\/ocupacional.incdigital.com.br\/como-a-sua-imunidade-pode-te-proteger-do-coronavirus\/#primaryimage"},"thumbnailUrl":"https:\/\/ocupacional.com.br\/site\/wp-content\/uploads\/2020\/04\/como-sua-imunidade-pode-te-proteger-do-coronavirus.jpg","articleSection":["Sa\u00fade e Qualidade de Vida"],"inLanguage":"pt-BR"},{"@type":"WebPage","@id":"https:\/\/ocupacional.incdigital.com.br\/como-a-sua-imunidade-pode-te-proteger-do-coronavirus\/","url":"https:\/\/ocupacional.incdigital.com.br\/como-a-sua-imunidade-pode-te-proteger-do-coronavirus\/","name":"Como a sua imunidade pode te proteger do coronav\u00edrus - Blog - Ocupacional","isPartOf":{"@id":"https:\/\/ocupacional.com.br\/site\/#website"},"primaryImageOfPage":{"@id":"https:\/\/ocupacional.incdigital.com.br\/como-a-sua-imunidade-pode-te-proteger-do-coronavirus\/#primaryimage"},"image":{"@id":"https:\/\/ocupacional.incdigital.com.br\/como-a-sua-imunidade-pode-te-proteger-do-coronavirus\/#primaryimage"},"thumbnailUrl":"https:\/\/ocupacional.com.br\/site\/wp-content\/uploads\/2020\/04\/como-sua-imunidade-pode-te-proteger-do-coronavirus.jpg","datePublished":"2020-04-09T12:09:45+00:00","dateModified":"2025-01-28T16:12:28+00:00","description":"Saiba o que \u00e9 real ou n\u00e3o sobre a a sua imunidade e quais medidas voc\u00ea pode e deve tomar para se proteger da Covid-19 (coronav\u00edrus).","breadcrumb":{"@id":"https:\/\/ocupacional.incdigital.com.br\/como-a-sua-imunidade-pode-te-proteger-do-coronavirus\/#breadcrumb"},"inLanguage":"pt-BR","potentialAction":[{"@type":"ReadAction","target":["https:\/\/ocupacional.incdigital.com.br\/como-a-sua-imunidade-pode-te-proteger-do-coronavirus\/"]}]},{"@type":"ImageObject","inLanguage":"pt-BR","@id":"https:\/\/ocupacional.incdigital.com.br\/como-a-sua-imunidade-pode-te-proteger-do-coronavirus\/#primaryimage","url":"https:\/\/ocupacional.com.br\/site\/wp-content\/uploads\/2020\/04\/como-sua-imunidade-pode-te-proteger-do-coronavirus.jpg","contentUrl":"https:\/\/ocupacional.com.br\/site\/wp-content\/uploads\/2020\/04\/como-sua-imunidade-pode-te-proteger-do-coronavirus.jpg","width":600,"height":270,"caption":""},{"@type":"BreadcrumbList","@id":"https:\/\/ocupacional.incdigital.com.br\/como-a-sua-imunidade-pode-te-proteger-do-coronavirus\/#breadcrumb","itemListElement":[{"@type":"ListItem","position":1,"name":"In\u00edcio","item":"https:\/\/ocupacional.incdigital.com.br\/"},{"@type":"ListItem","position":2,"name":"Como a sua imunidade pode te proteger do coronav\u00edrus"}]},{"@type":"WebSite","@id":"https:\/\/ocupacional.com.br\/site\/#website","url":"https:\/\/ocupacional.com.br\/site\/","name":"Ocupacional","description":"As obriga\u00e7\u00f5es de sa\u00fade e seguran\u00e7a do trabalho\u2028da sua empresa sob total controle","publisher":{"@id":"https:\/\/ocupacional.com.br\/site\/#organization"},"potentialAction":[{"@type":"SearchAction","target":{"@type":"EntryPoint","urlTemplate":"https:\/\/ocupacional.com.br\/site\/?s={search_term_string}"},"query-input":{"@type":"PropertyValueSpecification","valueRequired":true,"valueName":"search_term_string"}}],"inLanguage":"pt-BR"},{"@type":"Organization","@id":"https:\/\/ocupacional.com.br\/site\/#organization","name":"Ocupacional","url":"https:\/\/ocupacional.com.br\/site\/","logo":{"@type":"ImageObject","inLanguage":"pt-BR","@id":"https:\/\/ocupacional.com.br\/site\/#\/schema\/logo\/image\/","url":"https:\/\/ocupacional.com.br\/site\/wp-content\/uploads\/2021\/01\/logoocp-8.png","contentUrl":"https:\/\/ocupacional.com.br\/site\/wp-content\/uploads\/2021\/01\/logoocp-8.png","width":704,"height":109,"caption":"Ocupacional"},"image":{"@id":"https:\/\/ocupacional.com.br\/site\/#\/schema\/logo\/image\/"}},{"@type":"Person","@id":"https:\/\/ocupacional.com.br\/site\/#\/schema\/person\/9614e9b9e3c9ec0ba39804d95b2691b7","name":"Ocupacional","image":{"@type":"ImageObject","inLanguage":"pt-BR","@id":"https:\/\/ocupacional.com.br\/site\/#\/schema\/person\/image\/","url":"https:\/\/secure.gravatar.com\/avatar\/f703cebaf51466d6b9274b776e57c489?s=96&d=blank&r=g","contentUrl":"https:\/\/secure.gravatar.com\/avatar\/f703cebaf51466d6b9274b776e57c489?s=96&d=blank&r=g","caption":"Ocupacional"},"url":"https:\/\/ocupacional.com.br\/site\/author\/ocupacional\/"}]}},"_links":{"self":[{"href":"https:\/\/ocupacional.com.br\/site\/wp-json\/wp\/v2\/posts\/3268"}],"collection":[{"href":"https:\/\/ocupacional.com.br\/site\/wp-json\/wp\/v2\/posts"}],"about":[{"href":"https:\/\/ocupacional.com.br\/site\/wp-json\/wp\/v2\/types\/post"}],"author":[{"embeddable":true,"href":"https:\/\/ocupacional.com.br\/site\/wp-json\/wp\/v2\/users\/2"}],"replies":[{"embeddable":true,"href":"https:\/\/ocupacional.com.br\/site\/wp-json\/wp\/v2\/comments?post=3268"}],"version-history":[{"count":1,"href":"https:\/\/ocupacional.com.br\/site\/wp-json\/wp\/v2\/posts\/3268\/revisions"}],"predecessor-version":[{"id":11333,"href":"https:\/\/ocupacional.com.br\/site\/wp-json\/wp\/v2\/posts\/3268\/revisions\/11333"}],"wp:featuredmedia":[{"embeddable":true,"href":"https:\/\/ocupacional.com.br\/site\/wp-json\/wp\/v2\/media\/3269"}],"wp:attachment":[{"href":"https:\/\/ocupacional.com.br\/site\/wp-json\/wp\/v2\/media?parent=3268"}],"wp:term":[{"taxonomy":"category","embeddable":true,"href":"https:\/\/ocupacional.com.br\/site\/wp-json\/wp\/v2\/categories?post=3268"},{"taxonomy":"post_tag","embeddable":true,"href":"https:\/\/ocupacional.com.br\/site\/wp-json\/wp\/v2\/tags?post=3268"}],"curies":[{"name":"wp","href":"https:\/\/api.w.org\/{rel}","templated":true}]}}