{"id":3251,"date":"2020-03-06T17:48:34","date_gmt":"2020-03-06T17:48:34","guid":{"rendered":"https:\/\/www.ocupacional.com.br\/ocupacional\/?p=3251"},"modified":"2025-01-28T13:12:28","modified_gmt":"2025-01-28T16:12:28","slug":"o-papel-das-empresas-no-combate-ao-coronavirus","status":"publish","type":"post","link":"https:\/\/ocupacional.com.br\/site\/o-papel-das-empresas-no-combate-ao-coronavirus\/","title":{"rendered":"O papel das empresas no combate ao coronav\u00edrus"},"content":{"rendered":"<p>\t\t\t\tN\u00e3o h\u00e1 como fugir desse assunto. Desde que o novo coronav\u00edrus, tamb\u00e9m chamado de Covid-19, rompeu as fronteiras da China, muito tem sido dito sobre o assunto. N\u00e3o \u00e9 por menos. At\u00e9 o dia 6 de mar\u00e7o, o governo chin\u00eas havia confirmado 80.710 casos da doen\u00e7a e 3.045 mortes. Fora da China, a Organiza\u00e7\u00e3o Mundial de Sa\u00fade (OMS) relatou 148 pessoas faleceram na It\u00e1lia, sendo 41 em um \u00fanico dia \u2013 s\u00e3o mais de 3,8 mil casos confirmados no pa\u00eds. S\u00e9rvia, Peru, Vaticano e Camar\u00f5es foram apenas alguns pa\u00edses que relataram casos pela primeira vez no dia 6.<\/p>\n<p>O crescimento da doen\u00e7a pelo mundo fez aumentar o medo da popula\u00e7\u00e3o, intensificado pela confirma\u00e7\u00e3o dos primeiros casos da doen\u00e7a no Brasil \u2013 no dia 6 de mar\u00e7o, foi confirmado o nono caso no pa\u00eds. Para o ministro da Sa\u00fade, Luiz Henrique Mandetta, ainda n\u00e3o se trata de uma transmiss\u00e3o massiva no pa\u00eds. \u201cA gente j\u00e1 tem alguns casos de transmiss\u00e3o em S\u00e3o Paulo, oriundos daquele paciente, mas n\u00e3o \u00e9 transmiss\u00e3o comunit\u00e1ria ou sustentada, mas sinaliza que o v\u00edrus tem uma compet\u00eancia de transmiss\u00e3o. Confirmando o que a gente sempre disse: que a transmissibilidade \u00e9 maior do que aqueles n\u00fameros da China, e com isso a letalidade \u00e9 menor&#8221;, declarou o ministro.<\/p>\n<p>Como a doen\u00e7a tem se espalhado pelo mundo inteiro, muitas not\u00edcias chegam a todo o momento. Nesse cen\u00e1rio, \u00e9 preciso ficar atento \u00e0s <em>fake news<\/em>. O n\u00edvel de desinforma\u00e7\u00e3o est\u00e1 t\u00e3o alto que o Minist\u00e9rio da Sa\u00fade lan\u00e7ou um <a href=\"https:\/\/www.saude.gov.br\/fakenews\/coronavirus\" target=\"_blank\" rel=\"noopener noreferrer\">portal apenas para combater as not\u00edcias falsas sobre o assunto<\/a>. Mat\u00e9rias como a cura do coronav\u00edrus por m\u00e9dicos tailandeses, o consumo de ch\u00e1 de abacate com hortel\u00e3 e semelhan\u00e7a do v\u00edrus com o HIV s\u00e3o apenas algumas das inverdades que precisam ser combatidas diariamente pelo governo.<\/p>\n<p>Pensando nisso, reunimos algumas informa\u00e7\u00f5es de fontes oficiais e confi\u00e1veis para que voc\u00ea entenda melhor como o Covid-19 age e o que as empresas podem fazer para evitar a transmiss\u00e3o do v\u00edrus entre seus funcion\u00e1rios.<\/p>\n<h3>O que \u00e9 o coronav\u00edrus?<\/h3>\n<p>De acordo com a Classifica\u00e7\u00e3o Internacional de Doen\u00e7as e Problemas Relacionados \u00e0 Sa\u00fade (CID-10), coronav\u00edrus \u00e9 a denomina\u00e7\u00e3o dada para uma grande fam\u00edlia viral, respons\u00e1vel por gerar infec\u00e7\u00f5es respirat\u00f3rias em seres humanos e animais. O primeiro coronav\u00edrus humano foi isolado em 1937, mas foi s\u00f3 em 1965 que recebeu a atual denomina\u00e7\u00e3o, gra\u00e7as ao formato de coroa.<\/p>\n<p>Os sintomas geralmente s\u00e3o leves e semelhantes a um simples resfriado. Segundo a <a href=\"https:\/\/www.paho.org\/bra\/index.php?option=com_content&amp;view=article&amp;id=6101:folha-informativa-novo-coronavirus-2019-ncov&amp;Itemid=875\" target=\"_blank\" rel=\"noopener noreferrer\">Organiza\u00e7\u00e3o Pan-Americana da Sa\u00fade<\/a>, A maioria das pessoas, inclusive, se infecta com algum coronav\u00edrus ao longo da vida \u2013 principalmente as crian\u00e7as, com imunidade mais baixa. Os mais comuns s\u00e3o o alpha coronav\u00edrus 229E e NL63 e beta coronav\u00edrus OC43, HKU1. Essas vers\u00f5es s\u00e3o relativamente seguras, mas algumas podem causar s\u00edndromes graves.<\/p>\n<p>Foi o que ocorreu em 2002, na China. Uma doen\u00e7a conhecida como <em>Severe Acute Respiratory Syndrome<\/em> (SARS) foi causada por um coronav\u00edrus associado \u00e0 SARS (SARS-CoV). Ela se disseminou por mais de 12 pa\u00edses, em quatro continentes, infectando mais de 8 mil pessoas e matando cerca de 800. Desde 2004, por\u00e9m, nenhum caso foi relatado mundialmente.<\/p>\n<p>Em 2012, um coronav\u00edrus at\u00e9 ent\u00e3o n\u00e3o identificado como agente de transmiss\u00e3o para humanos provocou mais uma onda de p\u00e2nico global. Com os primeiros casos localizados na Ar\u00e1bia Saudita, a doen\u00e7a foi chamada de <em>Middle East Respiratory Syndrome<\/em> (MERS) e chegou a matar algumas centenas de pessoas, barrando viagens para pa\u00edses do Oriente M\u00e9dio.<\/p>\n<h3>O Covid-19<\/h3>\n<p>Em dezembro de 2019, a Organiza\u00e7\u00e3o Mundial de Sa\u00fade (OMS) foi alertada sobre a dissemina\u00e7\u00e3o de uma nova cepa de coronav\u00edrus, que ainda n\u00e3o havia sido identificada em humanos. Os casos ocorreram na cidade chinesa de Wuhan e rapidamente se espalharam para outras cidades. Posteriormente, a doen\u00e7a come\u00e7ou a gerar diversas mortes e chegou a outros pa\u00edses, a ponto da OMS declarar que o surto constitui uma Emerg\u00eancia de Sa\u00fade P\u00fablica de Import\u00e2ncia Internacional (ESPII).<\/p>\n<p>Os sintomas mais comuns s\u00e3o febre, tosse e dificuldade para respirar. Nos casos mais graves, a infec\u00e7\u00e3o causa pneumonia, s\u00edndrome respirat\u00f3ria aguda, insufici\u00eancia renal e at\u00e9 mesmo a morte dos pacientes. A transmiss\u00e3o \u00e9 feita de pessoa para pessoa, ap\u00f3s o contato com got\u00edculas do nariz ou da boca provenientes de um espirro, por exemplo \u2013 como em uma gripe comum. A letalidade da doen\u00e7a, por\u00e9m, \u00e9 muito baixa. Na China, a porcentagem de mortes com rela\u00e7\u00e3o ao n\u00famero de infectados \u00e9 de 3,5%. Fora do pa\u00eds \u00e9 de apenas 1,5%. Os n\u00fameros s\u00e3o muito inferiores, por exemplo, \u00e0 taxa de mortalidade do SARS (10,87%) e do H1N1 (23,20%).<\/p>\n<p>Apesar disso, n\u00e3o h\u00e1 vacinas ou medicamentos antivirais para prevenir ou combater o Covid-19. Por isso, \u00e9 preciso tratar os sintomas e evitar o contato com outras pessoas. Cientistas de todo o mundo j\u00e1 est\u00e3o investigando poss\u00edveis tratamentos, mas ainda n\u00e3o h\u00e1 nada de concreto divulgado para a popula\u00e7\u00e3o.<\/p>\n<h3>Como as empresas podem prevenir a doen\u00e7a?<\/h3>\n<p>Por ser um espa\u00e7o de bastante conviv\u00eancia entre os funcion\u00e1rios, as empresas tamb\u00e9m precisam tomar medidas de prote\u00e7\u00e3o contra o Covid-19. O Hospital Albert Einsten preparou <a href=\"https:\/\/vidasaudavel.einstein.br\/covid-19-faq\/\" target=\"_blank\" rel=\"noopener noreferrer\">um material muito completo sobre a doen\u00e7a<\/a> e traz alguns pontos importantes a serem observados:<\/p>\n<ul>\n<li><strong>Quem estiver com doen\u00e7a respirat\u00f3ria, fique em casa.<\/strong> As empresas podem incentivar que os colaboradores que apresentem sintomas semelhantes ao do Covid-19 fiquem em casa, para evitar contato com os colegas. Recomenda-se que a pessoa n\u00e3o v\u00e1 trabalhar at\u00e9 estar livre dos sintomas por 48 horas, sem uso de medicamentos que alterem ou aliviem os sintomas. Nesse caso, vale at\u00e9 mesmo flexibilizar a pol\u00edtica de entrega do atestado, para n\u00e3o sobrecarregar o sistema de sa\u00fade de forma desnecess\u00e1ria.<\/li>\n<li><strong>Identifique casos suspeitos:<\/strong> se um trabalhador chegar com sintomas de doen\u00e7as respirat\u00f3rias agudas (como febre, tosse e falta de ar), ele precisa ser liberado do expediente para buscar ajuda imediatamente.<\/li>\n<li><strong>Mantenha o ambiente limpo:<\/strong> \u00e9 preciso conscientizar os colaboradores da import\u00e2ncia da higieniza\u00e7\u00e3o \u2013 tanto do local de trabalho quanto do pr\u00f3prio corpo. Se for tossir ou espirar, cubra o nariz e a boca com o bra\u00e7o. Utilize \u00e1lcool 60-95% ou \u00e1gua e sab\u00e3o por pelo menos 20 segundos para lavar as m\u00e3os. Limpar as superf\u00edcies, como mesas e ma\u00e7anetas, tamb\u00e9m \u00e9 uma forma de se evitar o cont\u00e1gio interno.<\/li>\n<li><strong>Cuidado com viagens:<\/strong> antes de enviar um funcion\u00e1rio para uma viagem \u2013 principalmente internacional \u2013, confira a lista de pa\u00edses com alertas ou restri\u00e7\u00f5es divulgadas pelo Minist\u00e9rio da Sa\u00fade. N\u00e3o h\u00e1 uma recomenda\u00e7\u00e3o para cancelamento, Se o trabalhador adoecer durante a viagem, \u00e9 preciso que ele comunique imediatamente aos superiores para receber as orienta\u00e7\u00f5es adequadas.<\/li>\n<li><strong>Ajude a manter a calma:<\/strong> em um momento com muita desinforma\u00e7\u00e3o, \u00e9 preciso orientar os colaboradores para que n\u00e3o entrem em um p\u00e2nico desnecess\u00e1rio. Paineis informativos, palestras, comunicados internos. Tudo pode ser utilizado para que n\u00e3o haja desespero coletivo. E tamb\u00e9m vale lembrar que pessoas sem sintomas n\u00e3o precisam realizar exames.<\/li>\n<\/ul>\n<h3>Consultoria qualificada<\/h3>\n<p>Em momentos de crise como o atual, a gest\u00e3o das a\u00e7\u00f5es de Sa\u00fade e Seguran\u00e7a do Trabalho deve ser feita com ainda mais aten\u00e7\u00e3o. Para entender como adequar sua companhia a esse cen\u00e1rio, \u00e9 preciso ajuda de quem realmente entende do assunto. Ent\u00e3o que tal fazer um or\u00e7amento com a Ocupacional? Nossos profissionais s\u00e3o qualificados para atender as mais diferentes demandas e mostrar as possibilidades de melhoria para seu neg\u00f3cio. N\u00e3o perca tempo e solicite j\u00e1 uma proposta!<\/p>\n<p><a class=\"btn\" style=\"color: #fff; width: auto;\" href=\"https:\/\/www.ocupacional.com.br\/ocupacional\/solicite-uma-proposta\/\">Solicite uma proposta<\/a>\t\t<\/p>\n","protected":false},"excerpt":{"rendered":"<p>\t\t\t\tReunimos algumas informa\u00e7\u00f5es de fontes oficiais e confi\u00e1veis para que voc\u00ea entenda melhor como o coronav\u00edrus age e o que as empresas podem fazer para evitar a sua transmiss\u00e3o entre seus funcion\u00e1rios\t\t<\/p>\n","protected":false},"author":2,"featured_media":3254,"comment_status":"closed","ping_status":"open","sticky":false,"template":"","format":"standard","meta":{"_acf_changed":false,"inline_featured_image":false,"footnotes":""},"categories":[49],"tags":[],"acf":[],"yoast_head":"<!-- This site is optimized with the Yoast SEO plugin v24.5 - https:\/\/yoast.com\/wordpress\/plugins\/seo\/ -->\n<title>O papel das empresas no combate ao coronav\u00edrus - Blog - Ocupacional<\/title>\n<meta name=\"description\" content=\"Reunimos informa\u00e7\u00f5es de fontes confi\u00e1veis para que voc\u00ea entenda melhor como o v\u00edrus age e o que as empresas podem fazer para evitar os riscos de transmiss\u00e3o\" \/>\n<meta name=\"robots\" content=\"index, follow, max-snippet:-1, max-image-preview:large, max-video-preview:-1\" \/>\n<link rel=\"canonical\" href=\"https:\/\/ocupacional.incdigital.com.br\/o-papel-das-empresas-no-combate-ao-coronavirus\/\" \/>\n<meta property=\"og:locale\" content=\"pt_BR\" \/>\n<meta property=\"og:type\" content=\"article\" \/>\n<meta property=\"og:title\" content=\"O papel das empresas no combate ao coronav\u00edrus - Blog - Ocupacional\" \/>\n<meta property=\"og:description\" content=\"Reunimos informa\u00e7\u00f5es de fontes confi\u00e1veis para que voc\u00ea entenda melhor como o v\u00edrus age e o que as empresas podem fazer para evitar os riscos de transmiss\u00e3o\" \/>\n<meta property=\"og:url\" content=\"https:\/\/ocupacional.incdigital.com.br\/o-papel-das-empresas-no-combate-ao-coronavirus\/\" \/>\n<meta property=\"og:site_name\" content=\"Ocupacional\" \/>\n<meta property=\"article:published_time\" content=\"2020-03-06T17:48:34+00:00\" \/>\n<meta property=\"article:modified_time\" content=\"2025-01-28T16:12:28+00:00\" \/>\n<meta property=\"og:image\" content=\"https:\/\/ocupacional.incdigital.com.br\/wp-content\/uploads\/2020\/03\/O-papel-das-empresas-no-combate-ao-coronavirus.jpg\" \/>\n\t<meta property=\"og:image:width\" content=\"600\" \/>\n\t<meta property=\"og:image:height\" content=\"290\" \/>\n\t<meta property=\"og:image:type\" content=\"image\/jpeg\" \/>\n<meta name=\"author\" content=\"Ocupacional\" \/>\n<meta name=\"twitter:card\" content=\"summary_large_image\" \/>\n<meta name=\"twitter:label1\" content=\"Escrito por\" \/>\n\t<meta name=\"twitter:data1\" content=\"Ocupacional\" \/>\n\t<meta name=\"twitter:label2\" content=\"Est. tempo de leitura\" \/>\n\t<meta name=\"twitter:data2\" content=\"7 minutos\" \/>\n<script type=\"application\/ld+json\" class=\"yoast-schema-graph\">{\"@context\":\"https:\/\/schema.org\",\"@graph\":[{\"@type\":\"Article\",\"@id\":\"https:\/\/ocupacional.incdigital.com.br\/o-papel-das-empresas-no-combate-ao-coronavirus\/#article\",\"isPartOf\":{\"@id\":\"https:\/\/ocupacional.incdigital.com.br\/o-papel-das-empresas-no-combate-ao-coronavirus\/\"},\"author\":{\"name\":\"Ocupacional\",\"@id\":\"https:\/\/ocupacional.com.br\/site\/#\/schema\/person\/9614e9b9e3c9ec0ba39804d95b2691b7\"},\"headline\":\"O papel das empresas no combate ao coronav\u00edrus\",\"datePublished\":\"2020-03-06T17:48:34+00:00\",\"dateModified\":\"2025-01-28T16:12:28+00:00\",\"mainEntityOfPage\":{\"@id\":\"https:\/\/ocupacional.incdigital.com.br\/o-papel-das-empresas-no-combate-ao-coronavirus\/\"},\"wordCount\":1353,\"publisher\":{\"@id\":\"https:\/\/ocupacional.com.br\/site\/#organization\"},\"image\":{\"@id\":\"https:\/\/ocupacional.incdigital.com.br\/o-papel-das-empresas-no-combate-ao-coronavirus\/#primaryimage\"},\"thumbnailUrl\":\"https:\/\/ocupacional.com.br\/site\/wp-content\/uploads\/2020\/03\/O-papel-das-empresas-no-combate-ao-coronavirus.jpg\",\"articleSection\":[\"Seguran\u00e7a do Trabalho\"],\"inLanguage\":\"pt-BR\"},{\"@type\":\"WebPage\",\"@id\":\"https:\/\/ocupacional.incdigital.com.br\/o-papel-das-empresas-no-combate-ao-coronavirus\/\",\"url\":\"https:\/\/ocupacional.incdigital.com.br\/o-papel-das-empresas-no-combate-ao-coronavirus\/\",\"name\":\"O papel das empresas no combate ao coronav\u00edrus - Blog - Ocupacional\",\"isPartOf\":{\"@id\":\"https:\/\/ocupacional.com.br\/site\/#website\"},\"primaryImageOfPage\":{\"@id\":\"https:\/\/ocupacional.incdigital.com.br\/o-papel-das-empresas-no-combate-ao-coronavirus\/#primaryimage\"},\"image\":{\"@id\":\"https:\/\/ocupacional.incdigital.com.br\/o-papel-das-empresas-no-combate-ao-coronavirus\/#primaryimage\"},\"thumbnailUrl\":\"https:\/\/ocupacional.com.br\/site\/wp-content\/uploads\/2020\/03\/O-papel-das-empresas-no-combate-ao-coronavirus.jpg\",\"datePublished\":\"2020-03-06T17:48:34+00:00\",\"dateModified\":\"2025-01-28T16:12:28+00:00\",\"description\":\"Reunimos informa\u00e7\u00f5es de fontes confi\u00e1veis para que voc\u00ea entenda melhor como o v\u00edrus age e o que as empresas podem fazer para evitar os riscos de transmiss\u00e3o\",\"breadcrumb\":{\"@id\":\"https:\/\/ocupacional.incdigital.com.br\/o-papel-das-empresas-no-combate-ao-coronavirus\/#breadcrumb\"},\"inLanguage\":\"pt-BR\",\"potentialAction\":[{\"@type\":\"ReadAction\",\"target\":[\"https:\/\/ocupacional.incdigital.com.br\/o-papel-das-empresas-no-combate-ao-coronavirus\/\"]}]},{\"@type\":\"ImageObject\",\"inLanguage\":\"pt-BR\",\"@id\":\"https:\/\/ocupacional.incdigital.com.br\/o-papel-das-empresas-no-combate-ao-coronavirus\/#primaryimage\",\"url\":\"https:\/\/ocupacional.com.br\/site\/wp-content\/uploads\/2020\/03\/O-papel-das-empresas-no-combate-ao-coronavirus.jpg\",\"contentUrl\":\"https:\/\/ocupacional.com.br\/site\/wp-content\/uploads\/2020\/03\/O-papel-das-empresas-no-combate-ao-coronavirus.jpg\",\"width\":600,\"height\":290,\"caption\":\"\"},{\"@type\":\"BreadcrumbList\",\"@id\":\"https:\/\/ocupacional.incdigital.com.br\/o-papel-das-empresas-no-combate-ao-coronavirus\/#breadcrumb\",\"itemListElement\":[{\"@type\":\"ListItem\",\"position\":1,\"name\":\"In\u00edcio\",\"item\":\"https:\/\/ocupacional.incdigital.com.br\/\"},{\"@type\":\"ListItem\",\"position\":2,\"name\":\"O papel das empresas no combate ao coronav\u00edrus\"}]},{\"@type\":\"WebSite\",\"@id\":\"https:\/\/ocupacional.com.br\/site\/#website\",\"url\":\"https:\/\/ocupacional.com.br\/site\/\",\"name\":\"Ocupacional\",\"description\":\"As obriga\u00e7\u00f5es de sa\u00fade e seguran\u00e7a do trabalho\\u2028da sua empresa sob total controle\",\"publisher\":{\"@id\":\"https:\/\/ocupacional.com.br\/site\/#organization\"},\"potentialAction\":[{\"@type\":\"SearchAction\",\"target\":{\"@type\":\"EntryPoint\",\"urlTemplate\":\"https:\/\/ocupacional.com.br\/site\/?s={search_term_string}\"},\"query-input\":{\"@type\":\"PropertyValueSpecification\",\"valueRequired\":true,\"valueName\":\"search_term_string\"}}],\"inLanguage\":\"pt-BR\"},{\"@type\":\"Organization\",\"@id\":\"https:\/\/ocupacional.com.br\/site\/#organization\",\"name\":\"Ocupacional\",\"url\":\"https:\/\/ocupacional.com.br\/site\/\",\"logo\":{\"@type\":\"ImageObject\",\"inLanguage\":\"pt-BR\",\"@id\":\"https:\/\/ocupacional.com.br\/site\/#\/schema\/logo\/image\/\",\"url\":\"https:\/\/ocupacional.com.br\/site\/wp-content\/uploads\/2021\/01\/logoocp-8.png\",\"contentUrl\":\"https:\/\/ocupacional.com.br\/site\/wp-content\/uploads\/2021\/01\/logoocp-8.png\",\"width\":704,\"height\":109,\"caption\":\"Ocupacional\"},\"image\":{\"@id\":\"https:\/\/ocupacional.com.br\/site\/#\/schema\/logo\/image\/\"}},{\"@type\":\"Person\",\"@id\":\"https:\/\/ocupacional.com.br\/site\/#\/schema\/person\/9614e9b9e3c9ec0ba39804d95b2691b7\",\"name\":\"Ocupacional\",\"image\":{\"@type\":\"ImageObject\",\"inLanguage\":\"pt-BR\",\"@id\":\"https:\/\/ocupacional.com.br\/site\/#\/schema\/person\/image\/\",\"url\":\"https:\/\/secure.gravatar.com\/avatar\/f703cebaf51466d6b9274b776e57c489?s=96&d=blank&r=g\",\"contentUrl\":\"https:\/\/secure.gravatar.com\/avatar\/f703cebaf51466d6b9274b776e57c489?s=96&d=blank&r=g\",\"caption\":\"Ocupacional\"},\"url\":\"https:\/\/ocupacional.com.br\/site\/author\/ocupacional\/\"}]}<\/script>\n<!-- \/ Yoast SEO plugin. -->","yoast_head_json":{"title":"O papel das empresas no combate ao coronav\u00edrus - Blog - Ocupacional","description":"Reunimos informa\u00e7\u00f5es de fontes confi\u00e1veis para que voc\u00ea entenda melhor como o v\u00edrus age e o que as empresas podem fazer para evitar os riscos de transmiss\u00e3o","robots":{"index":"index","follow":"follow","max-snippet":"max-snippet:-1","max-image-preview":"max-image-preview:large","max-video-preview":"max-video-preview:-1"},"canonical":"https:\/\/ocupacional.incdigital.com.br\/o-papel-das-empresas-no-combate-ao-coronavirus\/","og_locale":"pt_BR","og_type":"article","og_title":"O papel das empresas no combate ao coronav\u00edrus - Blog - Ocupacional","og_description":"Reunimos informa\u00e7\u00f5es de fontes confi\u00e1veis para que voc\u00ea entenda melhor como o v\u00edrus age e o que as empresas podem fazer para evitar os riscos de transmiss\u00e3o","og_url":"https:\/\/ocupacional.incdigital.com.br\/o-papel-das-empresas-no-combate-ao-coronavirus\/","og_site_name":"Ocupacional","article_published_time":"2020-03-06T17:48:34+00:00","article_modified_time":"2025-01-28T16:12:28+00:00","og_image":[{"width":600,"height":290,"url":"https:\/\/ocupacional.incdigital.com.br\/wp-content\/uploads\/2020\/03\/O-papel-das-empresas-no-combate-ao-coronavirus.jpg","type":"image\/jpeg"}],"author":"Ocupacional","twitter_card":"summary_large_image","twitter_misc":{"Escrito por":"Ocupacional","Est. tempo de leitura":"7 minutos"},"schema":{"@context":"https:\/\/schema.org","@graph":[{"@type":"Article","@id":"https:\/\/ocupacional.incdigital.com.br\/o-papel-das-empresas-no-combate-ao-coronavirus\/#article","isPartOf":{"@id":"https:\/\/ocupacional.incdigital.com.br\/o-papel-das-empresas-no-combate-ao-coronavirus\/"},"author":{"name":"Ocupacional","@id":"https:\/\/ocupacional.com.br\/site\/#\/schema\/person\/9614e9b9e3c9ec0ba39804d95b2691b7"},"headline":"O papel das empresas no combate ao coronav\u00edrus","datePublished":"2020-03-06T17:48:34+00:00","dateModified":"2025-01-28T16:12:28+00:00","mainEntityOfPage":{"@id":"https:\/\/ocupacional.incdigital.com.br\/o-papel-das-empresas-no-combate-ao-coronavirus\/"},"wordCount":1353,"publisher":{"@id":"https:\/\/ocupacional.com.br\/site\/#organization"},"image":{"@id":"https:\/\/ocupacional.incdigital.com.br\/o-papel-das-empresas-no-combate-ao-coronavirus\/#primaryimage"},"thumbnailUrl":"https:\/\/ocupacional.com.br\/site\/wp-content\/uploads\/2020\/03\/O-papel-das-empresas-no-combate-ao-coronavirus.jpg","articleSection":["Seguran\u00e7a do Trabalho"],"inLanguage":"pt-BR"},{"@type":"WebPage","@id":"https:\/\/ocupacional.incdigital.com.br\/o-papel-das-empresas-no-combate-ao-coronavirus\/","url":"https:\/\/ocupacional.incdigital.com.br\/o-papel-das-empresas-no-combate-ao-coronavirus\/","name":"O papel das empresas no combate ao coronav\u00edrus - Blog - Ocupacional","isPartOf":{"@id":"https:\/\/ocupacional.com.br\/site\/#website"},"primaryImageOfPage":{"@id":"https:\/\/ocupacional.incdigital.com.br\/o-papel-das-empresas-no-combate-ao-coronavirus\/#primaryimage"},"image":{"@id":"https:\/\/ocupacional.incdigital.com.br\/o-papel-das-empresas-no-combate-ao-coronavirus\/#primaryimage"},"thumbnailUrl":"https:\/\/ocupacional.com.br\/site\/wp-content\/uploads\/2020\/03\/O-papel-das-empresas-no-combate-ao-coronavirus.jpg","datePublished":"2020-03-06T17:48:34+00:00","dateModified":"2025-01-28T16:12:28+00:00","description":"Reunimos informa\u00e7\u00f5es de fontes confi\u00e1veis para que voc\u00ea entenda melhor como o v\u00edrus age e o que as empresas podem fazer para evitar os riscos de transmiss\u00e3o","breadcrumb":{"@id":"https:\/\/ocupacional.incdigital.com.br\/o-papel-das-empresas-no-combate-ao-coronavirus\/#breadcrumb"},"inLanguage":"pt-BR","potentialAction":[{"@type":"ReadAction","target":["https:\/\/ocupacional.incdigital.com.br\/o-papel-das-empresas-no-combate-ao-coronavirus\/"]}]},{"@type":"ImageObject","inLanguage":"pt-BR","@id":"https:\/\/ocupacional.incdigital.com.br\/o-papel-das-empresas-no-combate-ao-coronavirus\/#primaryimage","url":"https:\/\/ocupacional.com.br\/site\/wp-content\/uploads\/2020\/03\/O-papel-das-empresas-no-combate-ao-coronavirus.jpg","contentUrl":"https:\/\/ocupacional.com.br\/site\/wp-content\/uploads\/2020\/03\/O-papel-das-empresas-no-combate-ao-coronavirus.jpg","width":600,"height":290,"caption":""},{"@type":"BreadcrumbList","@id":"https:\/\/ocupacional.incdigital.com.br\/o-papel-das-empresas-no-combate-ao-coronavirus\/#breadcrumb","itemListElement":[{"@type":"ListItem","position":1,"name":"In\u00edcio","item":"https:\/\/ocupacional.incdigital.com.br\/"},{"@type":"ListItem","position":2,"name":"O papel das empresas no combate ao coronav\u00edrus"}]},{"@type":"WebSite","@id":"https:\/\/ocupacional.com.br\/site\/#website","url":"https:\/\/ocupacional.com.br\/site\/","name":"Ocupacional","description":"As obriga\u00e7\u00f5es de sa\u00fade e seguran\u00e7a do trabalho\u2028da sua empresa sob total controle","publisher":{"@id":"https:\/\/ocupacional.com.br\/site\/#organization"},"potentialAction":[{"@type":"SearchAction","target":{"@type":"EntryPoint","urlTemplate":"https:\/\/ocupacional.com.br\/site\/?s={search_term_string}"},"query-input":{"@type":"PropertyValueSpecification","valueRequired":true,"valueName":"search_term_string"}}],"inLanguage":"pt-BR"},{"@type":"Organization","@id":"https:\/\/ocupacional.com.br\/site\/#organization","name":"Ocupacional","url":"https:\/\/ocupacional.com.br\/site\/","logo":{"@type":"ImageObject","inLanguage":"pt-BR","@id":"https:\/\/ocupacional.com.br\/site\/#\/schema\/logo\/image\/","url":"https:\/\/ocupacional.com.br\/site\/wp-content\/uploads\/2021\/01\/logoocp-8.png","contentUrl":"https:\/\/ocupacional.com.br\/site\/wp-content\/uploads\/2021\/01\/logoocp-8.png","width":704,"height":109,"caption":"Ocupacional"},"image":{"@id":"https:\/\/ocupacional.com.br\/site\/#\/schema\/logo\/image\/"}},{"@type":"Person","@id":"https:\/\/ocupacional.com.br\/site\/#\/schema\/person\/9614e9b9e3c9ec0ba39804d95b2691b7","name":"Ocupacional","image":{"@type":"ImageObject","inLanguage":"pt-BR","@id":"https:\/\/ocupacional.com.br\/site\/#\/schema\/person\/image\/","url":"https:\/\/secure.gravatar.com\/avatar\/f703cebaf51466d6b9274b776e57c489?s=96&d=blank&r=g","contentUrl":"https:\/\/secure.gravatar.com\/avatar\/f703cebaf51466d6b9274b776e57c489?s=96&d=blank&r=g","caption":"Ocupacional"},"url":"https:\/\/ocupacional.com.br\/site\/author\/ocupacional\/"}]}},"_links":{"self":[{"href":"https:\/\/ocupacional.com.br\/site\/wp-json\/wp\/v2\/posts\/3251"}],"collection":[{"href":"https:\/\/ocupacional.com.br\/site\/wp-json\/wp\/v2\/posts"}],"about":[{"href":"https:\/\/ocupacional.com.br\/site\/wp-json\/wp\/v2\/types\/post"}],"author":[{"embeddable":true,"href":"https:\/\/ocupacional.com.br\/site\/wp-json\/wp\/v2\/users\/2"}],"replies":[{"embeddable":true,"href":"https:\/\/ocupacional.com.br\/site\/wp-json\/wp\/v2\/comments?post=3251"}],"version-history":[{"count":1,"href":"https:\/\/ocupacional.com.br\/site\/wp-json\/wp\/v2\/posts\/3251\/revisions"}],"predecessor-version":[{"id":11327,"href":"https:\/\/ocupacional.com.br\/site\/wp-json\/wp\/v2\/posts\/3251\/revisions\/11327"}],"wp:featuredmedia":[{"embeddable":true,"href":"https:\/\/ocupacional.com.br\/site\/wp-json\/wp\/v2\/media\/3254"}],"wp:attachment":[{"href":"https:\/\/ocupacional.com.br\/site\/wp-json\/wp\/v2\/media?parent=3251"}],"wp:term":[{"taxonomy":"category","embeddable":true,"href":"https:\/\/ocupacional.com.br\/site\/wp-json\/wp\/v2\/categories?post=3251"},{"taxonomy":"post_tag","embeddable":true,"href":"https:\/\/ocupacional.com.br\/site\/wp-json\/wp\/v2\/tags?post=3251"}],"curies":[{"name":"wp","href":"https:\/\/api.w.org\/{rel}","templated":true}]}}