{"id":3189,"date":"2019-10-31T12:35:33","date_gmt":"2019-10-31T12:35:33","guid":{"rendered":"https:\/\/www.ocupacional.com.br\/ocupacional\/?p=3189"},"modified":"2019-10-31T12:35:33","modified_gmt":"2019-10-31T12:35:33","slug":"sst-o-que-fazer-quando-a-empresa-e-notificada","status":"publish","type":"post","link":"https:\/\/ocupacional.com.br\/site\/sst-o-que-fazer-quando-a-empresa-e-notificada\/","title":{"rendered":"SST: o que fazer quando a empresa \u00e9 notificada?"},"content":{"rendered":"<p>\t\t\t\tPara garantir que a legisla\u00e7\u00e3o trabalhista brasileira seja seguida, \u00e9 preciso que o governo federal realize um trabalho constante de fiscaliza\u00e7\u00e3o das empresas. N\u00e3o se trata de uma mera desconfian\u00e7a de fraudes, mas sim uma forma de preservar a seguran\u00e7a e a sa\u00fade dos trabalhadores, de modo que eles possam realizar suas atividades de acordo com os par\u00e2metros de prote\u00e7\u00e3o estabelecidos.<\/p>\n<p>Ao se analisar as estat\u00edsticas disponibilizadas pelo governo federal, os n\u00fameros mostram porque esse trabalho \u00e9 necess\u00e1rio. Nos \u00faltimos 12 meses, a <a href=\"https:\/\/sit.trabalho.gov.br\/radar\/\" target=\"_blank\" rel=\"noopener noreferrer\">Secretaria de Inspe\u00e7\u00e3o do Trabalho<\/a> identificou 46.397 irregularidades de SST em Minas Gerais \u2013 mais de 120 por dia. Foram 21.348 autos de infra\u00e7\u00e3o emitidos, com impacto direto em 477.863 empregados. Os principais problemas encontrados est\u00e3o na contribui\u00e7\u00e3o do FGTS, em pontos observados durante a fiscaliza\u00e7\u00e3o e no registro do empregado ou na carteira de trabalho.<\/p>\n<p>E engana-se quem pensa que esse processo \u00e9 recente. Como retrata o estudo <a href=\"http:\/\/www.scielo.br\/scielo.php?script=sci_arttext&amp;pid=S0303-76572014000100086\" target=\"_blank\" rel=\"noopener noreferrer\"><em>Atua\u00e7\u00e3o do Minist\u00e9rio do Trabalho na fiscaliza\u00e7\u00e3o das condi\u00e7\u00f5es de seguran\u00e7a e sa\u00fade dos trabalhadores<\/em><\/a>, esse tipo de inspe\u00e7\u00e3o foi regulamentado pela Organiza\u00e7\u00e3o Internacional do Trabalho em 1947, pela Conven\u00e7\u00e3o n\u00ba 81. Dez anos depois, o mecanismo foi incorporado \u00e0 legisla\u00e7\u00e3o brasileira, mas extinto alguns anos depois com o in\u00edcio da ditadura militar. Somente ap\u00f3s esse per\u00edodo, em 1987, voltou a ser ratificada. Atualmente, est\u00e1 prevista na Constitui\u00e7\u00e3o Federal de 1988, que diz que \u00e9 atribui\u00e7\u00e3o exclusiva da Uni\u00e3o &#8220;organizar, manter e executar a inspe\u00e7\u00e3o do trabalho&#8221; (artigo 21, inciso XXIV).<\/p>\n<p>Nesse contexto, as empresas devem ficar atentas \u00e0s regras de Seguran\u00e7a e Sa\u00fade do Trabalho para evitar receber notifica\u00e7\u00f5es. Mas, se elas chegam, o que deve ser feito?<\/p>\n<h3>Tipos de notifica\u00e7\u00e3o<\/h3>\n<p>As <a href=\"https:\/\/www.ocupacional.com.br\/ocupacional\/conheca-as-normas-regulamentadoras-nrs\/\">Normas Regulamentadoras<\/a> s\u00e3o a principal legisla\u00e7\u00e3o utilizada para garantir a prote\u00e7\u00e3o dos trabalhadores brasileiros. Cada uma possui seus pr\u00f3prios par\u00e2metros de regulamenta\u00e7\u00e3o, mas todas t\u00eam um \u00fanico objetivo: prevenir acidentes e doen\u00e7as provocadas pelo trabalho. Elas funcionam como um norte para as a\u00e7\u00f5es das empresas, orientando quais s\u00e3o as a\u00e7\u00f5es necess\u00e1rias para tornar os ambientes laborais mais saud\u00e1veis e seguros.<\/p>\n<p>Quando a empresa n\u00e3o cumpre as determina\u00e7\u00f5es das NRs, corre o risco de ser notificada. O auditor tem a liberdade de avaliar os detalhes da opera\u00e7\u00e3o, determinar o cumprimento das obriga\u00e7\u00f5es trabalhistas e, caso necess\u00e1rio, aplicar uma puni\u00e7\u00e3o \u2013 com o prazo para que ela seja resolvida. Dentre as principais, est\u00e3o:<\/p>\n<ul>\n<li><strong>Advert\u00eancia:<\/strong> apenas um alerta para que a inconsist\u00eancia encontrada na fiscaliza\u00e7\u00e3o seja corrigida.<\/li>\n<li><strong>Multa:<\/strong> valor financeiro a ser pago ao governo, dependendo da gravidade da situa\u00e7\u00e3o avaliada.<\/li>\n<li><strong>Embargo:<\/strong> suspens\u00e3o por tempo indeterminado de uma obra ou atividade, podendo ser total ou parcial.<\/li>\n<li><strong>Interdi\u00e7\u00e3o:<\/strong> paraliza\u00e7\u00e3o de uma m\u00e1quina, setor ou de toda a empresa em decorr\u00eancia de uma irregularidade encontrada.<\/li>\n<\/ul>\n<h3>Como regularizar sua empresa?<\/h3>\n<p>A forma mais simples de evitar que sua empresa seja notificada \u00e9 respeitar as regras de Seguran\u00e7a e Sa\u00fade do Trabalho. Para isso, dois documentos s\u00e3o fundamentais: o Programa de Preven\u00e7\u00e3o de Riscos Ambientais (PPRA) e o Programa de Controle M\u00e9dico de Sa\u00fade Ocupacional (PCMSO).<\/p>\n<p>J\u00e1 falamos bastante dos dois em nosso blog, mas, em linhas gerais, eles abordam os principais aspectos relativos \u00e0 \u00e1rea de SST. S\u00e3o eles que delimitam os riscos ocupacionais presentes nas atividades realizadas, os procedimentos de seguran\u00e7a que devem ser seguidos e os exames m\u00e9dicos que precisam ser realizados. E tudo isso \u00e9 feito pensando apenas no bem-estar do trabalhador, eliminando riscos e garantindo a produtividade e seguran\u00e7a de todos.<\/p>\n<p><a class=\"btn\" style=\"color: #fff; width: auto;\" href=\"https:\/\/www.ocupacional.com.br\/ocupacional\/saiba-mais-sobre-a-importancia-do-programa-de-prevencao-de-riscos-ambientais-ppra-e-do-programa-de-controle-medico-de-saude-ocupacional-pcmso\/\">Saiba mais sobre a import\u00e2ncia do PPRA e do PCMSO<\/a><\/p>\n<p>Al\u00e9m disso, as empresas tamb\u00e9m devem se atentar a programas espec\u00edficos que devem ser desenvolvidos, de acordo com a atividade realizada. Na constru\u00e7\u00e3o civil, por exemplo, \u00e9 obrigat\u00f3rio o Programa de Condi\u00e7\u00f5es e Meio Ambiente de Trabalho (PCMAT). J\u00e1 a minera\u00e7\u00e3o exige o Programa de Gerenciamento de Riscos (PGR) e as empresas que atuam com ru\u00eddos devem seguir o Programa de Controle Auditivo (PCA).<\/p>\n<p>Tamb\u00e9m cabe \u00e0s empresas:<\/p>\n<ul>\n<li>Informar aos trabalhadores sobre os riscos existentes nas atividades realizadas;<\/li>\n<li>Realizar capacita\u00e7\u00f5es para instruir os trabalhadores;<\/li>\n<li>Encontrar formas de eliminar ou, quando n\u00e3o for poss\u00edvel, de reduzir os riscos ambientais;<\/li>\n<li>Incentivar o uso correto dos Equipamentos de Prote\u00e7\u00e3o Individual (EPIs).<\/li>\n<\/ul>\n<h3>Consultoria em SST<\/h3>\n<p>Al\u00e9m e evitar as notifica\u00e7\u00f5es da Secretaria do Trabalho, uma empresa regularizada pode participar de licita\u00e7\u00f5es e concorr\u00eancias sem entraves burocr\u00e1ticos, al\u00e9m de manter uma equipe motivada, saud\u00e1vel e produtiva. Para isso, por\u00e9m, \u00e9 importante contar com o aux\u00edlio de quem j\u00e1 tem experi\u00eancia de mercado na \u00e1rea de SST. A Ocupacional oferece uma consultoria completa para a sua empresa, de modo a analisar toda a situa\u00e7\u00e3o atual e o que deve ser feito para prevenir multas e, principalmente, acidentes. Fa\u00e7a um or\u00e7amento e veja como podemos te ajudar!<\/p>\n<p><a class=\"btn\" style=\"color: #fff; width: auto;\" href=\"https:\/\/www.ocupacional.com.br\/ocupacional\/solicite-uma-proposta\/\">Solicite uma proposta<\/a>\t\t<\/p>\n","protected":false},"excerpt":{"rendered":"<p>\t\t\t\tAs empresas devem ficar atentas \u00e0s regras de SST para evitar receber notifica\u00e7\u00f5es. Mas, se elas chegam, o que deve ser feito? Leia e entenda.\t\t<\/p>\n","protected":false},"author":2,"featured_media":3188,"comment_status":"closed","ping_status":"open","sticky":false,"template":"","format":"standard","meta":{"_acf_changed":false,"inline_featured_image":false,"footnotes":""},"categories":[41],"tags":[],"acf":[],"yoast_head":"<!-- This site is optimized with the Yoast SEO plugin v24.5 - https:\/\/yoast.com\/wordpress\/plugins\/seo\/ -->\n<title>SST: o que fazer quando a empresa \u00e9 notificada? - Blog - Ocupacional<\/title>\n<meta name=\"description\" content=\"As empresas devem ficar atentas \u00e0s regras de SST para evitar receber notifica\u00e7\u00f5es. Mas, se elas chegam, o que deve ser feito? Leia e entenda.\" \/>\n<meta name=\"robots\" content=\"index, follow, max-snippet:-1, max-image-preview:large, max-video-preview:-1\" \/>\n<link rel=\"canonical\" href=\"https:\/\/ocupacional.incdigital.com.br\/sst-o-que-fazer-quando-a-empresa-e-notificada\/\" \/>\n<meta property=\"og:locale\" content=\"pt_BR\" \/>\n<meta property=\"og:type\" content=\"article\" \/>\n<meta property=\"og:title\" content=\"SST: o que fazer quando a empresa \u00e9 notificada? - Blog - Ocupacional\" \/>\n<meta property=\"og:description\" content=\"As empresas devem ficar atentas \u00e0s regras de SST para evitar receber notifica\u00e7\u00f5es. Mas, se elas chegam, o que deve ser feito? Leia e entenda.\" \/>\n<meta property=\"og:url\" content=\"https:\/\/ocupacional.incdigital.com.br\/sst-o-que-fazer-quando-a-empresa-e-notificada\/\" \/>\n<meta property=\"og:site_name\" content=\"Ocupacional\" \/>\n<meta property=\"article:published_time\" content=\"2019-10-31T12:35:33+00:00\" \/>\n<meta property=\"og:image\" content=\"https:\/\/ocupacional.com.br\/site\/wp-content\/uploads\/2019\/10\/SST-o-que-fazer-quando-a-empresa-e-notificada.jpg\" \/>\n\t<meta property=\"og:image:width\" content=\"600\" \/>\n\t<meta property=\"og:image:height\" content=\"270\" \/>\n\t<meta property=\"og:image:type\" content=\"image\/jpeg\" \/>\n<meta name=\"author\" content=\"Ocupacional\" \/>\n<meta name=\"twitter:card\" content=\"summary_large_image\" \/>\n<meta name=\"twitter:label1\" content=\"Escrito por\" \/>\n\t<meta name=\"twitter:data1\" content=\"Ocupacional\" \/>\n\t<meta name=\"twitter:label2\" content=\"Est. tempo de leitura\" \/>\n\t<meta name=\"twitter:data2\" content=\"4 minutos\" \/>\n<script type=\"application\/ld+json\" class=\"yoast-schema-graph\">{\"@context\":\"https:\/\/schema.org\",\"@graph\":[{\"@type\":\"Article\",\"@id\":\"https:\/\/ocupacional.incdigital.com.br\/sst-o-que-fazer-quando-a-empresa-e-notificada\/#article\",\"isPartOf\":{\"@id\":\"https:\/\/ocupacional.incdigital.com.br\/sst-o-que-fazer-quando-a-empresa-e-notificada\/\"},\"author\":{\"name\":\"Ocupacional\",\"@id\":\"https:\/\/ocupacional.com.br\/site\/#\/schema\/person\/9614e9b9e3c9ec0ba39804d95b2691b7\"},\"headline\":\"SST: o que fazer quando a empresa \u00e9 notificada?\",\"datePublished\":\"2019-10-31T12:35:33+00:00\",\"mainEntityOfPage\":{\"@id\":\"https:\/\/ocupacional.incdigital.com.br\/sst-o-que-fazer-quando-a-empresa-e-notificada\/\"},\"wordCount\":866,\"publisher\":{\"@id\":\"https:\/\/ocupacional.com.br\/site\/#organization\"},\"image\":{\"@id\":\"https:\/\/ocupacional.incdigital.com.br\/sst-o-que-fazer-quando-a-empresa-e-notificada\/#primaryimage\"},\"thumbnailUrl\":\"https:\/\/ocupacional.com.br\/site\/wp-content\/uploads\/2019\/10\/SST-o-que-fazer-quando-a-empresa-e-notificada.jpg\",\"articleSection\":[\"Gest\u00e3o Ocupacional\"],\"inLanguage\":\"pt-BR\"},{\"@type\":\"WebPage\",\"@id\":\"https:\/\/ocupacional.incdigital.com.br\/sst-o-que-fazer-quando-a-empresa-e-notificada\/\",\"url\":\"https:\/\/ocupacional.incdigital.com.br\/sst-o-que-fazer-quando-a-empresa-e-notificada\/\",\"name\":\"SST: o que fazer quando a empresa \u00e9 notificada? - Blog - Ocupacional\",\"isPartOf\":{\"@id\":\"https:\/\/ocupacional.com.br\/site\/#website\"},\"primaryImageOfPage\":{\"@id\":\"https:\/\/ocupacional.incdigital.com.br\/sst-o-que-fazer-quando-a-empresa-e-notificada\/#primaryimage\"},\"image\":{\"@id\":\"https:\/\/ocupacional.incdigital.com.br\/sst-o-que-fazer-quando-a-empresa-e-notificada\/#primaryimage\"},\"thumbnailUrl\":\"https:\/\/ocupacional.com.br\/site\/wp-content\/uploads\/2019\/10\/SST-o-que-fazer-quando-a-empresa-e-notificada.jpg\",\"datePublished\":\"2019-10-31T12:35:33+00:00\",\"description\":\"As empresas devem ficar atentas \u00e0s regras de SST para evitar receber notifica\u00e7\u00f5es. Mas, se elas chegam, o que deve ser feito? Leia e entenda.\",\"breadcrumb\":{\"@id\":\"https:\/\/ocupacional.incdigital.com.br\/sst-o-que-fazer-quando-a-empresa-e-notificada\/#breadcrumb\"},\"inLanguage\":\"pt-BR\",\"potentialAction\":[{\"@type\":\"ReadAction\",\"target\":[\"https:\/\/ocupacional.incdigital.com.br\/sst-o-que-fazer-quando-a-empresa-e-notificada\/\"]}]},{\"@type\":\"ImageObject\",\"inLanguage\":\"pt-BR\",\"@id\":\"https:\/\/ocupacional.incdigital.com.br\/sst-o-que-fazer-quando-a-empresa-e-notificada\/#primaryimage\",\"url\":\"https:\/\/ocupacional.com.br\/site\/wp-content\/uploads\/2019\/10\/SST-o-que-fazer-quando-a-empresa-e-notificada.jpg\",\"contentUrl\":\"https:\/\/ocupacional.com.br\/site\/wp-content\/uploads\/2019\/10\/SST-o-que-fazer-quando-a-empresa-e-notificada.jpg\",\"width\":600,\"height\":270,\"caption\":\"\"},{\"@type\":\"BreadcrumbList\",\"@id\":\"https:\/\/ocupacional.incdigital.com.br\/sst-o-que-fazer-quando-a-empresa-e-notificada\/#breadcrumb\",\"itemListElement\":[{\"@type\":\"ListItem\",\"position\":1,\"name\":\"In\u00edcio\",\"item\":\"https:\/\/ocupacional.incdigital.com.br\/\"},{\"@type\":\"ListItem\",\"position\":2,\"name\":\"SST: o que fazer quando a empresa \u00e9 notificada?\"}]},{\"@type\":\"WebSite\",\"@id\":\"https:\/\/ocupacional.com.br\/site\/#website\",\"url\":\"https:\/\/ocupacional.com.br\/site\/\",\"name\":\"Ocupacional\",\"description\":\"As obriga\u00e7\u00f5es de sa\u00fade e seguran\u00e7a do trabalho\\u2028da sua empresa sob total controle\",\"publisher\":{\"@id\":\"https:\/\/ocupacional.com.br\/site\/#organization\"},\"potentialAction\":[{\"@type\":\"SearchAction\",\"target\":{\"@type\":\"EntryPoint\",\"urlTemplate\":\"https:\/\/ocupacional.com.br\/site\/?s={search_term_string}\"},\"query-input\":{\"@type\":\"PropertyValueSpecification\",\"valueRequired\":true,\"valueName\":\"search_term_string\"}}],\"inLanguage\":\"pt-BR\"},{\"@type\":\"Organization\",\"@id\":\"https:\/\/ocupacional.com.br\/site\/#organization\",\"name\":\"Ocupacional\",\"url\":\"https:\/\/ocupacional.com.br\/site\/\",\"logo\":{\"@type\":\"ImageObject\",\"inLanguage\":\"pt-BR\",\"@id\":\"https:\/\/ocupacional.com.br\/site\/#\/schema\/logo\/image\/\",\"url\":\"https:\/\/ocupacional.com.br\/site\/wp-content\/uploads\/2021\/01\/logoocp-8.png\",\"contentUrl\":\"https:\/\/ocupacional.com.br\/site\/wp-content\/uploads\/2021\/01\/logoocp-8.png\",\"width\":704,\"height\":109,\"caption\":\"Ocupacional\"},\"image\":{\"@id\":\"https:\/\/ocupacional.com.br\/site\/#\/schema\/logo\/image\/\"}},{\"@type\":\"Person\",\"@id\":\"https:\/\/ocupacional.com.br\/site\/#\/schema\/person\/9614e9b9e3c9ec0ba39804d95b2691b7\",\"name\":\"Ocupacional\",\"image\":{\"@type\":\"ImageObject\",\"inLanguage\":\"pt-BR\",\"@id\":\"https:\/\/ocupacional.com.br\/site\/#\/schema\/person\/image\/\",\"url\":\"https:\/\/secure.gravatar.com\/avatar\/f703cebaf51466d6b9274b776e57c489?s=96&d=blank&r=g\",\"contentUrl\":\"https:\/\/secure.gravatar.com\/avatar\/f703cebaf51466d6b9274b776e57c489?s=96&d=blank&r=g\",\"caption\":\"Ocupacional\"},\"url\":\"https:\/\/ocupacional.com.br\/site\/author\/ocupacional\/\"}]}<\/script>\n<!-- \/ Yoast SEO plugin. -->","yoast_head_json":{"title":"SST: o que fazer quando a empresa \u00e9 notificada? - Blog - Ocupacional","description":"As empresas devem ficar atentas \u00e0s regras de SST para evitar receber notifica\u00e7\u00f5es. Mas, se elas chegam, o que deve ser feito? Leia e entenda.","robots":{"index":"index","follow":"follow","max-snippet":"max-snippet:-1","max-image-preview":"max-image-preview:large","max-video-preview":"max-video-preview:-1"},"canonical":"https:\/\/ocupacional.incdigital.com.br\/sst-o-que-fazer-quando-a-empresa-e-notificada\/","og_locale":"pt_BR","og_type":"article","og_title":"SST: o que fazer quando a empresa \u00e9 notificada? - Blog - Ocupacional","og_description":"As empresas devem ficar atentas \u00e0s regras de SST para evitar receber notifica\u00e7\u00f5es. Mas, se elas chegam, o que deve ser feito? Leia e entenda.","og_url":"https:\/\/ocupacional.incdigital.com.br\/sst-o-que-fazer-quando-a-empresa-e-notificada\/","og_site_name":"Ocupacional","article_published_time":"2019-10-31T12:35:33+00:00","og_image":[{"width":600,"height":270,"url":"https:\/\/ocupacional.com.br\/site\/wp-content\/uploads\/2019\/10\/SST-o-que-fazer-quando-a-empresa-e-notificada.jpg","type":"image\/jpeg"}],"author":"Ocupacional","twitter_card":"summary_large_image","twitter_misc":{"Escrito por":"Ocupacional","Est. tempo de leitura":"4 minutos"},"schema":{"@context":"https:\/\/schema.org","@graph":[{"@type":"Article","@id":"https:\/\/ocupacional.incdigital.com.br\/sst-o-que-fazer-quando-a-empresa-e-notificada\/#article","isPartOf":{"@id":"https:\/\/ocupacional.incdigital.com.br\/sst-o-que-fazer-quando-a-empresa-e-notificada\/"},"author":{"name":"Ocupacional","@id":"https:\/\/ocupacional.com.br\/site\/#\/schema\/person\/9614e9b9e3c9ec0ba39804d95b2691b7"},"headline":"SST: o que fazer quando a empresa \u00e9 notificada?","datePublished":"2019-10-31T12:35:33+00:00","mainEntityOfPage":{"@id":"https:\/\/ocupacional.incdigital.com.br\/sst-o-que-fazer-quando-a-empresa-e-notificada\/"},"wordCount":866,"publisher":{"@id":"https:\/\/ocupacional.com.br\/site\/#organization"},"image":{"@id":"https:\/\/ocupacional.incdigital.com.br\/sst-o-que-fazer-quando-a-empresa-e-notificada\/#primaryimage"},"thumbnailUrl":"https:\/\/ocupacional.com.br\/site\/wp-content\/uploads\/2019\/10\/SST-o-que-fazer-quando-a-empresa-e-notificada.jpg","articleSection":["Gest\u00e3o Ocupacional"],"inLanguage":"pt-BR"},{"@type":"WebPage","@id":"https:\/\/ocupacional.incdigital.com.br\/sst-o-que-fazer-quando-a-empresa-e-notificada\/","url":"https:\/\/ocupacional.incdigital.com.br\/sst-o-que-fazer-quando-a-empresa-e-notificada\/","name":"SST: o que fazer quando a empresa \u00e9 notificada? - Blog - Ocupacional","isPartOf":{"@id":"https:\/\/ocupacional.com.br\/site\/#website"},"primaryImageOfPage":{"@id":"https:\/\/ocupacional.incdigital.com.br\/sst-o-que-fazer-quando-a-empresa-e-notificada\/#primaryimage"},"image":{"@id":"https:\/\/ocupacional.incdigital.com.br\/sst-o-que-fazer-quando-a-empresa-e-notificada\/#primaryimage"},"thumbnailUrl":"https:\/\/ocupacional.com.br\/site\/wp-content\/uploads\/2019\/10\/SST-o-que-fazer-quando-a-empresa-e-notificada.jpg","datePublished":"2019-10-31T12:35:33+00:00","description":"As empresas devem ficar atentas \u00e0s regras de SST para evitar receber notifica\u00e7\u00f5es. Mas, se elas chegam, o que deve ser feito? Leia e entenda.","breadcrumb":{"@id":"https:\/\/ocupacional.incdigital.com.br\/sst-o-que-fazer-quando-a-empresa-e-notificada\/#breadcrumb"},"inLanguage":"pt-BR","potentialAction":[{"@type":"ReadAction","target":["https:\/\/ocupacional.incdigital.com.br\/sst-o-que-fazer-quando-a-empresa-e-notificada\/"]}]},{"@type":"ImageObject","inLanguage":"pt-BR","@id":"https:\/\/ocupacional.incdigital.com.br\/sst-o-que-fazer-quando-a-empresa-e-notificada\/#primaryimage","url":"https:\/\/ocupacional.com.br\/site\/wp-content\/uploads\/2019\/10\/SST-o-que-fazer-quando-a-empresa-e-notificada.jpg","contentUrl":"https:\/\/ocupacional.com.br\/site\/wp-content\/uploads\/2019\/10\/SST-o-que-fazer-quando-a-empresa-e-notificada.jpg","width":600,"height":270,"caption":""},{"@type":"BreadcrumbList","@id":"https:\/\/ocupacional.incdigital.com.br\/sst-o-que-fazer-quando-a-empresa-e-notificada\/#breadcrumb","itemListElement":[{"@type":"ListItem","position":1,"name":"In\u00edcio","item":"https:\/\/ocupacional.incdigital.com.br\/"},{"@type":"ListItem","position":2,"name":"SST: o que fazer quando a empresa \u00e9 notificada?"}]},{"@type":"WebSite","@id":"https:\/\/ocupacional.com.br\/site\/#website","url":"https:\/\/ocupacional.com.br\/site\/","name":"Ocupacional","description":"As obriga\u00e7\u00f5es de sa\u00fade e seguran\u00e7a do trabalho\u2028da sua empresa sob total controle","publisher":{"@id":"https:\/\/ocupacional.com.br\/site\/#organization"},"potentialAction":[{"@type":"SearchAction","target":{"@type":"EntryPoint","urlTemplate":"https:\/\/ocupacional.com.br\/site\/?s={search_term_string}"},"query-input":{"@type":"PropertyValueSpecification","valueRequired":true,"valueName":"search_term_string"}}],"inLanguage":"pt-BR"},{"@type":"Organization","@id":"https:\/\/ocupacional.com.br\/site\/#organization","name":"Ocupacional","url":"https:\/\/ocupacional.com.br\/site\/","logo":{"@type":"ImageObject","inLanguage":"pt-BR","@id":"https:\/\/ocupacional.com.br\/site\/#\/schema\/logo\/image\/","url":"https:\/\/ocupacional.com.br\/site\/wp-content\/uploads\/2021\/01\/logoocp-8.png","contentUrl":"https:\/\/ocupacional.com.br\/site\/wp-content\/uploads\/2021\/01\/logoocp-8.png","width":704,"height":109,"caption":"Ocupacional"},"image":{"@id":"https:\/\/ocupacional.com.br\/site\/#\/schema\/logo\/image\/"}},{"@type":"Person","@id":"https:\/\/ocupacional.com.br\/site\/#\/schema\/person\/9614e9b9e3c9ec0ba39804d95b2691b7","name":"Ocupacional","image":{"@type":"ImageObject","inLanguage":"pt-BR","@id":"https:\/\/ocupacional.com.br\/site\/#\/schema\/person\/image\/","url":"https:\/\/secure.gravatar.com\/avatar\/f703cebaf51466d6b9274b776e57c489?s=96&d=blank&r=g","contentUrl":"https:\/\/secure.gravatar.com\/avatar\/f703cebaf51466d6b9274b776e57c489?s=96&d=blank&r=g","caption":"Ocupacional"},"url":"https:\/\/ocupacional.com.br\/site\/author\/ocupacional\/"}]}},"_links":{"self":[{"href":"https:\/\/ocupacional.com.br\/site\/wp-json\/wp\/v2\/posts\/3189"}],"collection":[{"href":"https:\/\/ocupacional.com.br\/site\/wp-json\/wp\/v2\/posts"}],"about":[{"href":"https:\/\/ocupacional.com.br\/site\/wp-json\/wp\/v2\/types\/post"}],"author":[{"embeddable":true,"href":"https:\/\/ocupacional.com.br\/site\/wp-json\/wp\/v2\/users\/2"}],"replies":[{"embeddable":true,"href":"https:\/\/ocupacional.com.br\/site\/wp-json\/wp\/v2\/comments?post=3189"}],"version-history":[{"count":0,"href":"https:\/\/ocupacional.com.br\/site\/wp-json\/wp\/v2\/posts\/3189\/revisions"}],"wp:featuredmedia":[{"embeddable":true,"href":"https:\/\/ocupacional.com.br\/site\/wp-json\/wp\/v2\/media\/3188"}],"wp:attachment":[{"href":"https:\/\/ocupacional.com.br\/site\/wp-json\/wp\/v2\/media?parent=3189"}],"wp:term":[{"taxonomy":"category","embeddable":true,"href":"https:\/\/ocupacional.com.br\/site\/wp-json\/wp\/v2\/categories?post=3189"},{"taxonomy":"post_tag","embeddable":true,"href":"https:\/\/ocupacional.com.br\/site\/wp-json\/wp\/v2\/tags?post=3189"}],"curies":[{"name":"wp","href":"https:\/\/api.w.org\/{rel}","templated":true}]}}