{"id":2832,"date":"2018-10-22T19:12:09","date_gmt":"2018-10-22T19:12:09","guid":{"rendered":"https:\/\/www.ocupacional.com.br\/ocupacional\/?p=2832"},"modified":"2018-10-22T19:12:09","modified_gmt":"2018-10-22T19:12:09","slug":"importancia-das-empresas-para-prevencao-do-cancer-de-mama","status":"publish","type":"post","link":"https:\/\/ocupacional.com.br\/site\/importancia-das-empresas-para-prevencao-do-cancer-de-mama\/","title":{"rendered":"Import\u00e2ncia das empresas para preven\u00e7\u00e3o do c\u00e2ncer de mama"},"content":{"rendered":"<p>A celebra\u00e7\u00e3o do Outubro Rosa come\u00e7ou a ser realizada no Brasil em 2002 e, desde ent\u00e3o, as empresas t\u00eam trabalhado para criar campanhas de preven\u00e7\u00e3o ao c\u00e2ncer de mama internas e externas cada vez mais efetivas. A cor rosa e o la\u00e7o j\u00e1 s\u00e3o marcas registradas do programa e utilizadas por todos. Mas o que mais pode ser feito para prevenir e, principalmente, contribuir de forma efetiva com o bem-estar dos funcion\u00e1rios?<\/p>\n<p>Empatia e naturalidade s\u00e3o importantes para qualquer empresa que lida com um caso de c\u00e2ncer de mama. Um exemplo positivo \u00e9 o de Nilce de Pastina, diagnosticada com a doen\u00e7a em agosto de 2012. Ela decidiu n\u00e3o parar de trabalhar enquanto fazia o tratamento e a companhia em que estava fez tudo o poss\u00edvel para deix\u00e1-la o mais confort\u00e1vel poss\u00edvel com a situa\u00e7\u00e3o. Leia o relato completo no site <a href=\"http:\/\/blog.staplesjeitocerto.com.br\/outubro-rosa-a-relacao-entre-o-cancer-de-mama-e-o-trabalho\/\" target=\"_blank\" rel=\"noopener\">Staples \u2013 Jeito Certo<\/a>.<\/p>\n<p>Al\u00e9m de orientar os demais funcion\u00e1rios e oferecer o suporte necess\u00e1rio \u00e0 pessoa doente, as empresas tamb\u00e9m podem realizar uma s\u00e9rie de a\u00e7\u00f5es para estimular a preven\u00e7\u00e3o:<\/p>\n<p style=\"padding-left: 30px;\"><strong>1. Comunica\u00e7\u00e3o interna:<\/strong> \u00e9 uma ferramenta essencial para qualquer empresa, pela qual podem ser transmitidos comunicados informativos por diversos meios;<\/p>\n<p style=\"padding-left: 30px;\"><strong>2. A\u00e7\u00f5es de endomarketing:<\/strong> s\u00e3o atividades para contribuir com a dissemina\u00e7\u00e3o de uma ideia, de modo a fix\u00e1-la na cabe\u00e7a dos colaboradores. A forma como isso ser\u00e1 feito varia bastante de empresa para empresa, mas algumas a\u00e7\u00f5es s\u00e3o bem comuns \u2013 como a distribui\u00e7\u00e3o de la\u00e7os rosas, camisas e materiais com o s\u00edmbolo da campanha. H\u00e1 empresas, por exemplo, que liberam a mulher durante o hor\u00e1rio de expediente para que ela possa realizar os exames devidos.<\/p>\n<p style=\"padding-left: 30px;\"><strong>3. Eventos de sa\u00fade:<\/strong> debates, palestras e atividades ao ar livre \u2013 como caminhadas e treinos funcionais \u2013 tamb\u00e9m contribuem para estimular os funcion\u00e1rios. A presen\u00e7a de um profissional de sa\u00fade ou um educador f\u00edsico ainda contribui para oferecer informa\u00e7\u00f5es sobre h\u00e1bitos saud\u00e1veis, um dos fatores de preven\u00e7\u00e3o do c\u00e2ncer de mama.<\/p>\n<p>O mais importante, por\u00e9m, \u00e9 que a institui\u00e7\u00e3o encontre meios de informar seus colabores sobre o risco da doen\u00e7a e estimule a realiza\u00e7\u00e3o dos exames preventivos. O <a href=\"https:\/\/www.catho.com.br\/carreira-sucesso\/colunistas\/noticias\/tendencias\/outubro-rosa-e-o-envolvimento-das-empresas\/\" target=\"_blank\" rel=\"noopener\">blog da empresa de recrutamento Catho<\/a> reuniu uma s\u00e9rie de companhias que possuem a\u00e7\u00f5es consolidadas para o Outubro Rosa e mostrou o que elas fazem na pr\u00e1tica. Como o texto mostra, a forma como isso \u00e9 desenvolvida pode variar bastante. O objetivo, por\u00e9m, deve sempre permanecer o mesmo: garantir a sa\u00fade de todos.<\/p>\n<h3>Em n\u00fameros<\/h3>\n<p>O c\u00e2ncer de mama \u00e9 o segundo mais frequente entre mulheres. De acordo com a World Health Organization, foram registrados aproximadamente 1,7 milh\u00f5es de novos casos, o equivalente a 25% do total de incid\u00eancias no mundo em 2012. Ao todo, foram 522 mil \u00f3bitos naquele ano \u2013 a quinta maior causa de morte por c\u00e2ncer em geral e a mais frequente entre o p\u00fablico feminino.<\/p>\n<p>O cen\u00e1rio brasileiro n\u00e3o difere do internacional. O&nbsp;<a href=\"http:\/\/www2.inca.gov.br\/wps\/wcm\/connect\/acoes_programas\/site\/home\/nobrasil\/programa_controle_cancer_mama\/conceito_magnitude\">Instituto Nacional do C\u00e2ncer Jos\u00e9 Alencar Gomes da Silva<\/a> (Inca) prev\u00ea que 59.700 casos ser\u00e3o registrados apenas em 2018, em uma taxa de 51,29 novas incid\u00eancias a cada 100 mil mulheres. Os \u00f3bitos por c\u00e2ncer de mama tamb\u00e9m ocupam o primeiro lugar no pa\u00eds \u2013 15,7% do total de mortes pela doen\u00e7a e 13,68 \u00f3bitos\/100 mil mulheres.<\/p>\n<figure id=\"attachment_2833\" aria-describedby=\"caption-attachment-2833\" style=\"width: 574px\" class=\"wp-caption alignnone\"><img fetchpriority=\"high\" decoding=\"async\" class=\"size-full wp-image-2833\" src=\"https:\/\/www.ocupacional.com.br\/ocupacional\/wp-content\/uploads\/ca_fxetaria_2015.jpg\" alt=\"Taxa de mortalidade por c\u00e2ncer de mama feminino\" width=\"574\" height=\"356\"><figcaption id=\"caption-attachment-2833\" class=\"wp-caption-text\">Taxa de mortalidade por c\u00e2ncer de mama feminino<\/figcaption><\/figure>\n<h6><strong>Fonte:<\/strong> Sistema de Informa\u00e7\u00e3o de mortalidade\/Datasus<\/h6>\n<h3>Fatores de risco<\/h3>\n<p>N\u00e3o h\u00e1 apenas uma causa para o surgimento do c\u00e2ncer de mama, embora a idade seja um fator determinante \u2013 quatro entre cada cinco casos ocorrem ap\u00f3s os 50 anos. Mas tamb\u00e9m \u00e9 preciso ficar atento aos outros fatores de risco:<\/p>\n<p style=\"padding-left: 30px;\">\u2022 Ter a primeira menstrua\u00e7\u00e3o cedo, antes dos 12 anos.<br \/>\n\u2022 N\u00e3o ter filhos.<br \/>\n\u2022 Primeira gravidez tardia, ap\u00f3s os 30 anos.<br \/>\n\u2022 N\u00e3o amamentar o beb\u00ea.<br \/>\n\u2022 Menopausa: parar de menstruar ap\u00f3s os 55 anos ou estar acima do peso.<br \/>\n\u2022 Uso de m\u00e9todos contraceptivos hormonais, como estrog\u00eanio e progesterona.<br \/>\n\u2022 Hist\u00f3rico na fam\u00edlia.<br \/>\n\u2022 Altera\u00e7\u00e3o gen\u00e9tica, principalmente nos genes BRC1 e BRC2.<br \/>\n\u2022 Sedentarismo.<br \/>\n\u2022 Consumo de bebidas alco\u00f3licas.<br \/>\n\u2022 Exposi\u00e7\u00e3o frequente a raio x.<\/p>\n<h3>Preven\u00e7\u00e3o<\/h3>\n<p>A manuten\u00e7\u00e3o de h\u00e1bitos saud\u00e1veis contribui para a preven\u00e7\u00e3o de pelo menos 30% dos casos de c\u00e2ncer de mama:<\/p>\n<p style=\"padding-left: 30px;\">\u2022 Manter o peso corporal dentro dos limites<br \/>\n\u2022 Buscar uma alimenta\u00e7\u00e3o saud\u00e1vel no dia a dia<br \/>\n\u2022 Praticar atividades f\u00edsicas regulares<br \/>\n\u2022 Amamentar o beb\u00ea.<br \/>\n\u2022 Evitar consumo de bebidas alco\u00f3licas.<\/p>\n<p>Como a doen\u00e7a pode ser detectada ainda nas fases iniciais, aumentam as chances de cura no caso de um diagn\u00f3stico precoce. Para isso, as mulheres devem conhecer muito bem os seus corpos. Ao notar qualquer altera\u00e7\u00e3o nas mamas, elas devem averiguar junto a um m\u00e9dico especialista.<\/p>\n<p>Mulheres entre 50 e 69 anos tamb\u00e9m contam o aux\u00edlio da mamografia de rastreamento. Ela deve ser feita a cada dois anos para prevenir o surgimento do c\u00e2ncer ou de seus primeiros sintomas.<\/p>\n<p>Para mais informa\u00e7\u00f5es, consulte os seguintes materiais de apoio:<br \/>\n-&gt; <a href=\"http:\/\/www1.inca.gov.br\/inca\/Arquivos\/Cartilha_cancer_de_mama_vamos_falar_sobre_isso2016_web.pdf\" target=\"_blank\" rel=\"noopener\">Cartilha C\u00e2ncer de Mama: \u00e9 preciso falar sobre isso<\/a><br \/>\n-&gt;&nbsp;<a href=\"http:\/\/www.inca.gov.br\/outubro-rosa\/\" target=\"_blank\" rel=\"noopener\">Instituto Nacional do C\u00e2ncer<\/a><\/p>\n","protected":false},"excerpt":{"rendered":"<p>\t\t\t\tDesde que se come\u00e7ou a falar em Outubro Rosa, as empresas t\u00eam trabalhado para criar campanhas de preven\u00e7\u00e3o internas e externas cada vez mais efetivas. Entenda.\t\t<\/p>\n","protected":false},"author":2,"featured_media":7524,"comment_status":"closed","ping_status":"open","sticky":false,"template":"","format":"standard","meta":{"_acf_changed":false,"inline_featured_image":false,"footnotes":""},"categories":[44],"tags":[],"acf":[],"yoast_head":"<!-- This site is optimized with the Yoast SEO plugin v24.5 - https:\/\/yoast.com\/wordpress\/plugins\/seo\/ -->\n<title>Import\u00e2ncia das empresas para preven\u00e7\u00e3o do c\u00e2ncer de mama - Blog - Ocupacional<\/title>\n<meta name=\"robots\" content=\"index, follow, max-snippet:-1, max-image-preview:large, max-video-preview:-1\" \/>\n<link rel=\"canonical\" href=\"https:\/\/ocupacional.incdigital.com.br\/importancia-das-empresas-para-prevencao-do-cancer-de-mama\/\" \/>\n<meta property=\"og:locale\" content=\"pt_BR\" \/>\n<meta property=\"og:type\" content=\"article\" \/>\n<meta property=\"og:title\" content=\"Import\u00e2ncia das empresas para preven\u00e7\u00e3o do c\u00e2ncer de mama - Blog - Ocupacional\" \/>\n<meta property=\"og:description\" content=\"Desde que se come\u00e7ou a falar em Outubro Rosa, as empresas t\u00eam trabalhado para criar campanhas de preven\u00e7\u00e3o internas e externas cada vez mais efetivas. Entenda.\" \/>\n<meta property=\"og:url\" content=\"https:\/\/ocupacional.incdigital.com.br\/importancia-das-empresas-para-prevencao-do-cancer-de-mama\/\" \/>\n<meta property=\"og:site_name\" content=\"Ocupacional\" \/>\n<meta property=\"article:published_time\" content=\"2018-10-22T19:12:09+00:00\" \/>\n<meta property=\"og:image\" content=\"https:\/\/ocupacional.com.br\/site\/wp-content\/uploads\/2022\/07\/empresas-prevencao-cancer-de-mama.jpg\" \/>\n\t<meta property=\"og:image:width\" content=\"600\" \/>\n\t<meta property=\"og:image:height\" content=\"270\" \/>\n\t<meta property=\"og:image:type\" content=\"image\/jpeg\" \/>\n<meta name=\"author\" content=\"Ocupacional\" \/>\n<meta name=\"twitter:card\" content=\"summary_large_image\" \/>\n<meta name=\"twitter:label1\" content=\"Escrito por\" \/>\n\t<meta name=\"twitter:data1\" content=\"Ocupacional\" \/>\n\t<meta name=\"twitter:label2\" content=\"Est. tempo de leitura\" \/>\n\t<meta name=\"twitter:data2\" content=\"4 minutos\" \/>\n<script type=\"application\/ld+json\" class=\"yoast-schema-graph\">{\"@context\":\"https:\/\/schema.org\",\"@graph\":[{\"@type\":\"Article\",\"@id\":\"https:\/\/ocupacional.incdigital.com.br\/importancia-das-empresas-para-prevencao-do-cancer-de-mama\/#article\",\"isPartOf\":{\"@id\":\"https:\/\/ocupacional.incdigital.com.br\/importancia-das-empresas-para-prevencao-do-cancer-de-mama\/\"},\"author\":{\"name\":\"Ocupacional\",\"@id\":\"https:\/\/ocupacional.com.br\/site\/#\/schema\/person\/9614e9b9e3c9ec0ba39804d95b2691b7\"},\"headline\":\"Import\u00e2ncia das empresas para preven\u00e7\u00e3o do c\u00e2ncer de mama\",\"datePublished\":\"2018-10-22T19:12:09+00:00\",\"mainEntityOfPage\":{\"@id\":\"https:\/\/ocupacional.incdigital.com.br\/importancia-das-empresas-para-prevencao-do-cancer-de-mama\/\"},\"wordCount\":904,\"publisher\":{\"@id\":\"https:\/\/ocupacional.com.br\/site\/#organization\"},\"image\":{\"@id\":\"https:\/\/ocupacional.incdigital.com.br\/importancia-das-empresas-para-prevencao-do-cancer-de-mama\/#primaryimage\"},\"thumbnailUrl\":\"https:\/\/ocupacional.com.br\/site\/wp-content\/uploads\/2022\/07\/empresas-prevencao-cancer-de-mama.jpg\",\"articleSection\":[\"Sa\u00fade e Qualidade de Vida\"],\"inLanguage\":\"pt-BR\"},{\"@type\":\"WebPage\",\"@id\":\"https:\/\/ocupacional.incdigital.com.br\/importancia-das-empresas-para-prevencao-do-cancer-de-mama\/\",\"url\":\"https:\/\/ocupacional.incdigital.com.br\/importancia-das-empresas-para-prevencao-do-cancer-de-mama\/\",\"name\":\"Import\u00e2ncia das empresas para preven\u00e7\u00e3o do c\u00e2ncer de mama - Blog - Ocupacional\",\"isPartOf\":{\"@id\":\"https:\/\/ocupacional.com.br\/site\/#website\"},\"primaryImageOfPage\":{\"@id\":\"https:\/\/ocupacional.incdigital.com.br\/importancia-das-empresas-para-prevencao-do-cancer-de-mama\/#primaryimage\"},\"image\":{\"@id\":\"https:\/\/ocupacional.incdigital.com.br\/importancia-das-empresas-para-prevencao-do-cancer-de-mama\/#primaryimage\"},\"thumbnailUrl\":\"https:\/\/ocupacional.com.br\/site\/wp-content\/uploads\/2022\/07\/empresas-prevencao-cancer-de-mama.jpg\",\"datePublished\":\"2018-10-22T19:12:09+00:00\",\"breadcrumb\":{\"@id\":\"https:\/\/ocupacional.incdigital.com.br\/importancia-das-empresas-para-prevencao-do-cancer-de-mama\/#breadcrumb\"},\"inLanguage\":\"pt-BR\",\"potentialAction\":[{\"@type\":\"ReadAction\",\"target\":[\"https:\/\/ocupacional.incdigital.com.br\/importancia-das-empresas-para-prevencao-do-cancer-de-mama\/\"]}]},{\"@type\":\"ImageObject\",\"inLanguage\":\"pt-BR\",\"@id\":\"https:\/\/ocupacional.incdigital.com.br\/importancia-das-empresas-para-prevencao-do-cancer-de-mama\/#primaryimage\",\"url\":\"https:\/\/ocupacional.com.br\/site\/wp-content\/uploads\/2022\/07\/empresas-prevencao-cancer-de-mama.jpg\",\"contentUrl\":\"https:\/\/ocupacional.com.br\/site\/wp-content\/uploads\/2022\/07\/empresas-prevencao-cancer-de-mama.jpg\",\"width\":600,\"height\":270},{\"@type\":\"BreadcrumbList\",\"@id\":\"https:\/\/ocupacional.incdigital.com.br\/importancia-das-empresas-para-prevencao-do-cancer-de-mama\/#breadcrumb\",\"itemListElement\":[{\"@type\":\"ListItem\",\"position\":1,\"name\":\"In\u00edcio\",\"item\":\"https:\/\/ocupacional.incdigital.com.br\/\"},{\"@type\":\"ListItem\",\"position\":2,\"name\":\"Import\u00e2ncia das empresas para preven\u00e7\u00e3o do c\u00e2ncer de mama\"}]},{\"@type\":\"WebSite\",\"@id\":\"https:\/\/ocupacional.com.br\/site\/#website\",\"url\":\"https:\/\/ocupacional.com.br\/site\/\",\"name\":\"Ocupacional\",\"description\":\"As obriga\u00e7\u00f5es de sa\u00fade e seguran\u00e7a do trabalho\\u2028da sua empresa sob total controle\",\"publisher\":{\"@id\":\"https:\/\/ocupacional.com.br\/site\/#organization\"},\"potentialAction\":[{\"@type\":\"SearchAction\",\"target\":{\"@type\":\"EntryPoint\",\"urlTemplate\":\"https:\/\/ocupacional.com.br\/site\/?s={search_term_string}\"},\"query-input\":{\"@type\":\"PropertyValueSpecification\",\"valueRequired\":true,\"valueName\":\"search_term_string\"}}],\"inLanguage\":\"pt-BR\"},{\"@type\":\"Organization\",\"@id\":\"https:\/\/ocupacional.com.br\/site\/#organization\",\"name\":\"Ocupacional\",\"url\":\"https:\/\/ocupacional.com.br\/site\/\",\"logo\":{\"@type\":\"ImageObject\",\"inLanguage\":\"pt-BR\",\"@id\":\"https:\/\/ocupacional.com.br\/site\/#\/schema\/logo\/image\/\",\"url\":\"https:\/\/ocupacional.com.br\/site\/wp-content\/uploads\/2021\/01\/logoocp-8.png\",\"contentUrl\":\"https:\/\/ocupacional.com.br\/site\/wp-content\/uploads\/2021\/01\/logoocp-8.png\",\"width\":704,\"height\":109,\"caption\":\"Ocupacional\"},\"image\":{\"@id\":\"https:\/\/ocupacional.com.br\/site\/#\/schema\/logo\/image\/\"}},{\"@type\":\"Person\",\"@id\":\"https:\/\/ocupacional.com.br\/site\/#\/schema\/person\/9614e9b9e3c9ec0ba39804d95b2691b7\",\"name\":\"Ocupacional\",\"image\":{\"@type\":\"ImageObject\",\"inLanguage\":\"pt-BR\",\"@id\":\"https:\/\/ocupacional.com.br\/site\/#\/schema\/person\/image\/\",\"url\":\"https:\/\/secure.gravatar.com\/avatar\/f703cebaf51466d6b9274b776e57c489?s=96&d=blank&r=g\",\"contentUrl\":\"https:\/\/secure.gravatar.com\/avatar\/f703cebaf51466d6b9274b776e57c489?s=96&d=blank&r=g\",\"caption\":\"Ocupacional\"},\"url\":\"https:\/\/ocupacional.com.br\/site\/author\/ocupacional\/\"}]}<\/script>\n<!-- \/ Yoast SEO plugin. -->","yoast_head_json":{"title":"Import\u00e2ncia das empresas para preven\u00e7\u00e3o do c\u00e2ncer de mama - Blog - Ocupacional","robots":{"index":"index","follow":"follow","max-snippet":"max-snippet:-1","max-image-preview":"max-image-preview:large","max-video-preview":"max-video-preview:-1"},"canonical":"https:\/\/ocupacional.incdigital.com.br\/importancia-das-empresas-para-prevencao-do-cancer-de-mama\/","og_locale":"pt_BR","og_type":"article","og_title":"Import\u00e2ncia das empresas para preven\u00e7\u00e3o do c\u00e2ncer de mama - Blog - Ocupacional","og_description":"Desde que se come\u00e7ou a falar em Outubro Rosa, as empresas t\u00eam trabalhado para criar campanhas de preven\u00e7\u00e3o internas e externas cada vez mais efetivas. Entenda.","og_url":"https:\/\/ocupacional.incdigital.com.br\/importancia-das-empresas-para-prevencao-do-cancer-de-mama\/","og_site_name":"Ocupacional","article_published_time":"2018-10-22T19:12:09+00:00","og_image":[{"width":600,"height":270,"url":"https:\/\/ocupacional.com.br\/site\/wp-content\/uploads\/2022\/07\/empresas-prevencao-cancer-de-mama.jpg","type":"image\/jpeg"}],"author":"Ocupacional","twitter_card":"summary_large_image","twitter_misc":{"Escrito por":"Ocupacional","Est. tempo de leitura":"4 minutos"},"schema":{"@context":"https:\/\/schema.org","@graph":[{"@type":"Article","@id":"https:\/\/ocupacional.incdigital.com.br\/importancia-das-empresas-para-prevencao-do-cancer-de-mama\/#article","isPartOf":{"@id":"https:\/\/ocupacional.incdigital.com.br\/importancia-das-empresas-para-prevencao-do-cancer-de-mama\/"},"author":{"name":"Ocupacional","@id":"https:\/\/ocupacional.com.br\/site\/#\/schema\/person\/9614e9b9e3c9ec0ba39804d95b2691b7"},"headline":"Import\u00e2ncia das empresas para preven\u00e7\u00e3o do c\u00e2ncer de mama","datePublished":"2018-10-22T19:12:09+00:00","mainEntityOfPage":{"@id":"https:\/\/ocupacional.incdigital.com.br\/importancia-das-empresas-para-prevencao-do-cancer-de-mama\/"},"wordCount":904,"publisher":{"@id":"https:\/\/ocupacional.com.br\/site\/#organization"},"image":{"@id":"https:\/\/ocupacional.incdigital.com.br\/importancia-das-empresas-para-prevencao-do-cancer-de-mama\/#primaryimage"},"thumbnailUrl":"https:\/\/ocupacional.com.br\/site\/wp-content\/uploads\/2022\/07\/empresas-prevencao-cancer-de-mama.jpg","articleSection":["Sa\u00fade e Qualidade de Vida"],"inLanguage":"pt-BR"},{"@type":"WebPage","@id":"https:\/\/ocupacional.incdigital.com.br\/importancia-das-empresas-para-prevencao-do-cancer-de-mama\/","url":"https:\/\/ocupacional.incdigital.com.br\/importancia-das-empresas-para-prevencao-do-cancer-de-mama\/","name":"Import\u00e2ncia das empresas para preven\u00e7\u00e3o do c\u00e2ncer de mama - Blog - Ocupacional","isPartOf":{"@id":"https:\/\/ocupacional.com.br\/site\/#website"},"primaryImageOfPage":{"@id":"https:\/\/ocupacional.incdigital.com.br\/importancia-das-empresas-para-prevencao-do-cancer-de-mama\/#primaryimage"},"image":{"@id":"https:\/\/ocupacional.incdigital.com.br\/importancia-das-empresas-para-prevencao-do-cancer-de-mama\/#primaryimage"},"thumbnailUrl":"https:\/\/ocupacional.com.br\/site\/wp-content\/uploads\/2022\/07\/empresas-prevencao-cancer-de-mama.jpg","datePublished":"2018-10-22T19:12:09+00:00","breadcrumb":{"@id":"https:\/\/ocupacional.incdigital.com.br\/importancia-das-empresas-para-prevencao-do-cancer-de-mama\/#breadcrumb"},"inLanguage":"pt-BR","potentialAction":[{"@type":"ReadAction","target":["https:\/\/ocupacional.incdigital.com.br\/importancia-das-empresas-para-prevencao-do-cancer-de-mama\/"]}]},{"@type":"ImageObject","inLanguage":"pt-BR","@id":"https:\/\/ocupacional.incdigital.com.br\/importancia-das-empresas-para-prevencao-do-cancer-de-mama\/#primaryimage","url":"https:\/\/ocupacional.com.br\/site\/wp-content\/uploads\/2022\/07\/empresas-prevencao-cancer-de-mama.jpg","contentUrl":"https:\/\/ocupacional.com.br\/site\/wp-content\/uploads\/2022\/07\/empresas-prevencao-cancer-de-mama.jpg","width":600,"height":270},{"@type":"BreadcrumbList","@id":"https:\/\/ocupacional.incdigital.com.br\/importancia-das-empresas-para-prevencao-do-cancer-de-mama\/#breadcrumb","itemListElement":[{"@type":"ListItem","position":1,"name":"In\u00edcio","item":"https:\/\/ocupacional.incdigital.com.br\/"},{"@type":"ListItem","position":2,"name":"Import\u00e2ncia das empresas para preven\u00e7\u00e3o do c\u00e2ncer de mama"}]},{"@type":"WebSite","@id":"https:\/\/ocupacional.com.br\/site\/#website","url":"https:\/\/ocupacional.com.br\/site\/","name":"Ocupacional","description":"As obriga\u00e7\u00f5es de sa\u00fade e seguran\u00e7a do trabalho\u2028da sua empresa sob total controle","publisher":{"@id":"https:\/\/ocupacional.com.br\/site\/#organization"},"potentialAction":[{"@type":"SearchAction","target":{"@type":"EntryPoint","urlTemplate":"https:\/\/ocupacional.com.br\/site\/?s={search_term_string}"},"query-input":{"@type":"PropertyValueSpecification","valueRequired":true,"valueName":"search_term_string"}}],"inLanguage":"pt-BR"},{"@type":"Organization","@id":"https:\/\/ocupacional.com.br\/site\/#organization","name":"Ocupacional","url":"https:\/\/ocupacional.com.br\/site\/","logo":{"@type":"ImageObject","inLanguage":"pt-BR","@id":"https:\/\/ocupacional.com.br\/site\/#\/schema\/logo\/image\/","url":"https:\/\/ocupacional.com.br\/site\/wp-content\/uploads\/2021\/01\/logoocp-8.png","contentUrl":"https:\/\/ocupacional.com.br\/site\/wp-content\/uploads\/2021\/01\/logoocp-8.png","width":704,"height":109,"caption":"Ocupacional"},"image":{"@id":"https:\/\/ocupacional.com.br\/site\/#\/schema\/logo\/image\/"}},{"@type":"Person","@id":"https:\/\/ocupacional.com.br\/site\/#\/schema\/person\/9614e9b9e3c9ec0ba39804d95b2691b7","name":"Ocupacional","image":{"@type":"ImageObject","inLanguage":"pt-BR","@id":"https:\/\/ocupacional.com.br\/site\/#\/schema\/person\/image\/","url":"https:\/\/secure.gravatar.com\/avatar\/f703cebaf51466d6b9274b776e57c489?s=96&d=blank&r=g","contentUrl":"https:\/\/secure.gravatar.com\/avatar\/f703cebaf51466d6b9274b776e57c489?s=96&d=blank&r=g","caption":"Ocupacional"},"url":"https:\/\/ocupacional.com.br\/site\/author\/ocupacional\/"}]}},"_links":{"self":[{"href":"https:\/\/ocupacional.com.br\/site\/wp-json\/wp\/v2\/posts\/2832"}],"collection":[{"href":"https:\/\/ocupacional.com.br\/site\/wp-json\/wp\/v2\/posts"}],"about":[{"href":"https:\/\/ocupacional.com.br\/site\/wp-json\/wp\/v2\/types\/post"}],"author":[{"embeddable":true,"href":"https:\/\/ocupacional.com.br\/site\/wp-json\/wp\/v2\/users\/2"}],"replies":[{"embeddable":true,"href":"https:\/\/ocupacional.com.br\/site\/wp-json\/wp\/v2\/comments?post=2832"}],"version-history":[{"count":0,"href":"https:\/\/ocupacional.com.br\/site\/wp-json\/wp\/v2\/posts\/2832\/revisions"}],"wp:featuredmedia":[{"embeddable":true,"href":"https:\/\/ocupacional.com.br\/site\/wp-json\/wp\/v2\/media\/7524"}],"wp:attachment":[{"href":"https:\/\/ocupacional.com.br\/site\/wp-json\/wp\/v2\/media?parent=2832"}],"wp:term":[{"taxonomy":"category","embeddable":true,"href":"https:\/\/ocupacional.com.br\/site\/wp-json\/wp\/v2\/categories?post=2832"},{"taxonomy":"post_tag","embeddable":true,"href":"https:\/\/ocupacional.com.br\/site\/wp-json\/wp\/v2\/tags?post=2832"}],"curies":[{"name":"wp","href":"https:\/\/api.w.org\/{rel}","templated":true}]}}