{"id":12478,"date":"2026-04-29T18:33:26","date_gmt":"2026-04-29T21:33:26","guid":{"rendered":"https:\/\/ocupacional.com.br\/site\/?p=12478"},"modified":"2026-04-29T18:39:34","modified_gmt":"2026-04-29T21:39:34","slug":"esocial-na-gestao-de-sst-como-a-fiscalizacao-digital-impacta-a-sua-empresa","status":"publish","type":"post","link":"https:\/\/ocupacional.com.br\/site\/esocial-na-gestao-de-sst-como-a-fiscalizacao-digital-impacta-a-sua-empresa\/","title":{"rendered":"eSocial na gest\u00e3o de SST: como a fiscaliza\u00e7\u00e3o digital impacta a sua empresa?"},"content":{"rendered":"\n<p>Voc\u00ea ainda acredita que \u00e9 preciso um auditor fiscal do trabalho bater \u00e0 porta da sua empresa para identificar irregularidades? Com a transforma\u00e7\u00e3o digital da fiscaliza\u00e7\u00e3o no Brasil, boa parte desse cen\u00e1rio ficou no passado.<\/p>\n\n\n\n<p>O surgimento do <a href=\"https:\/\/www.gov.br\/esocial\/pt-br\" target=\"_blank\" rel=\"noreferrer noopener\">eSocial<\/a> marcou essa mudan\u00e7a. Hoje, os dados enviados pela sua empresa s\u00e3o monitorados de forma cont\u00ednua, permitindo a identifica\u00e7\u00e3o autom\u00e1tica de inconsist\u00eancias e descumprimentos legais.<\/p>\n\n\n\n<p>Na pr\u00e1tica, isso significa que sua organiza\u00e7\u00e3o est\u00e1 sujeita \u00e0 fiscaliza\u00e7\u00e3o 24 horas por dia, 7 dias por semana, sem a necessidade de uma visita presencial para que multas e penalidades sejam aplicadas.<\/p>\n\n\n\n<p>Neste artigo, voc\u00ea vai entender como a fiscaliza\u00e7\u00e3o digital est\u00e1 mudando o rumo da <a href=\"https:\/\/ocupacional.com.br\/site\/gestao-de-sst-tendencias-que-transformam-a-seguranca-e-a-saude-no-trabalho\/https:\/\/ocupacional.com.br\/site\/gestao-de-sst-tendencias-que-transformam-a-seguranca-e-a-saude-no-trabalho\/\" target=\"_blank\" rel=\"noreferrer noopener\">gest\u00e3o de SST<\/a> e o que sua empresa precisa fazer para se adaptar a esse novo contexto.<\/p>\n\n\n\n<h3 class=\"wp-block-heading\"><strong>O que mudou com o eSocial?<\/strong><\/h3>\n\n\n\n<p>O eSocial \u00e9 um sistema do Governo Federal que unifica o envio de informa\u00e7\u00f5es trabalhistas, previdenci\u00e1rias e fiscais das empresas.<\/p>\n\n\n\n<p>Na pr\u00e1tica, todas as empresas com empregados sob o regime da CLT devem <a href=\"https:\/\/ocupacional.com.br\/site\/principais-eventos-esocial\/\" target=\"_blank\" rel=\"noreferrer noopener\">enviar eventos<\/a> como S-2220 (Monitoramento da Sa\u00fade do Trabalhador), S-2240 (Condi\u00e7\u00f5es Ambientais do Trabalho \u2013 Agentes Nocivos), S-2210 (Comunica\u00e7\u00e3o de Acidente de Trabalho) e S-2245 (Treinamentos, Capacita\u00e7\u00f5es e Exerc\u00edcios Simulados).<\/p>\n\n\n\n<p>Agora, devem tamb\u00e9m digitalizar obriga\u00e7\u00f5es como a Rela\u00e7\u00e3o Anual de Informa\u00e7\u00f5es Sociais (RAIS) e o Perfil Profissiogr\u00e1fico Previdenci\u00e1rio (PPP), ampliando a integra\u00e7\u00e3o, a transpar\u00eancia e a rastreabilidade dos dados.<\/p>\n\n\n\n<h3 class=\"wp-block-heading\"><strong>Como acontece a fiscaliza\u00e7\u00e3o digital?<\/strong><\/h3>\n\n\n\n<p>Os eventos do eSocial alimentam bases que s\u00e3o cruzadas automaticamente com dados do INSS, Receita Federal e Minist\u00e9rio da Previd\u00eancia, criando um ecossistema de fiscaliza\u00e7\u00e3o integrada e autom\u00e1tica.<\/p>\n\n\n\n<p>Nesse modelo, inconsist\u00eancias s\u00e3o identificadas de forma imediata, aumentando a efetividade do controle e reduzindo a margem para erros ou omiss\u00f5es no envio das informa\u00e7\u00f5es pelas empresas.<br><br>Veja alguns exemplos:<\/p>\n\n\n\n<ul>\n<li><strong>Casos de afastamento sem envio da CAT:<\/strong> se o RH registra um afastamento tempor\u00e1rio (S-2230) com um CID relacionado a acidente de trabalho, mas o evento S-2210 (CAT) n\u00e3o \u00e9 enviado pelo setor respons\u00e1vel, isso pode gerar um alerta imediato de irregularidade.<\/li>\n\n\n\n<li><strong>Casos de exposi\u00e7\u00e3o sem adicional:<\/strong> o S-2240 indica exposi\u00e7\u00e3o a agentes nocivos acima dos limites permitidos, sem prote\u00e7\u00e3o eficaz. Por\u00e9m, se a folha de pagamento n\u00e3o registra o adicional correspondente ou a contribui\u00e7\u00e3o para aposentadoria especial, isso pode resultar em cobran\u00e7a retroativa, com juros e multas pela Receita Federal.<\/li>\n<\/ul>\n\n\n\n<h3 class=\"wp-block-heading\">Quais os riscos para a sua empresa?<\/h3>\n\n\n\n<p>A aus\u00eancia, o atraso ou o envio incorreto de eventos de SST no eSocial pode ser interpretado como descumprimento da norma e gerar diversos riscos para a sua empresa, como:<\/p>\n\n\n\n<ul>\n<li><a href=\"https:\/\/ocupacional.com.br\/site\/multa-esocial\/\" target=\"_blank\" rel=\"noreferrer noopener\"><strong>Multas<\/strong><\/a><strong>: <\/strong>come\u00e7am em R$ 443,97 e podem chegar a at\u00e9 R$ 44.396,84, segundo o MTE.&nbsp;<\/li>\n\n\n\n<li><strong>Aumento de passivos trabalhistas:<\/strong> dados inconsistentes podem sustentar pedidos de <a href=\"https:\/\/ocupacional.com.br\/site\/insalubridade-e-periculosidade-entenda-o-lip-e-a-nova-exigencia\/\" target=\"_blank\" rel=\"noreferrer noopener\">insalubridade ou periculosidade<\/a> n\u00e3o pagos e a\u00e7\u00f5es por danos ocupacionais.<\/li>\n\n\n\n<li><strong>Impacto direto no <\/strong><a href=\"https:\/\/ocupacional.com.br\/site\/fap-o-que-e-como-consultar-e-calcular-o-indice\/\" target=\"_blank\" rel=\"noreferrer noopener\"><strong>FAP<\/strong><\/a><strong>:<\/strong> registros de acidentes e doen\u00e7as elevam o \u00edndice, aumentando a carga tribut\u00e1ria sobre a folha de pagamento.<\/li>\n\n\n\n<li><strong>Risco previdenci\u00e1rio ampliado:<\/strong> inconsist\u00eancias podem gerar a\u00e7\u00f5es regressivas do INSS e dificultar a concess\u00e3o de benef\u00edcios.<\/li>\n\n\n\n<li><strong>Facilidade na caracteriza\u00e7\u00e3o de nexo causal:<\/strong> falhas nos dados fortalecem a rela\u00e7\u00e3o entre atividade laboral e agravos \u00e0 sa\u00fade.<\/li>\n\n\n\n<li><strong>San\u00e7\u00f5es operacionais:<\/strong> a empresa pode sofrer interdi\u00e7\u00f5es, embargos ou paralisa\u00e7\u00f5es, conforme previsto na legisla\u00e7\u00e3o trabalhista.<\/li>\n<\/ul>\n\n\n\n<h3 class=\"wp-block-heading\"><strong>O que fazer para proteger sua empresa?<\/strong><\/h3>\n\n\n\n<p>Diante desse novo cen\u00e1rio, algumas a\u00e7\u00f5es s\u00e3o essenciais para mitigar riscos e garantir a conformidade com as exig\u00eancias legais, como:<\/p>\n\n\n\n<ul>\n<li><strong>Documenta\u00e7\u00e3o de SST atualizada:<\/strong> manter o PGR e PCMSO atualizados e integrados garante consist\u00eancia nos eventos S-2240 e S-2220;<\/li>\n\n\n\n<li><strong>Automatiza\u00e7\u00e3o dos envios: <\/strong>utilize sistemas de gest\u00e3o de SST integrados ao eSocial, reduzindo o risco de erros e atraso nos envios;<\/li>\n\n\n\n<li><strong>Integra\u00e7\u00e3o dos processos internos:<\/strong> conecte RH, SST e jur\u00eddico para evitar falhas no fluxo de informa\u00e7\u00f5es e no envio dos eventos;<\/li>\n\n\n\n<li><strong>Capacita\u00e7\u00e3o das equipes envolvidas:<\/strong> <a href=\"https:\/\/ocupacional.com.br\/site\/tudo-sobre-treinamentos-de-sst\/\" target=\"_blank\" rel=\"noreferrer noopener\">treinamentos<\/a> constantes garantem o correto entendimento e cumprimento das obriga\u00e7\u00f5es legais;<\/li>\n\n\n\n<li><strong>Realiza\u00e7\u00e3o de auditorias peri\u00f3dicas:<\/strong> com o objetivo de identificar falhas, corrigir inconsist\u00eancias e prevenir autua\u00e7\u00f5es.<\/li>\n<\/ul>\n\n\n\n<h4 class=\"wp-block-heading\"><strong>Quer manter seus envios ao eSocial em dia? Conte com a Ocupacional<\/strong><\/h4>\n\n\n\n<p>Com uma plataforma digital de gest\u00e3o de SST e integra\u00e7\u00e3o autom\u00e1tica ao eSocial, a Ocupacional apoia sua empresa na organiza\u00e7\u00e3o das informa\u00e7\u00f5es, revis\u00e3o de eventos e alinhamento de documentos, estruturando processos mais seguros, consistentes e rastre\u00e1veis.<\/p>\n\n\n\n<p>Dessa forma, sua gest\u00e3o ganha previsibilidade, reduz riscos de inconsist\u00eancias e se adapta com mais seguran\u00e7a \u00e0s exig\u00eancias da fiscaliza\u00e7\u00e3o digital.<\/p>\n\n\n\n<p>Entre em contato com a nossa equipe e evite multas e problemas com o eSocial.<\/p>\n\n\n\n<p><\/p>\n\n\n\n<div class=\"wp-block-buttons is-content-justification-center is-layout-flex wp-container-core-buttons-is-layout-1 wp-block-buttons-is-layout-flex\">\n<div class=\"wp-block-button\"><a class=\"wp-block-button__link wp-element-button\" href=\"https:\/\/api.whatsapp.com\/send?phone=553136149801&amp;text=Ol%C3%A1!%20Gostaria%20de%20mais%20informa%C3%A7%C3%B5es,%20pode%20me%20ajudar%3F\"><strong>FALE COM UM CONSULTOR<\/strong><\/a><\/div>\n<\/div>\n","protected":false},"excerpt":{"rendered":"<p>O eSocial transformou a fiscaliza\u00e7\u00e3o em SST com o monitoramento cont\u00ednuo e identifica\u00e7\u00e3o autom\u00e1tica de inconsist\u00eancias. Entenda o impacto, os riscos e como estruturar processos para manter sua empresa em conformidade.<\/p>\n","protected":false},"author":2,"featured_media":12479,"comment_status":"closed","ping_status":"open","sticky":false,"template":"","format":"standard","meta":{"_acf_changed":false,"inline_featured_image":false,"footnotes":""},"categories":[],"tags":[68,82],"acf":[],"yoast_head":"<!-- This site is optimized with the Yoast SEO plugin v24.5 - https:\/\/yoast.com\/wordpress\/plugins\/seo\/ -->\n<title>eSocial na gest\u00e3o de SST: como a fiscaliza\u00e7\u00e3o digital impacta a sua empresa? - Blog - Ocupacional<\/title>\n<meta name=\"description\" content=\"Entenda como o eSocial e a fiscaliza\u00e7\u00e3o digital est\u00e3o mudando o jogo e como proteger sua empresa de multas e inconsist\u00eancias nos envios.\" \/>\n<meta name=\"robots\" content=\"index, follow, max-snippet:-1, max-image-preview:large, max-video-preview:-1\" \/>\n<link rel=\"canonical\" href=\"https:\/\/ocupacional.com.br\/site\/esocial-na-gestao-de-sst-como-a-fiscalizacao-digital-impacta-a-sua-empresa\/\" \/>\n<meta property=\"og:locale\" content=\"pt_BR\" \/>\n<meta property=\"og:type\" content=\"article\" \/>\n<meta property=\"og:title\" content=\"eSocial na gest\u00e3o de SST: como a fiscaliza\u00e7\u00e3o digital impacta a sua empresa? - Blog - Ocupacional\" \/>\n<meta property=\"og:description\" content=\"Entenda como o eSocial e a fiscaliza\u00e7\u00e3o digital est\u00e3o mudando o jogo e como proteger sua empresa de multas e inconsist\u00eancias nos envios.\" \/>\n<meta property=\"og:url\" content=\"https:\/\/ocupacional.com.br\/site\/esocial-na-gestao-de-sst-como-a-fiscalizacao-digital-impacta-a-sua-empresa\/\" \/>\n<meta property=\"og:site_name\" content=\"Ocupacional\" \/>\n<meta property=\"article:published_time\" content=\"2026-04-29T21:33:26+00:00\" \/>\n<meta property=\"article:modified_time\" content=\"2026-04-29T21:39:34+00:00\" \/>\n<meta property=\"og:image\" content=\"https:\/\/ocupacional.com.br\/site\/wp-content\/uploads\/2026\/04\/banner-topo-1.png\" \/>\n\t<meta property=\"og:image:width\" content=\"1460\" \/>\n\t<meta property=\"og:image:height\" content=\"540\" \/>\n\t<meta property=\"og:image:type\" content=\"image\/png\" \/>\n<meta name=\"author\" content=\"Ocupacional\" \/>\n<meta name=\"twitter:card\" content=\"summary_large_image\" \/>\n<meta name=\"twitter:label1\" content=\"Escrito por\" \/>\n\t<meta name=\"twitter:data1\" content=\"Ocupacional\" \/>\n\t<meta name=\"twitter:label2\" content=\"Est. tempo de leitura\" \/>\n\t<meta name=\"twitter:data2\" content=\"5 minutos\" \/>\n<script type=\"application\/ld+json\" class=\"yoast-schema-graph\">{\"@context\":\"https:\/\/schema.org\",\"@graph\":[{\"@type\":\"Article\",\"@id\":\"https:\/\/ocupacional.com.br\/site\/esocial-na-gestao-de-sst-como-a-fiscalizacao-digital-impacta-a-sua-empresa\/#article\",\"isPartOf\":{\"@id\":\"https:\/\/ocupacional.com.br\/site\/esocial-na-gestao-de-sst-como-a-fiscalizacao-digital-impacta-a-sua-empresa\/\"},\"author\":{\"name\":\"Ocupacional\",\"@id\":\"https:\/\/ocupacional.com.br\/site\/#\/schema\/person\/9614e9b9e3c9ec0ba39804d95b2691b7\"},\"headline\":\"eSocial na gest\u00e3o de SST: como a fiscaliza\u00e7\u00e3o digital impacta a sua empresa?\",\"datePublished\":\"2026-04-29T21:33:26+00:00\",\"dateModified\":\"2026-04-29T21:39:34+00:00\",\"mainEntityOfPage\":{\"@id\":\"https:\/\/ocupacional.com.br\/site\/esocial-na-gestao-de-sst-como-a-fiscalizacao-digital-impacta-a-sua-empresa\/\"},\"wordCount\":830,\"publisher\":{\"@id\":\"https:\/\/ocupacional.com.br\/site\/#organization\"},\"image\":{\"@id\":\"https:\/\/ocupacional.com.br\/site\/esocial-na-gestao-de-sst-como-a-fiscalizacao-digital-impacta-a-sua-empresa\/#primaryimage\"},\"thumbnailUrl\":\"https:\/\/ocupacional.com.br\/site\/wp-content\/uploads\/2026\/04\/banner-topo-1.png\",\"keywords\":[\"#sst\",\"eSocial\"],\"inLanguage\":\"pt-BR\"},{\"@type\":\"WebPage\",\"@id\":\"https:\/\/ocupacional.com.br\/site\/esocial-na-gestao-de-sst-como-a-fiscalizacao-digital-impacta-a-sua-empresa\/\",\"url\":\"https:\/\/ocupacional.com.br\/site\/esocial-na-gestao-de-sst-como-a-fiscalizacao-digital-impacta-a-sua-empresa\/\",\"name\":\"eSocial na gest\u00e3o de SST: como a fiscaliza\u00e7\u00e3o digital impacta a sua empresa? - Blog - Ocupacional\",\"isPartOf\":{\"@id\":\"https:\/\/ocupacional.com.br\/site\/#website\"},\"primaryImageOfPage\":{\"@id\":\"https:\/\/ocupacional.com.br\/site\/esocial-na-gestao-de-sst-como-a-fiscalizacao-digital-impacta-a-sua-empresa\/#primaryimage\"},\"image\":{\"@id\":\"https:\/\/ocupacional.com.br\/site\/esocial-na-gestao-de-sst-como-a-fiscalizacao-digital-impacta-a-sua-empresa\/#primaryimage\"},\"thumbnailUrl\":\"https:\/\/ocupacional.com.br\/site\/wp-content\/uploads\/2026\/04\/banner-topo-1.png\",\"datePublished\":\"2026-04-29T21:33:26+00:00\",\"dateModified\":\"2026-04-29T21:39:34+00:00\",\"description\":\"Entenda como o eSocial e a fiscaliza\u00e7\u00e3o digital est\u00e3o mudando o jogo e como proteger sua empresa de multas e inconsist\u00eancias nos envios.\",\"breadcrumb\":{\"@id\":\"https:\/\/ocupacional.com.br\/site\/esocial-na-gestao-de-sst-como-a-fiscalizacao-digital-impacta-a-sua-empresa\/#breadcrumb\"},\"inLanguage\":\"pt-BR\",\"potentialAction\":[{\"@type\":\"ReadAction\",\"target\":[\"https:\/\/ocupacional.com.br\/site\/esocial-na-gestao-de-sst-como-a-fiscalizacao-digital-impacta-a-sua-empresa\/\"]}]},{\"@type\":\"ImageObject\",\"inLanguage\":\"pt-BR\",\"@id\":\"https:\/\/ocupacional.com.br\/site\/esocial-na-gestao-de-sst-como-a-fiscalizacao-digital-impacta-a-sua-empresa\/#primaryimage\",\"url\":\"https:\/\/ocupacional.com.br\/site\/wp-content\/uploads\/2026\/04\/banner-topo-1.png\",\"contentUrl\":\"https:\/\/ocupacional.com.br\/site\/wp-content\/uploads\/2026\/04\/banner-topo-1.png\",\"width\":1460,\"height\":540,\"caption\":\"eSocial na gest\u00e3o de SST: como a fiscaliza\u00e7\u00e3o digital impacta a sua empresa?\"},{\"@type\":\"BreadcrumbList\",\"@id\":\"https:\/\/ocupacional.com.br\/site\/esocial-na-gestao-de-sst-como-a-fiscalizacao-digital-impacta-a-sua-empresa\/#breadcrumb\",\"itemListElement\":[{\"@type\":\"ListItem\",\"position\":1,\"name\":\"In\u00edcio\",\"item\":\"https:\/\/ocupacional.incdigital.com.br\/\"},{\"@type\":\"ListItem\",\"position\":2,\"name\":\"eSocial na gest\u00e3o de SST: como a fiscaliza\u00e7\u00e3o digital impacta a sua empresa?\"}]},{\"@type\":\"WebSite\",\"@id\":\"https:\/\/ocupacional.com.br\/site\/#website\",\"url\":\"https:\/\/ocupacional.com.br\/site\/\",\"name\":\"Ocupacional\",\"description\":\"As obriga\u00e7\u00f5es de sa\u00fade e seguran\u00e7a do trabalho\\u2028da sua empresa sob total controle\",\"publisher\":{\"@id\":\"https:\/\/ocupacional.com.br\/site\/#organization\"},\"potentialAction\":[{\"@type\":\"SearchAction\",\"target\":{\"@type\":\"EntryPoint\",\"urlTemplate\":\"https:\/\/ocupacional.com.br\/site\/?s={search_term_string}\"},\"query-input\":{\"@type\":\"PropertyValueSpecification\",\"valueRequired\":true,\"valueName\":\"search_term_string\"}}],\"inLanguage\":\"pt-BR\"},{\"@type\":\"Organization\",\"@id\":\"https:\/\/ocupacional.com.br\/site\/#organization\",\"name\":\"Ocupacional\",\"url\":\"https:\/\/ocupacional.com.br\/site\/\",\"logo\":{\"@type\":\"ImageObject\",\"inLanguage\":\"pt-BR\",\"@id\":\"https:\/\/ocupacional.com.br\/site\/#\/schema\/logo\/image\/\",\"url\":\"https:\/\/ocupacional.com.br\/site\/wp-content\/uploads\/2021\/01\/logoocp-8.png\",\"contentUrl\":\"https:\/\/ocupacional.com.br\/site\/wp-content\/uploads\/2021\/01\/logoocp-8.png\",\"width\":704,\"height\":109,\"caption\":\"Ocupacional\"},\"image\":{\"@id\":\"https:\/\/ocupacional.com.br\/site\/#\/schema\/logo\/image\/\"}},{\"@type\":\"Person\",\"@id\":\"https:\/\/ocupacional.com.br\/site\/#\/schema\/person\/9614e9b9e3c9ec0ba39804d95b2691b7\",\"name\":\"Ocupacional\",\"image\":{\"@type\":\"ImageObject\",\"inLanguage\":\"pt-BR\",\"@id\":\"https:\/\/ocupacional.com.br\/site\/#\/schema\/person\/image\/\",\"url\":\"https:\/\/secure.gravatar.com\/avatar\/f703cebaf51466d6b9274b776e57c489?s=96&d=blank&r=g\",\"contentUrl\":\"https:\/\/secure.gravatar.com\/avatar\/f703cebaf51466d6b9274b776e57c489?s=96&d=blank&r=g\",\"caption\":\"Ocupacional\"},\"url\":\"https:\/\/ocupacional.com.br\/site\/author\/ocupacional\/\"}]}<\/script>\n<!-- \/ Yoast SEO plugin. -->","yoast_head_json":{"title":"eSocial na gest\u00e3o de SST: como a fiscaliza\u00e7\u00e3o digital impacta a sua empresa? - Blog - Ocupacional","description":"Entenda como o eSocial e a fiscaliza\u00e7\u00e3o digital est\u00e3o mudando o jogo e como proteger sua empresa de multas e inconsist\u00eancias nos envios.","robots":{"index":"index","follow":"follow","max-snippet":"max-snippet:-1","max-image-preview":"max-image-preview:large","max-video-preview":"max-video-preview:-1"},"canonical":"https:\/\/ocupacional.com.br\/site\/esocial-na-gestao-de-sst-como-a-fiscalizacao-digital-impacta-a-sua-empresa\/","og_locale":"pt_BR","og_type":"article","og_title":"eSocial na gest\u00e3o de SST: como a fiscaliza\u00e7\u00e3o digital impacta a sua empresa? - Blog - Ocupacional","og_description":"Entenda como o eSocial e a fiscaliza\u00e7\u00e3o digital est\u00e3o mudando o jogo e como proteger sua empresa de multas e inconsist\u00eancias nos envios.","og_url":"https:\/\/ocupacional.com.br\/site\/esocial-na-gestao-de-sst-como-a-fiscalizacao-digital-impacta-a-sua-empresa\/","og_site_name":"Ocupacional","article_published_time":"2026-04-29T21:33:26+00:00","article_modified_time":"2026-04-29T21:39:34+00:00","og_image":[{"width":1460,"height":540,"url":"https:\/\/ocupacional.com.br\/site\/wp-content\/uploads\/2026\/04\/banner-topo-1.png","type":"image\/png"}],"author":"Ocupacional","twitter_card":"summary_large_image","twitter_misc":{"Escrito por":"Ocupacional","Est. tempo de leitura":"5 minutos"},"schema":{"@context":"https:\/\/schema.org","@graph":[{"@type":"Article","@id":"https:\/\/ocupacional.com.br\/site\/esocial-na-gestao-de-sst-como-a-fiscalizacao-digital-impacta-a-sua-empresa\/#article","isPartOf":{"@id":"https:\/\/ocupacional.com.br\/site\/esocial-na-gestao-de-sst-como-a-fiscalizacao-digital-impacta-a-sua-empresa\/"},"author":{"name":"Ocupacional","@id":"https:\/\/ocupacional.com.br\/site\/#\/schema\/person\/9614e9b9e3c9ec0ba39804d95b2691b7"},"headline":"eSocial na gest\u00e3o de SST: como a fiscaliza\u00e7\u00e3o digital impacta a sua empresa?","datePublished":"2026-04-29T21:33:26+00:00","dateModified":"2026-04-29T21:39:34+00:00","mainEntityOfPage":{"@id":"https:\/\/ocupacional.com.br\/site\/esocial-na-gestao-de-sst-como-a-fiscalizacao-digital-impacta-a-sua-empresa\/"},"wordCount":830,"publisher":{"@id":"https:\/\/ocupacional.com.br\/site\/#organization"},"image":{"@id":"https:\/\/ocupacional.com.br\/site\/esocial-na-gestao-de-sst-como-a-fiscalizacao-digital-impacta-a-sua-empresa\/#primaryimage"},"thumbnailUrl":"https:\/\/ocupacional.com.br\/site\/wp-content\/uploads\/2026\/04\/banner-topo-1.png","keywords":["#sst","eSocial"],"inLanguage":"pt-BR"},{"@type":"WebPage","@id":"https:\/\/ocupacional.com.br\/site\/esocial-na-gestao-de-sst-como-a-fiscalizacao-digital-impacta-a-sua-empresa\/","url":"https:\/\/ocupacional.com.br\/site\/esocial-na-gestao-de-sst-como-a-fiscalizacao-digital-impacta-a-sua-empresa\/","name":"eSocial na gest\u00e3o de SST: como a fiscaliza\u00e7\u00e3o digital impacta a sua empresa? - Blog - Ocupacional","isPartOf":{"@id":"https:\/\/ocupacional.com.br\/site\/#website"},"primaryImageOfPage":{"@id":"https:\/\/ocupacional.com.br\/site\/esocial-na-gestao-de-sst-como-a-fiscalizacao-digital-impacta-a-sua-empresa\/#primaryimage"},"image":{"@id":"https:\/\/ocupacional.com.br\/site\/esocial-na-gestao-de-sst-como-a-fiscalizacao-digital-impacta-a-sua-empresa\/#primaryimage"},"thumbnailUrl":"https:\/\/ocupacional.com.br\/site\/wp-content\/uploads\/2026\/04\/banner-topo-1.png","datePublished":"2026-04-29T21:33:26+00:00","dateModified":"2026-04-29T21:39:34+00:00","description":"Entenda como o eSocial e a fiscaliza\u00e7\u00e3o digital est\u00e3o mudando o jogo e como proteger sua empresa de multas e inconsist\u00eancias nos envios.","breadcrumb":{"@id":"https:\/\/ocupacional.com.br\/site\/esocial-na-gestao-de-sst-como-a-fiscalizacao-digital-impacta-a-sua-empresa\/#breadcrumb"},"inLanguage":"pt-BR","potentialAction":[{"@type":"ReadAction","target":["https:\/\/ocupacional.com.br\/site\/esocial-na-gestao-de-sst-como-a-fiscalizacao-digital-impacta-a-sua-empresa\/"]}]},{"@type":"ImageObject","inLanguage":"pt-BR","@id":"https:\/\/ocupacional.com.br\/site\/esocial-na-gestao-de-sst-como-a-fiscalizacao-digital-impacta-a-sua-empresa\/#primaryimage","url":"https:\/\/ocupacional.com.br\/site\/wp-content\/uploads\/2026\/04\/banner-topo-1.png","contentUrl":"https:\/\/ocupacional.com.br\/site\/wp-content\/uploads\/2026\/04\/banner-topo-1.png","width":1460,"height":540,"caption":"eSocial na gest\u00e3o de SST: como a fiscaliza\u00e7\u00e3o digital impacta a sua empresa?"},{"@type":"BreadcrumbList","@id":"https:\/\/ocupacional.com.br\/site\/esocial-na-gestao-de-sst-como-a-fiscalizacao-digital-impacta-a-sua-empresa\/#breadcrumb","itemListElement":[{"@type":"ListItem","position":1,"name":"In\u00edcio","item":"https:\/\/ocupacional.incdigital.com.br\/"},{"@type":"ListItem","position":2,"name":"eSocial na gest\u00e3o de SST: como a fiscaliza\u00e7\u00e3o digital impacta a sua empresa?"}]},{"@type":"WebSite","@id":"https:\/\/ocupacional.com.br\/site\/#website","url":"https:\/\/ocupacional.com.br\/site\/","name":"Ocupacional","description":"As obriga\u00e7\u00f5es de sa\u00fade e seguran\u00e7a do trabalho\u2028da sua empresa sob total controle","publisher":{"@id":"https:\/\/ocupacional.com.br\/site\/#organization"},"potentialAction":[{"@type":"SearchAction","target":{"@type":"EntryPoint","urlTemplate":"https:\/\/ocupacional.com.br\/site\/?s={search_term_string}"},"query-input":{"@type":"PropertyValueSpecification","valueRequired":true,"valueName":"search_term_string"}}],"inLanguage":"pt-BR"},{"@type":"Organization","@id":"https:\/\/ocupacional.com.br\/site\/#organization","name":"Ocupacional","url":"https:\/\/ocupacional.com.br\/site\/","logo":{"@type":"ImageObject","inLanguage":"pt-BR","@id":"https:\/\/ocupacional.com.br\/site\/#\/schema\/logo\/image\/","url":"https:\/\/ocupacional.com.br\/site\/wp-content\/uploads\/2021\/01\/logoocp-8.png","contentUrl":"https:\/\/ocupacional.com.br\/site\/wp-content\/uploads\/2021\/01\/logoocp-8.png","width":704,"height":109,"caption":"Ocupacional"},"image":{"@id":"https:\/\/ocupacional.com.br\/site\/#\/schema\/logo\/image\/"}},{"@type":"Person","@id":"https:\/\/ocupacional.com.br\/site\/#\/schema\/person\/9614e9b9e3c9ec0ba39804d95b2691b7","name":"Ocupacional","image":{"@type":"ImageObject","inLanguage":"pt-BR","@id":"https:\/\/ocupacional.com.br\/site\/#\/schema\/person\/image\/","url":"https:\/\/secure.gravatar.com\/avatar\/f703cebaf51466d6b9274b776e57c489?s=96&d=blank&r=g","contentUrl":"https:\/\/secure.gravatar.com\/avatar\/f703cebaf51466d6b9274b776e57c489?s=96&d=blank&r=g","caption":"Ocupacional"},"url":"https:\/\/ocupacional.com.br\/site\/author\/ocupacional\/"}]}},"_links":{"self":[{"href":"https:\/\/ocupacional.com.br\/site\/wp-json\/wp\/v2\/posts\/12478"}],"collection":[{"href":"https:\/\/ocupacional.com.br\/site\/wp-json\/wp\/v2\/posts"}],"about":[{"href":"https:\/\/ocupacional.com.br\/site\/wp-json\/wp\/v2\/types\/post"}],"author":[{"embeddable":true,"href":"https:\/\/ocupacional.com.br\/site\/wp-json\/wp\/v2\/users\/2"}],"replies":[{"embeddable":true,"href":"https:\/\/ocupacional.com.br\/site\/wp-json\/wp\/v2\/comments?post=12478"}],"version-history":[{"count":4,"href":"https:\/\/ocupacional.com.br\/site\/wp-json\/wp\/v2\/posts\/12478\/revisions"}],"predecessor-version":[{"id":12483,"href":"https:\/\/ocupacional.com.br\/site\/wp-json\/wp\/v2\/posts\/12478\/revisions\/12483"}],"wp:featuredmedia":[{"embeddable":true,"href":"https:\/\/ocupacional.com.br\/site\/wp-json\/wp\/v2\/media\/12479"}],"wp:attachment":[{"href":"https:\/\/ocupacional.com.br\/site\/wp-json\/wp\/v2\/media?parent=12478"}],"wp:term":[{"taxonomy":"category","embeddable":true,"href":"https:\/\/ocupacional.com.br\/site\/wp-json\/wp\/v2\/categories?post=12478"},{"taxonomy":"post_tag","embeddable":true,"href":"https:\/\/ocupacional.com.br\/site\/wp-json\/wp\/v2\/tags?post=12478"}],"curies":[{"name":"wp","href":"https:\/\/api.w.org\/{rel}","templated":true}]}}