{"id":12406,"date":"2025-11-26T16:38:28","date_gmt":"2025-11-26T19:38:28","guid":{"rendered":"https:\/\/ocupacional.com.br\/site\/?p=12406"},"modified":"2025-11-26T16:40:17","modified_gmt":"2025-11-26T19:40:17","slug":"multas-do-esocial-e-afastamentos-como-evitar-ou-diminuir-com-o-pgr-e-esocial","status":"publish","type":"post","link":"https:\/\/ocupacional.com.br\/site\/multas-do-esocial-e-afastamentos-como-evitar-ou-diminuir-com-o-pgr-e-esocial\/","title":{"rendered":"Multas do eSocial e afastamentos: como evitar ou diminuir com o PGR e eSocial"},"content":{"rendered":"\n<p>Durante muito tempo, empresas encararam o eSocial como apenas mais uma obriga\u00e7\u00e3o burocr\u00e1tica. O envio de eventos, prazos r\u00edgidos e a integra\u00e7\u00e3o de informa\u00e7\u00f5es pareciam um processo complexo, mas relativamente simples: \u201cpreencher e enviar\u201d. Na pr\u00e1tica, por\u00e9m, o cen\u00e1rio \u00e9 outro.<\/p>\n\n\n\n<p>A fiscaliza\u00e7\u00e3o digital tornou-se mais inteligente, cruzando dados de Sa\u00fade e Seguran\u00e7a do Trabalho (SST) com v\u00ednculos, afastamentos, exames e riscos declarados. E \u00e9 exatamente nesse ponto que muitas empresas se surpreendem: <strong>as multas do eSocial n\u00e3o surgem por acaso, mas por inconsist\u00eancias que revelam falhas reais na gest\u00e3o de SST<\/strong>.<\/p>\n\n\n\n<p>Ao mesmo tempo, o <a href=\"https:\/\/www.gov.br\/trabalho-e-emprego\/pt-br\/assuntos\/inspecao-do-trabalho\/pgr\" target=\"_blank\" rel=\"noreferrer noopener\">Programa de Gerenciamento de Riscos (PGR)<\/a>, antes visto como um documento t\u00e9cnico obrigat\u00f3rio, passa a assumir um papel estrat\u00e9gico: <strong>ele se tornou a principal forma de evitar multas, passivos, afastamentos e processos trabalhistas<\/strong>, tudo isso porque alimenta corretamente o eSocial e garante coer\u00eancia entre pr\u00e1tica e registro.<\/p>\n\n\n\n<p>Neste artigo, vamos mostrar como essa integra\u00e7\u00e3o funciona na pr\u00e1tica e como o PGR pode ser seu maior aliado para evitar preju\u00edzos.<\/p>\n\n\n\n<h2 class=\"wp-block-heading\"><strong>Por que tantas empresas ainda recebem multas do eSocial?<\/strong><\/h2>\n\n\n\n<p>A d\u00favida mais comum sobre o eSocial \u00e9: <em>\u201cO que realmente gera multas?\u201d<\/em><\/p>\n\n\n\n<p>A resposta surpreende at\u00e9 empresas experientes: <strong>a maioria das penalidades ocorre por inconsist\u00eancias entre o que \u00e9 realizado e o que \u00e9 declarado<\/strong>.<\/p>\n\n\n\n<p>Exemplos reais incluem:<\/p>\n\n\n\n<ul>\n<li>PGR atualizado, mas riscos n\u00e3o enviados no S-2240;<\/li>\n\n\n\n<li>Colaborador com exame admissional sem constar no S-2220;<\/li>\n\n\n\n<li>Registro de agente nocivo que n\u00e3o existe no invent\u00e1rio de riscos;<\/li>\n\n\n\n<li>Afastamento por doen\u00e7a ocupacional sem correspond\u00eancia no PGR;<\/li>\n\n\n\n<li>Atividades com EPI obrigat\u00f3rio, mas sem evid\u00eancias de entrega ou treinamento.<br><\/li>\n<\/ul>\n\n\n\n<p>Ou seja: <strong>n\u00e3o basta enviar o dado. \u00c9 preciso que ele esteja certo, coerente e alinhado ao PGR<\/strong>.<\/p>\n\n\n\n<p>E como o governo identifica essas falhas? De forma autom\u00e1tica:<\/p>\n\n\n\n<p>O<a href=\"https:\/\/ocupacional.com.br\/site\/principais-eventos-esocial\/\"> eSocial <\/a>cruza <a href=\"https:\/\/osm-engenharia.com.br\/como-os-dados-do-esocial-influenciam-fiscalizacoes-de-sst-atualmente\" target=\"_blank\" rel=\"noreferrer noopener\">dados de v\u00ednculos<\/a> (S-2200), riscos (S-2240), monitoramento da sa\u00fade (S-2220) e afastamentos (S-2230). Se algo n\u00e3o bate, acende um alerta e a fiscaliza\u00e7\u00e3o come\u00e7a.<\/p>\n\n\n\n<p>Por isso, entender como o PGR alimenta e sustenta o eSocial \u00e9 o primeiro passo para evitar multas.<\/p>\n\n\n\n<h2 class=\"wp-block-heading\"><strong>PGR e eSocial: como eles conversam e por que isso evita multas<\/strong><\/h2>\n\n\n\n<p>Uma d\u00favida real e comum: <em>\u201cO PGR interfere no eSocial?\u201d <\/em>Sim, totalmente.<\/p>\n\n\n\n<p>O PGR \u00e9 a base de tudo, \u00e9 ele que define:<\/p>\n\n\n\n<ul>\n<li>Os riscos reais a que cada colaborador est\u00e1 exposto;<\/li>\n\n\n\n<li>As medidas de controle;<\/li>\n\n\n\n<li>A necessidade (ou n\u00e3o) de EPI;<\/li>\n\n\n\n<li>Os exames m\u00e9dicos ocupacionais necess\u00e1rios;<\/li>\n\n\n\n<li>A periodicidade de revis\u00f5es.<\/li>\n<\/ul>\n\n\n\n<p>Essas informa\u00e7\u00f5es precisam ser refletidas no eSocial.<\/p>\n\n\n\n<p>Quando o PGR \u00e9 bem constru\u00eddo, atualizado e coerente, o eSocial se torna apenas um reflexo fiel da gest\u00e3o ocupacional.<\/p>\n\n\n\n<p>Quando ele \u00e9 falho, desatualizado ou superficial, surgem diverg\u00eancias, e essas diverg\u00eancias geram penalidades.<\/p>\n\n\n\n<p><strong>\u00c9 por isso que o PGR \u00e9, hoje, a principal estrat\u00e9gia para reduzir multas do eSocial.<\/strong><\/p>\n\n\n\n<h2 class=\"wp-block-heading\"><strong>Evitar multas do eSocial na pr\u00e1tica: como o PGR faz isso<\/strong><\/h2>\n\n\n\n<h4 class=\"wp-block-heading\"><strong>Declarando apenas riscos reais e eliminando riscos desnecess\u00e1rios do S-2240<\/strong><\/h4>\n\n\n\n<p>Um dos erros mais comuns \u00e9 declarar riscos que n\u00e3o existem ou deixar de declarar riscos que de fato existem. Ambas as falhas geram multas e inseguran\u00e7a jur\u00eddica.<\/p>\n\n\n\n<p>Um PGR atualizado evita esse problema ao:<\/p>\n\n\n\n<ul>\n<li>Mapear riscos reais, com evid\u00eancias;<\/li>\n\n\n\n<li>Definir exposi\u00e7\u00f5es por fun\u00e7\u00e3o;<\/li>\n\n\n\n<li>Eliminar \u201cachismos\u201d e reduzir declara\u00e7\u00f5es equivocadas;<\/li>\n\n\n\n<li>Manter coer\u00eancia entre invent\u00e1rio e envio do S-2240.<\/li>\n<\/ul>\n\n\n\n<p>Quando o PGR \u00e9 t\u00e9cnico, o S-2240 se torna muito mais assertivo e seguro.<\/p>\n\n\n\n<h4 class=\"wp-block-heading\"><strong>Garantindo coer\u00eancia entre riscos e exames m\u00e9dicos do S-2220<\/strong><\/h4>\n\n\n\n<p>Outra causa frequente de multas: exames incompat\u00edveis com riscos declarados.<\/p>\n\n\n\n<p>Por exemplo, se a empresa declara exposi\u00e7\u00e3o a ru\u00eddo, mas n\u00e3o realiza audiometrias peri\u00f3dicas, o sistema identifica a incoer\u00eancia imediatamente.<\/p>\n\n\n\n<p>O PGR orienta a:<\/p>\n\n\n\n<ul>\n<li>Definir quais exames cabem para cada risco;<\/li>\n\n\n\n<li>Garantir que a tabela de riscos converse com a tabela de exames;<\/li>\n\n\n\n<li>Evitar exames em excesso (gasto desnecess\u00e1rio) ou em falta (passivo trabalhista).<\/li>\n<\/ul>\n\n\n\n<p>\u00c9 um equil\u00edbrio essencial.<\/p>\n\n\n\n<h4 class=\"wp-block-heading\"><strong>Reduzindo afastamentos por meio de medidas de controle reais e aplic\u00e1veis<\/strong><\/h4>\n\n\n\n<p>A pergunta que toda empresa faz: <em>\u201cO PGR reduz afastamentos de verdade?\u201d <\/em>Sim, e isso impacta diretamente o eSocial.<\/p>\n\n\n\n<p>Quanto mais eficaz a gest\u00e3o de riscos, menores os acidentes e adoecimentos. Quanto menos afastamentos, menos inconsist\u00eancias, menos fiscaliza\u00e7\u00f5es e menos multas.<\/p>\n\n\n\n<p>O <a href=\"https:\/\/ocupacional.com.br\/site\/gro-e-pgr-o-que-sao-e-como-impactam-sst\/\">PGR<\/a> atua como uma ferramenta preventiva ao:<\/p>\n\n\n\n<ul>\n<li>Criar barreiras reais para riscos f\u00edsicos, ergon\u00f4micos, qu\u00edmicos e biol\u00f3gicos;<\/li>\n\n\n\n<li>Reduzir a probabilidade de les\u00f5es e doen\u00e7as;<\/li>\n\n\n\n<li>Orientar a\u00e7\u00f5es corretivas;<\/li>\n\n\n\n<li>Treinar equipes de forma direcionada.<br><\/li>\n<\/ul>\n\n\n\n<p>Menos afastamentos = menos notifica\u00e7\u00f5es no S-2230 = menos oportunidades para contradi\u00e7\u00f5es no eSocial.<\/p>\n\n\n\n<h2 class=\"wp-block-heading\"><strong>O que realmente acontece quando o PGR \u00e9 malfeito<\/strong><\/h2>\n\n\n\n<p>Grande parte das penalidades atuais ocorre n\u00e3o por descumprimento expl\u00edcito, mas por falhas silenciosas do PGR.<\/p>\n\n\n\n<p>Um PGR fraco gera:<\/p>\n\n\n\n<ul>\n<li>Riscos mal mapeados;<\/li>\n\n\n\n<li>Invent\u00e1rio superficial;<\/li>\n\n\n\n<li>Medidas de controle gen\u00e9ricas;<\/li>\n\n\n\n<li>Falta de evid\u00eancias;<\/li>\n\n\n\n<li>Aus\u00eancia de atualiza\u00e7\u00f5es;<\/li>\n\n\n\n<li>Inconsist\u00eancias entre pr\u00e1tica e registro.<br><\/li>\n<\/ul>\n\n\n\n<p>O<strong> eSocial revela tudo.<\/strong> Ali, cada risco, cada exposi\u00e7\u00e3o e cada afastamento se torna uma evid\u00eancia de adequa\u00e7\u00e3o ou de falha.<\/p>\n\n\n\n<p>Por isso, o PGR deixou de ser um documento \u201cpara auditoria f\u00edsica\u201d e passou a ser um documento \u201cpara auditoria digital cont\u00ednua\u201d.<\/p>\n\n\n\n<h2 class=\"wp-block-heading\"><strong>Como evitar multas do eSocial: passos pr\u00e1ticos que toda empresa precisa adotar<\/strong><\/h2>\n\n\n\n<h4 class=\"wp-block-heading\">Passo 1 \u2013 Revisar o PGR com foco em coer\u00eancia digital<\/h4>\n\n\n\n<p>N\u00e3o basta estar \u201cok\u201d na auditoria presencial. O PGR agora precisa estar 100% coerente com o que ser\u00e1 enviado ao eSocial.<\/p>\n\n\n\n<p>Isso exige:<\/p>\n\n\n\n<ul>\n<li>Revis\u00e3o funcional por fun\u00e7\u00e3o, risco e exposi\u00e7\u00e3o;<\/li>\n\n\n\n<li>Invent\u00e1rio detalhado e com evid\u00eancias;<\/li>\n\n\n\n<li>Medidas de controle reais, aplic\u00e1veis e comprov\u00e1veis;<\/li>\n\n\n\n<li>Verifica\u00e7\u00e3o do que est\u00e1 sendo enviado no S-2240.<br><\/li>\n<\/ul>\n\n\n\n<h4 class=\"wp-block-heading\">Passo 2 \u2013 Validar a coer\u00eancia entre PGR, exames e eventos de sa\u00fade<\/h4>\n\n\n\n<p>Verifique:<\/p>\n\n\n\n<ul>\n<li>Exames realizados x exames exigidos pelos riscos;<\/li>\n\n\n\n<li>Periodicidades;<\/li>\n\n\n\n<li>Exames complementares;<\/li>\n\n\n\n<li>Coer\u00eancia entre PPRA antigo, PGR atual e ASOs.<br><\/li>\n<\/ul>\n\n\n\n<p>Isso reduz diverg\u00eancias autom\u00e1ticas do eSocial.<\/p>\n\n\n\n<h4 class=\"wp-block-heading\">Passo 3 \u2013 Treinar equipes e lideran\u00e7as para evitar registros incorretos<\/h4>\n\n\n\n<p>Muitos erros acontecem por falta de informa\u00e7\u00e3o.<\/p>\n\n\n\n<p>Lideran\u00e7as que n\u00e3o sabem quais riscos existem acabam solicitando EPIs errados, preenchendo documentos de maneira inadequada ou ignorando medidas de controle previstas.<\/p>\n\n\n\n<p>Um PGR vivo e treinado evita esse tipo de falha cr\u00edtica e cara.<\/p>\n\n\n\n<h2 class=\"wp-block-heading\"><strong>O impacto financeiro: quanto realmente custa ignorar o eSocial?<\/strong><\/h2>\n\n\n\n<p>Quando se fala em <a href=\"https:\/\/ocupacional.com.br\/site\/multa-esocial\/\">multas do eSocial,<\/a> muita gente pensa apenas em valores diretos, que podem chegar a:<\/p>\n\n\n\n<ul>\n<li>R$ 402,00 a R$ 4.025,00 por informa\u00e7\u00f5es inconsistentes;<br><\/li>\n\n\n\n<li>R$ 1.045,00 a R$ 6.708,00 por cadastro incompleto ou impreciso;<br><\/li>\n\n\n\n<li>entre outras penalidades previstas nas NRs e na CLT.<br><\/li>\n<\/ul>\n\n\n\n<p>Mas o maior custo \u00e9 indireto:<\/p>\n\n\n\n<ul>\n<li>Processos trabalhistas;<\/li>\n\n\n\n<li>A\u00e7\u00f5es regressivas do INSS;<\/li>\n\n\n\n<li>Aumento de al\u00edquotas do FAP;<\/li>\n\n\n\n<li>Perda de produtividade por afastamentos.<br><\/li>\n<\/ul>\n\n\n\n<p>Ignorar o eSocial pode custar centenas de milhares de reais ao longo de um ano.<\/p>\n\n\n\n<p><strong>E o que as empresas que n\u00e3o recebem multas t\u00eam em comum?<\/strong><\/p>\n\n\n\n<p>Elas fazem tr\u00eas coisas com consist\u00eancia:<\/p>\n\n\n\n<ol>\n<li>Possuem um PGR robusto, t\u00e9cnico e atualizado;<br><\/li>\n\n\n\n<li>Mant\u00eam coer\u00eancia entre pr\u00e1tica, gest\u00e3o e declara\u00e7\u00e3o digital;<br><\/li>\n\n\n\n<li>Contam com suporte especializado em SST e eSocial.<br><\/li>\n<\/ol>\n\n\n\n<p>E isso nos leva ao mais importante: a Ocupacional pode ajudar a sua empresa a evitar multas, reduzir afastamentos e otimizar sua gest\u00e3o ocupacional. A regularidade com o eSocial vai muito al\u00e9m de enviar eventos.<br><\/p>\n\n\n\n<p>Ela exige precis\u00e3o t\u00e9cnica, coer\u00eancia documental, gest\u00e3o ativa de riscos e acompanhamento cont\u00ednuo de cada colaborador.<\/p>\n\n\n\n<p>A Ocupacional atua justamente nesse ponto:<\/p>\n\n\n\n<ul>\n<li>Revisando e atualizando seu PGR com foco em coer\u00eancia digital;<br><\/li>\n\n\n\n<li>Ajustando riscos, exposi\u00e7\u00f5es e medidas de controle;<br><\/li>\n\n\n\n<li>Garantindo compatibilidade entre PGR, exames e eSocial;<br><\/li>\n\n\n\n<li>Acompanhando envios e prevenindo inconsist\u00eancias;<br><\/li>\n\n\n\n<li>Reduzindo afastamentos e passivos trabalhistas.<br><\/li>\n<\/ul>\n\n\n\n<p>Com uma equipe multidisciplinar e metodologia pr\u00e1tica, transformamos a gest\u00e3o de SST em vantagem competitiva e n\u00e3o em fonte de multas.<\/p>\n\n\n\n<p>\ud83d\udc49 <strong>Fale com a Ocupacional e descubra como evitar multas do eSocial e fortalecer a seguran\u00e7a jur\u00eddica da sua empresa.<\/strong><\/p>\n","protected":false},"excerpt":{"rendered":"<p>As multas do eSocial podem gerar impactos elevados. Veja como o PGR ajuda a prevenir penalidades, reduzir afastamentos e fortalecer a gest\u00e3o de SST.<\/p>\n","protected":false},"author":2,"featured_media":12407,"comment_status":"closed","ping_status":"open","sticky":false,"template":"","format":"standard","meta":{"_acf_changed":false,"inline_featured_image":false,"footnotes":""},"categories":[53],"tags":[82],"acf":[],"yoast_head":"<!-- This site is optimized with the Yoast SEO plugin v24.5 - https:\/\/yoast.com\/wordpress\/plugins\/seo\/ -->\n<title>Multas do eSocial e afastamentos: como evitar ou diminuir com o PGR e eSocial - Blog - Ocupacional<\/title>\n<meta name=\"description\" content=\"Saiba como evitar multas do eSocial e reduzir afastamentos com um PGR estruturado e integrado \u00e0s rotinas de SST da empresa.\" \/>\n<meta name=\"robots\" content=\"index, follow, max-snippet:-1, max-image-preview:large, max-video-preview:-1\" \/>\n<link rel=\"canonical\" href=\"https:\/\/ocupacional.com.br\/site\/multas-do-esocial-e-afastamentos-como-evitar-ou-diminuir-com-o-pgr-e-esocial\/\" \/>\n<meta property=\"og:locale\" content=\"pt_BR\" \/>\n<meta property=\"og:type\" content=\"article\" \/>\n<meta property=\"og:title\" content=\"Multas do eSocial e afastamentos: como evitar ou diminuir com o PGR e eSocial - Blog - Ocupacional\" \/>\n<meta property=\"og:description\" content=\"Saiba como evitar multas do eSocial e reduzir afastamentos com um PGR estruturado e integrado \u00e0s rotinas de SST da empresa.\" \/>\n<meta property=\"og:url\" content=\"https:\/\/ocupacional.com.br\/site\/multas-do-esocial-e-afastamentos-como-evitar-ou-diminuir-com-o-pgr-e-esocial\/\" \/>\n<meta property=\"og:site_name\" content=\"Ocupacional\" \/>\n<meta property=\"article:published_time\" content=\"2025-11-26T19:38:28+00:00\" \/>\n<meta property=\"article:modified_time\" content=\"2025-11-26T19:40:17+00:00\" \/>\n<meta property=\"og:image\" content=\"https:\/\/ocupacional.com.br\/site\/wp-content\/uploads\/2025\/11\/banner-topo-9.png\" \/>\n\t<meta property=\"og:image:width\" content=\"1460\" \/>\n\t<meta property=\"og:image:height\" content=\"540\" \/>\n\t<meta property=\"og:image:type\" content=\"image\/png\" \/>\n<meta name=\"author\" content=\"Ocupacional\" \/>\n<meta name=\"twitter:card\" content=\"summary_large_image\" \/>\n<meta name=\"twitter:label1\" content=\"Escrito por\" \/>\n\t<meta name=\"twitter:data1\" content=\"Ocupacional\" \/>\n\t<meta name=\"twitter:label2\" content=\"Est. tempo de leitura\" \/>\n\t<meta name=\"twitter:data2\" content=\"8 minutos\" \/>\n<script type=\"application\/ld+json\" class=\"yoast-schema-graph\">{\"@context\":\"https:\/\/schema.org\",\"@graph\":[{\"@type\":\"Article\",\"@id\":\"https:\/\/ocupacional.com.br\/site\/multas-do-esocial-e-afastamentos-como-evitar-ou-diminuir-com-o-pgr-e-esocial\/#article\",\"isPartOf\":{\"@id\":\"https:\/\/ocupacional.com.br\/site\/multas-do-esocial-e-afastamentos-como-evitar-ou-diminuir-com-o-pgr-e-esocial\/\"},\"author\":{\"name\":\"Ocupacional\",\"@id\":\"https:\/\/ocupacional.com.br\/site\/#\/schema\/person\/9614e9b9e3c9ec0ba39804d95b2691b7\"},\"headline\":\"Multas do eSocial e afastamentos: como evitar ou diminuir com o PGR e eSocial\",\"datePublished\":\"2025-11-26T19:38:28+00:00\",\"dateModified\":\"2025-11-26T19:40:17+00:00\",\"mainEntityOfPage\":{\"@id\":\"https:\/\/ocupacional.com.br\/site\/multas-do-esocial-e-afastamentos-como-evitar-ou-diminuir-com-o-pgr-e-esocial\/\"},\"wordCount\":1371,\"publisher\":{\"@id\":\"https:\/\/ocupacional.com.br\/site\/#organization\"},\"image\":{\"@id\":\"https:\/\/ocupacional.com.br\/site\/multas-do-esocial-e-afastamentos-como-evitar-ou-diminuir-com-o-pgr-e-esocial\/#primaryimage\"},\"thumbnailUrl\":\"https:\/\/ocupacional.com.br\/site\/wp-content\/uploads\/2025\/11\/banner-topo-9.png\",\"keywords\":[\"eSocial\"],\"articleSection\":[\"eSocial\"],\"inLanguage\":\"pt-BR\"},{\"@type\":\"WebPage\",\"@id\":\"https:\/\/ocupacional.com.br\/site\/multas-do-esocial-e-afastamentos-como-evitar-ou-diminuir-com-o-pgr-e-esocial\/\",\"url\":\"https:\/\/ocupacional.com.br\/site\/multas-do-esocial-e-afastamentos-como-evitar-ou-diminuir-com-o-pgr-e-esocial\/\",\"name\":\"Multas do eSocial e afastamentos: como evitar ou diminuir com o PGR e eSocial - Blog - Ocupacional\",\"isPartOf\":{\"@id\":\"https:\/\/ocupacional.com.br\/site\/#website\"},\"primaryImageOfPage\":{\"@id\":\"https:\/\/ocupacional.com.br\/site\/multas-do-esocial-e-afastamentos-como-evitar-ou-diminuir-com-o-pgr-e-esocial\/#primaryimage\"},\"image\":{\"@id\":\"https:\/\/ocupacional.com.br\/site\/multas-do-esocial-e-afastamentos-como-evitar-ou-diminuir-com-o-pgr-e-esocial\/#primaryimage\"},\"thumbnailUrl\":\"https:\/\/ocupacional.com.br\/site\/wp-content\/uploads\/2025\/11\/banner-topo-9.png\",\"datePublished\":\"2025-11-26T19:38:28+00:00\",\"dateModified\":\"2025-11-26T19:40:17+00:00\",\"description\":\"Saiba como evitar multas do eSocial e reduzir afastamentos com um PGR estruturado e integrado \u00e0s rotinas de SST da empresa.\",\"breadcrumb\":{\"@id\":\"https:\/\/ocupacional.com.br\/site\/multas-do-esocial-e-afastamentos-como-evitar-ou-diminuir-com-o-pgr-e-esocial\/#breadcrumb\"},\"inLanguage\":\"pt-BR\",\"potentialAction\":[{\"@type\":\"ReadAction\",\"target\":[\"https:\/\/ocupacional.com.br\/site\/multas-do-esocial-e-afastamentos-como-evitar-ou-diminuir-com-o-pgr-e-esocial\/\"]}]},{\"@type\":\"ImageObject\",\"inLanguage\":\"pt-BR\",\"@id\":\"https:\/\/ocupacional.com.br\/site\/multas-do-esocial-e-afastamentos-como-evitar-ou-diminuir-com-o-pgr-e-esocial\/#primaryimage\",\"url\":\"https:\/\/ocupacional.com.br\/site\/wp-content\/uploads\/2025\/11\/banner-topo-9.png\",\"contentUrl\":\"https:\/\/ocupacional.com.br\/site\/wp-content\/uploads\/2025\/11\/banner-topo-9.png\",\"width\":1460,\"height\":540},{\"@type\":\"BreadcrumbList\",\"@id\":\"https:\/\/ocupacional.com.br\/site\/multas-do-esocial-e-afastamentos-como-evitar-ou-diminuir-com-o-pgr-e-esocial\/#breadcrumb\",\"itemListElement\":[{\"@type\":\"ListItem\",\"position\":1,\"name\":\"In\u00edcio\",\"item\":\"https:\/\/ocupacional.incdigital.com.br\/\"},{\"@type\":\"ListItem\",\"position\":2,\"name\":\"Multas do eSocial e afastamentos: como evitar ou diminuir com o PGR e eSocial\"}]},{\"@type\":\"WebSite\",\"@id\":\"https:\/\/ocupacional.com.br\/site\/#website\",\"url\":\"https:\/\/ocupacional.com.br\/site\/\",\"name\":\"Ocupacional\",\"description\":\"As obriga\u00e7\u00f5es de sa\u00fade e seguran\u00e7a do trabalho\\u2028da sua empresa sob total controle\",\"publisher\":{\"@id\":\"https:\/\/ocupacional.com.br\/site\/#organization\"},\"potentialAction\":[{\"@type\":\"SearchAction\",\"target\":{\"@type\":\"EntryPoint\",\"urlTemplate\":\"https:\/\/ocupacional.com.br\/site\/?s={search_term_string}\"},\"query-input\":{\"@type\":\"PropertyValueSpecification\",\"valueRequired\":true,\"valueName\":\"search_term_string\"}}],\"inLanguage\":\"pt-BR\"},{\"@type\":\"Organization\",\"@id\":\"https:\/\/ocupacional.com.br\/site\/#organization\",\"name\":\"Ocupacional\",\"url\":\"https:\/\/ocupacional.com.br\/site\/\",\"logo\":{\"@type\":\"ImageObject\",\"inLanguage\":\"pt-BR\",\"@id\":\"https:\/\/ocupacional.com.br\/site\/#\/schema\/logo\/image\/\",\"url\":\"https:\/\/ocupacional.com.br\/site\/wp-content\/uploads\/2021\/01\/logoocp-8.png\",\"contentUrl\":\"https:\/\/ocupacional.com.br\/site\/wp-content\/uploads\/2021\/01\/logoocp-8.png\",\"width\":704,\"height\":109,\"caption\":\"Ocupacional\"},\"image\":{\"@id\":\"https:\/\/ocupacional.com.br\/site\/#\/schema\/logo\/image\/\"}},{\"@type\":\"Person\",\"@id\":\"https:\/\/ocupacional.com.br\/site\/#\/schema\/person\/9614e9b9e3c9ec0ba39804d95b2691b7\",\"name\":\"Ocupacional\",\"image\":{\"@type\":\"ImageObject\",\"inLanguage\":\"pt-BR\",\"@id\":\"https:\/\/ocupacional.com.br\/site\/#\/schema\/person\/image\/\",\"url\":\"https:\/\/secure.gravatar.com\/avatar\/f703cebaf51466d6b9274b776e57c489?s=96&d=blank&r=g\",\"contentUrl\":\"https:\/\/secure.gravatar.com\/avatar\/f703cebaf51466d6b9274b776e57c489?s=96&d=blank&r=g\",\"caption\":\"Ocupacional\"},\"url\":\"https:\/\/ocupacional.com.br\/site\/author\/ocupacional\/\"}]}<\/script>\n<!-- \/ Yoast SEO plugin. -->","yoast_head_json":{"title":"Multas do eSocial e afastamentos: como evitar ou diminuir com o PGR e eSocial - Blog - Ocupacional","description":"Saiba como evitar multas do eSocial e reduzir afastamentos com um PGR estruturado e integrado \u00e0s rotinas de SST da empresa.","robots":{"index":"index","follow":"follow","max-snippet":"max-snippet:-1","max-image-preview":"max-image-preview:large","max-video-preview":"max-video-preview:-1"},"canonical":"https:\/\/ocupacional.com.br\/site\/multas-do-esocial-e-afastamentos-como-evitar-ou-diminuir-com-o-pgr-e-esocial\/","og_locale":"pt_BR","og_type":"article","og_title":"Multas do eSocial e afastamentos: como evitar ou diminuir com o PGR e eSocial - Blog - Ocupacional","og_description":"Saiba como evitar multas do eSocial e reduzir afastamentos com um PGR estruturado e integrado \u00e0s rotinas de SST da empresa.","og_url":"https:\/\/ocupacional.com.br\/site\/multas-do-esocial-e-afastamentos-como-evitar-ou-diminuir-com-o-pgr-e-esocial\/","og_site_name":"Ocupacional","article_published_time":"2025-11-26T19:38:28+00:00","article_modified_time":"2025-11-26T19:40:17+00:00","og_image":[{"width":1460,"height":540,"url":"https:\/\/ocupacional.com.br\/site\/wp-content\/uploads\/2025\/11\/banner-topo-9.png","type":"image\/png"}],"author":"Ocupacional","twitter_card":"summary_large_image","twitter_misc":{"Escrito por":"Ocupacional","Est. tempo de leitura":"8 minutos"},"schema":{"@context":"https:\/\/schema.org","@graph":[{"@type":"Article","@id":"https:\/\/ocupacional.com.br\/site\/multas-do-esocial-e-afastamentos-como-evitar-ou-diminuir-com-o-pgr-e-esocial\/#article","isPartOf":{"@id":"https:\/\/ocupacional.com.br\/site\/multas-do-esocial-e-afastamentos-como-evitar-ou-diminuir-com-o-pgr-e-esocial\/"},"author":{"name":"Ocupacional","@id":"https:\/\/ocupacional.com.br\/site\/#\/schema\/person\/9614e9b9e3c9ec0ba39804d95b2691b7"},"headline":"Multas do eSocial e afastamentos: como evitar ou diminuir com o PGR e eSocial","datePublished":"2025-11-26T19:38:28+00:00","dateModified":"2025-11-26T19:40:17+00:00","mainEntityOfPage":{"@id":"https:\/\/ocupacional.com.br\/site\/multas-do-esocial-e-afastamentos-como-evitar-ou-diminuir-com-o-pgr-e-esocial\/"},"wordCount":1371,"publisher":{"@id":"https:\/\/ocupacional.com.br\/site\/#organization"},"image":{"@id":"https:\/\/ocupacional.com.br\/site\/multas-do-esocial-e-afastamentos-como-evitar-ou-diminuir-com-o-pgr-e-esocial\/#primaryimage"},"thumbnailUrl":"https:\/\/ocupacional.com.br\/site\/wp-content\/uploads\/2025\/11\/banner-topo-9.png","keywords":["eSocial"],"articleSection":["eSocial"],"inLanguage":"pt-BR"},{"@type":"WebPage","@id":"https:\/\/ocupacional.com.br\/site\/multas-do-esocial-e-afastamentos-como-evitar-ou-diminuir-com-o-pgr-e-esocial\/","url":"https:\/\/ocupacional.com.br\/site\/multas-do-esocial-e-afastamentos-como-evitar-ou-diminuir-com-o-pgr-e-esocial\/","name":"Multas do eSocial e afastamentos: como evitar ou diminuir com o PGR e eSocial - Blog - Ocupacional","isPartOf":{"@id":"https:\/\/ocupacional.com.br\/site\/#website"},"primaryImageOfPage":{"@id":"https:\/\/ocupacional.com.br\/site\/multas-do-esocial-e-afastamentos-como-evitar-ou-diminuir-com-o-pgr-e-esocial\/#primaryimage"},"image":{"@id":"https:\/\/ocupacional.com.br\/site\/multas-do-esocial-e-afastamentos-como-evitar-ou-diminuir-com-o-pgr-e-esocial\/#primaryimage"},"thumbnailUrl":"https:\/\/ocupacional.com.br\/site\/wp-content\/uploads\/2025\/11\/banner-topo-9.png","datePublished":"2025-11-26T19:38:28+00:00","dateModified":"2025-11-26T19:40:17+00:00","description":"Saiba como evitar multas do eSocial e reduzir afastamentos com um PGR estruturado e integrado \u00e0s rotinas de SST da empresa.","breadcrumb":{"@id":"https:\/\/ocupacional.com.br\/site\/multas-do-esocial-e-afastamentos-como-evitar-ou-diminuir-com-o-pgr-e-esocial\/#breadcrumb"},"inLanguage":"pt-BR","potentialAction":[{"@type":"ReadAction","target":["https:\/\/ocupacional.com.br\/site\/multas-do-esocial-e-afastamentos-como-evitar-ou-diminuir-com-o-pgr-e-esocial\/"]}]},{"@type":"ImageObject","inLanguage":"pt-BR","@id":"https:\/\/ocupacional.com.br\/site\/multas-do-esocial-e-afastamentos-como-evitar-ou-diminuir-com-o-pgr-e-esocial\/#primaryimage","url":"https:\/\/ocupacional.com.br\/site\/wp-content\/uploads\/2025\/11\/banner-topo-9.png","contentUrl":"https:\/\/ocupacional.com.br\/site\/wp-content\/uploads\/2025\/11\/banner-topo-9.png","width":1460,"height":540},{"@type":"BreadcrumbList","@id":"https:\/\/ocupacional.com.br\/site\/multas-do-esocial-e-afastamentos-como-evitar-ou-diminuir-com-o-pgr-e-esocial\/#breadcrumb","itemListElement":[{"@type":"ListItem","position":1,"name":"In\u00edcio","item":"https:\/\/ocupacional.incdigital.com.br\/"},{"@type":"ListItem","position":2,"name":"Multas do eSocial e afastamentos: como evitar ou diminuir com o PGR e eSocial"}]},{"@type":"WebSite","@id":"https:\/\/ocupacional.com.br\/site\/#website","url":"https:\/\/ocupacional.com.br\/site\/","name":"Ocupacional","description":"As obriga\u00e7\u00f5es de sa\u00fade e seguran\u00e7a do trabalho\u2028da sua empresa sob total controle","publisher":{"@id":"https:\/\/ocupacional.com.br\/site\/#organization"},"potentialAction":[{"@type":"SearchAction","target":{"@type":"EntryPoint","urlTemplate":"https:\/\/ocupacional.com.br\/site\/?s={search_term_string}"},"query-input":{"@type":"PropertyValueSpecification","valueRequired":true,"valueName":"search_term_string"}}],"inLanguage":"pt-BR"},{"@type":"Organization","@id":"https:\/\/ocupacional.com.br\/site\/#organization","name":"Ocupacional","url":"https:\/\/ocupacional.com.br\/site\/","logo":{"@type":"ImageObject","inLanguage":"pt-BR","@id":"https:\/\/ocupacional.com.br\/site\/#\/schema\/logo\/image\/","url":"https:\/\/ocupacional.com.br\/site\/wp-content\/uploads\/2021\/01\/logoocp-8.png","contentUrl":"https:\/\/ocupacional.com.br\/site\/wp-content\/uploads\/2021\/01\/logoocp-8.png","width":704,"height":109,"caption":"Ocupacional"},"image":{"@id":"https:\/\/ocupacional.com.br\/site\/#\/schema\/logo\/image\/"}},{"@type":"Person","@id":"https:\/\/ocupacional.com.br\/site\/#\/schema\/person\/9614e9b9e3c9ec0ba39804d95b2691b7","name":"Ocupacional","image":{"@type":"ImageObject","inLanguage":"pt-BR","@id":"https:\/\/ocupacional.com.br\/site\/#\/schema\/person\/image\/","url":"https:\/\/secure.gravatar.com\/avatar\/f703cebaf51466d6b9274b776e57c489?s=96&d=blank&r=g","contentUrl":"https:\/\/secure.gravatar.com\/avatar\/f703cebaf51466d6b9274b776e57c489?s=96&d=blank&r=g","caption":"Ocupacional"},"url":"https:\/\/ocupacional.com.br\/site\/author\/ocupacional\/"}]}},"_links":{"self":[{"href":"https:\/\/ocupacional.com.br\/site\/wp-json\/wp\/v2\/posts\/12406"}],"collection":[{"href":"https:\/\/ocupacional.com.br\/site\/wp-json\/wp\/v2\/posts"}],"about":[{"href":"https:\/\/ocupacional.com.br\/site\/wp-json\/wp\/v2\/types\/post"}],"author":[{"embeddable":true,"href":"https:\/\/ocupacional.com.br\/site\/wp-json\/wp\/v2\/users\/2"}],"replies":[{"embeddable":true,"href":"https:\/\/ocupacional.com.br\/site\/wp-json\/wp\/v2\/comments?post=12406"}],"version-history":[{"count":2,"href":"https:\/\/ocupacional.com.br\/site\/wp-json\/wp\/v2\/posts\/12406\/revisions"}],"predecessor-version":[{"id":12409,"href":"https:\/\/ocupacional.com.br\/site\/wp-json\/wp\/v2\/posts\/12406\/revisions\/12409"}],"wp:featuredmedia":[{"embeddable":true,"href":"https:\/\/ocupacional.com.br\/site\/wp-json\/wp\/v2\/media\/12407"}],"wp:attachment":[{"href":"https:\/\/ocupacional.com.br\/site\/wp-json\/wp\/v2\/media?parent=12406"}],"wp:term":[{"taxonomy":"category","embeddable":true,"href":"https:\/\/ocupacional.com.br\/site\/wp-json\/wp\/v2\/categories?post=12406"},{"taxonomy":"post_tag","embeddable":true,"href":"https:\/\/ocupacional.com.br\/site\/wp-json\/wp\/v2\/tags?post=12406"}],"curies":[{"name":"wp","href":"https:\/\/api.w.org\/{rel}","templated":true}]}}