{"id":11464,"date":"2025-04-22T18:37:46","date_gmt":"2025-04-22T21:37:46","guid":{"rendered":"https:\/\/ocupacional.com.br\/site\/?p=11464"},"modified":"2025-05-13T10:53:33","modified_gmt":"2025-05-13T13:53:33","slug":"principais-eventos-esocial","status":"publish","type":"post","link":"https:\/\/ocupacional.com.br\/site\/principais-eventos-esocial\/","title":{"rendered":"Tudo sobre os principais eventos do eSocial"},"content":{"rendered":"\n<p>A adapta\u00e7\u00e3o \u00e0s normas do eSocial tem se mostrado um desafio cont\u00ednuo para empresas que desejam se manter em dia com as exig\u00eancias de seguran\u00e7a no ambiente de trabalho. Dentre os diversos eventos obrigat\u00f3rios, tr\u00eas se destacam especialmente na \u00e1rea de Sa\u00fade e Seguran\u00e7a do Trabalho (SST): S-2210, S-2220 e S-2240.&nbsp;<\/p>\n\n\n\n<p>Compreender cada um deles \u00e9 fundamental para evitar penalidades, garantindo a prote\u00e7\u00e3o dos trabalhadores e a conformidade da empresa.<\/p>\n\n\n\n<h2 class=\"wp-block-heading\"><strong>O que s\u00e3o os eventos do eSocial<\/strong><\/h2>\n\n\n\n<p>Os eventos de SST no eSocial s\u00e3o registros eletr\u00f4nicos obrigat\u00f3rios cuja finalidade \u00e9 informar ao Governo Federal <a href=\"https:\/\/www.gov.br\/previdencia\/pt-br\/assuntos\/previdencia-social\/saude-e-seguranca-do-trabalhador\/acidente_trabalho_incapacidade\">dados sobre a seguran\u00e7a e sa\u00fade ocupacional dos trabalhadores<\/a>. Esses registros garantem a rastreabilidade de informa\u00e7\u00f5es e promovem maior fiscaliza\u00e7\u00e3o e transpar\u00eancia.<\/p>\n\n\n\n<h3 class=\"wp-block-heading\"><strong>S-2210: Comunica\u00e7\u00e3o de Acidente de Trabalho<\/strong><\/h3>\n\n\n\n<ul>\n<li><strong>O que deve ser informado?<\/strong> Dados do trabalhador acidentado, descri\u00e7\u00e3o detalhada do acidente e consequ\u00eancias para a sa\u00fade do empregado.<\/li>\n\n\n\n<li><strong>Objetivo:<\/strong> assegurar que todos os <a href=\"https:\/\/ocupacional.com.br\/site\/comunicacao-de-acidente-detrabalho\/\">acidentes de trabalho<\/a>, inclusive os sem afastamento, sejam devidamente registrados, garantindo a transpar\u00eancia das informa\u00e7\u00f5es.<\/li>\n\n\n\n<li><strong>Prazo:<\/strong> deve ser enviado em at\u00e9 um dia \u00fatil ap\u00f3s a ocorr\u00eancia do acidente.<\/li>\n<\/ul>\n\n\n\n<h3 class=\"wp-block-heading\"><strong>S-2220: Monitoramento da Sa\u00fade do Trabalhador<\/strong><\/h3>\n\n\n\n<ul>\n<li><strong>O que deve ser informado?<\/strong> Registros de exames ocupacionais obrigat\u00f3rios, como admissionais, peri\u00f3dicos, de retorno ao trabalho, de mudan\u00e7a de fun\u00e7\u00e3o e <a href=\"https:\/\/ocupacional.com.br\/site\/qual-a-importancia-do-exame-demissional\/\">demissionais<\/a>.<\/li>\n\n\n\n<li><strong>Objetivo:<\/strong> garantir que a sa\u00fade dos colaboradores seja monitorada continuamente, prevenindo doen\u00e7as ocupacionais e assegurando condi\u00e7\u00f5es seguras de trabalho.<\/li>\n\n\n\n<li><strong>Prazo:<\/strong> o envio deve ser feito at\u00e9 o dia 15 do m\u00eas seguinte \u00e0 realiza\u00e7\u00e3o do exame.<\/li>\n<\/ul>\n\n\n\n<h3 class=\"wp-block-heading\"><strong>S-2240: Condi\u00e7\u00f5es Ambientais do Trabalho \u2013 Agentes Nocivos<\/strong><\/h3>\n\n\n\n<ul>\n<li><strong>O que deve ser informado?<\/strong> Identifica\u00e7\u00e3o do trabalhador e setor, exposi\u00e7\u00e3o a agentes nocivos e medidas de controle adotadas pela empresa.<\/li>\n\n\n\n<li><strong>Objetivo:<\/strong> fornecer informa\u00e7\u00f5es detalhadas sobre os riscos ambientais aos quais os trabalhadores est\u00e3o expostos, permitindo a ado\u00e7\u00e3o de medidas preventivas e o correto enquadramento na <a href=\"https:\/\/www.gov.br\/inss\/pt-br\/noticias\/voce-ja-ouviu-falar-da-aposentadoria-especial-confira-as-regras\">aposentadoria especial<\/a>.<\/li>\n\n\n\n<li><strong>Prazo:<\/strong> o envio deve ocorrer at\u00e9 o dia 15 do m\u00eas subsequente \u00e0 exposi\u00e7\u00e3o do trabalhador.<\/li>\n<\/ul>\n\n\n\n<h2 class=\"wp-block-heading\"><strong>Por que a gest\u00e3o correta desses eventos \u00e9 fundamental?<\/strong><\/h2>\n\n\n\n<p>A gest\u00e3o adequada dos eventos do eSocial vai al\u00e9m de simplesmente atender \u00e0 legisla\u00e7\u00e3o, ela representa um fator estrat\u00e9gico para o sucesso da empresa. Quando realizada corretamente, essa gest\u00e3o reduz <a href=\"https:\/\/ocupacional.com.br\/site\/riscos-ocupacionais-entenda-5-tipos\/\">riscos operacionais<\/a>, protege os colaboradores e contribui para a estabilidade do neg\u00f3cio.<\/p>\n\n\n\n<p>Al\u00e9m disso, o envio correto das informa\u00e7\u00f5es ajuda a evitar problemas legais futuros, garante os direitos trabalhistas dos empregados e refor\u00e7a a seguran\u00e7a no ambiente de trabalho.<\/p>\n\n\n\n<p><strong>Principais benef\u00edcios de uma gest\u00e3o eficiente incluem:<\/strong><\/p>\n\n\n\n<ul>\n<li><strong>Evitar multas e penalidades<\/strong>: a n\u00e3o conformidade pode gerar multas elevadas para a empresa.<\/li>\n\n\n\n<li><strong>Garantir direitos aos trabalhadores<\/strong>: informar corretamente os eventos assegura direitos previdenci\u00e1rios e trabalhistas.<\/li>\n\n\n\n<li><strong>Promover um ambiente de trabalho mais seguro<\/strong>: o monitoramento eficaz reduz riscos e melhora a sa\u00fade ocupacional.<\/li>\n<\/ul>\n\n\n\n<h2 class=\"wp-block-heading\"><strong>Como garantir o envio correto dos eventos do eSocial?<\/strong><\/h2>\n\n\n\n<p>A gest\u00e3o de Sa\u00fade e Seguran\u00e7a no Trabalho n\u00e3o se resume apenas ao cumprimento das <a href=\"https:\/\/www.gov.br\/trabalho-e-emprego\/pt-br\/assuntos\/inspecao-do-trabalho\/seguranca-e-saude-no-trabalho\/ctpp-nrs\/normas-regulamentadoras-nrs\">normas regulamentadoras<\/a>. Ela exige um planejamento estrat\u00e9gico eficaz, aliado ao uso das ferramentas adequadas para evitar erros e garantir o envio correto dos eventos do eSocial.<\/p>\n\n\n\n<p>O <strong>Grupo Ocupacional<\/strong>, refer\u00eancia em sa\u00fade e seguran\u00e7a ocupacional desde 1990, oferece solu\u00e7\u00f5es completas e personalizadas para empresas de todos os portes e classifica\u00e7\u00f5es de risco. Desde consultorias especializadas at\u00e9 sistemas integrados, nosso objetivo \u00e9 entender o perfil de sa\u00fade da sua empresa e implementar a\u00e7\u00f5es que melhorem seus resultados operacionais e a seguran\u00e7a do seu ambiente de trabalho.<\/p>\n\n\n\n<p><strong>Precisa de suporte para gerenciar os eventos de SST no eSocial?<\/strong>\u00a0\u00a0<\/p>\n\n\n<div class=\"wp-block-image\">\n<figure class=\"aligncenter size-full\"><a class=\"https:\/\/ocupacional.com.br\/site\/saude-ocupacional-lp\/#contato\" href=\"https:\/\/ocupacional.com.br\/site\/saude-ocupacional-lp\/#contato\" target=\"_blank\" rel=\"https:\/\/ocupacional.com.br\/site\/saude-ocupacional-lp\/#contato noreferrer noopener\"><img decoding=\"async\" width=\"338\" height=\"60\" src=\"https:\/\/ocupacional.com.br\/site\/wp-content\/uploads\/2025\/02\/cta-1.png\" alt=\"\" class=\"wp-image-11427\" srcset=\"https:\/\/ocupacional.com.br\/site\/wp-content\/uploads\/2025\/02\/cta-1.png 338w, https:\/\/ocupacional.com.br\/site\/wp-content\/uploads\/2025\/02\/cta-1-300x53.png 300w\" sizes=\"(max-width: 338px) 100vw, 338px\" \/><\/a><\/figure><\/div>","protected":false},"excerpt":{"rendered":"<p>Os principais eventos do eSocial SST s\u00e3o S-2210, S-2220 e S-2240, e cada um deles tem prazos e objetivos espec\u00edficos. O envio correto das informa\u00e7\u00f5es evita multas, assegura direitos trabalhistas e contribui para um ambiente de trabalho mais seguro.  <\/p>\n","protected":false},"author":2,"featured_media":11465,"comment_status":"closed","ping_status":"open","sticky":false,"template":"","format":"standard","meta":{"_acf_changed":false,"inline_featured_image":false,"footnotes":""},"categories":[53],"tags":[79],"acf":[],"yoast_head":"<!-- This site is optimized with the Yoast SEO plugin v24.5 - https:\/\/yoast.com\/wordpress\/plugins\/seo\/ -->\n<title>Tudo sobre os principais eventos do eSocial - Blog - Ocupacional<\/title>\n<meta name=\"description\" content=\"Eventos do eSocial: conhe\u00e7a os principais e como uma gest\u00e3o eficiente pode evitar multas, garantir direitos e melhorar a seguran\u00e7a no trabalho\" \/>\n<meta name=\"robots\" content=\"index, follow, max-snippet:-1, max-image-preview:large, max-video-preview:-1\" \/>\n<link rel=\"canonical\" href=\"https:\/\/ocupacional.incdigital.com.br\/principais-eventos-esocial\/\" \/>\n<meta property=\"og:locale\" content=\"pt_BR\" \/>\n<meta property=\"og:type\" content=\"article\" \/>\n<meta property=\"og:title\" content=\"Tudo sobre os principais eventos do eSocial - Blog - Ocupacional\" \/>\n<meta property=\"og:description\" content=\"Eventos do eSocial: conhe\u00e7a os principais e como uma gest\u00e3o eficiente pode evitar multas, garantir direitos e melhorar a seguran\u00e7a no trabalho\" \/>\n<meta property=\"og:url\" content=\"https:\/\/ocupacional.incdigital.com.br\/principais-eventos-esocial\/\" \/>\n<meta property=\"og:site_name\" content=\"Ocupacional\" \/>\n<meta property=\"article:published_time\" content=\"2025-04-22T21:37:46+00:00\" \/>\n<meta property=\"article:modified_time\" content=\"2025-05-13T13:53:33+00:00\" \/>\n<meta property=\"og:image\" content=\"https:\/\/ocupacional.incdigital.com.br\/wp-content\/uploads\/2025\/04\/banner-topo-6.jpg\" \/>\n\t<meta property=\"og:image:width\" content=\"1460\" \/>\n\t<meta property=\"og:image:height\" content=\"540\" \/>\n\t<meta property=\"og:image:type\" content=\"image\/jpeg\" \/>\n<meta name=\"author\" content=\"Ocupacional\" \/>\n<meta name=\"twitter:card\" content=\"summary_large_image\" \/>\n<meta name=\"twitter:label1\" content=\"Escrito por\" \/>\n\t<meta name=\"twitter:data1\" content=\"Ocupacional\" \/>\n\t<meta name=\"twitter:label2\" content=\"Est. tempo de leitura\" \/>\n\t<meta name=\"twitter:data2\" content=\"4 minutos\" \/>\n<script type=\"application\/ld+json\" class=\"yoast-schema-graph\">{\"@context\":\"https:\/\/schema.org\",\"@graph\":[{\"@type\":\"Article\",\"@id\":\"https:\/\/ocupacional.incdigital.com.br\/principais-eventos-esocial\/#article\",\"isPartOf\":{\"@id\":\"https:\/\/ocupacional.incdigital.com.br\/principais-eventos-esocial\/\"},\"author\":{\"name\":\"Ocupacional\",\"@id\":\"https:\/\/ocupacional.com.br\/site\/#\/schema\/person\/9614e9b9e3c9ec0ba39804d95b2691b7\"},\"headline\":\"Tudo sobre os principais eventos do eSocial\",\"datePublished\":\"2025-04-22T21:37:46+00:00\",\"dateModified\":\"2025-05-13T13:53:33+00:00\",\"mainEntityOfPage\":{\"@id\":\"https:\/\/ocupacional.incdigital.com.br\/principais-eventos-esocial\/\"},\"wordCount\":632,\"publisher\":{\"@id\":\"https:\/\/ocupacional.com.br\/site\/#organization\"},\"image\":{\"@id\":\"https:\/\/ocupacional.incdigital.com.br\/principais-eventos-esocial\/#primaryimage\"},\"thumbnailUrl\":\"https:\/\/ocupacional.com.br\/site\/wp-content\/uploads\/2025\/04\/banner-topo-6.jpg\",\"keywords\":[\"#gest\u00e3odesst\"],\"articleSection\":[\"eSocial\"],\"inLanguage\":\"pt-BR\"},{\"@type\":\"WebPage\",\"@id\":\"https:\/\/ocupacional.incdigital.com.br\/principais-eventos-esocial\/\",\"url\":\"https:\/\/ocupacional.incdigital.com.br\/principais-eventos-esocial\/\",\"name\":\"Tudo sobre os principais eventos do eSocial - Blog - Ocupacional\",\"isPartOf\":{\"@id\":\"https:\/\/ocupacional.com.br\/site\/#website\"},\"primaryImageOfPage\":{\"@id\":\"https:\/\/ocupacional.incdigital.com.br\/principais-eventos-esocial\/#primaryimage\"},\"image\":{\"@id\":\"https:\/\/ocupacional.incdigital.com.br\/principais-eventos-esocial\/#primaryimage\"},\"thumbnailUrl\":\"https:\/\/ocupacional.com.br\/site\/wp-content\/uploads\/2025\/04\/banner-topo-6.jpg\",\"datePublished\":\"2025-04-22T21:37:46+00:00\",\"dateModified\":\"2025-05-13T13:53:33+00:00\",\"description\":\"Eventos do eSocial: conhe\u00e7a os principais e como uma gest\u00e3o eficiente pode evitar multas, garantir direitos e melhorar a seguran\u00e7a no trabalho\",\"breadcrumb\":{\"@id\":\"https:\/\/ocupacional.incdigital.com.br\/principais-eventos-esocial\/#breadcrumb\"},\"inLanguage\":\"pt-BR\",\"potentialAction\":[{\"@type\":\"ReadAction\",\"target\":[\"https:\/\/ocupacional.incdigital.com.br\/principais-eventos-esocial\/\"]}]},{\"@type\":\"ImageObject\",\"inLanguage\":\"pt-BR\",\"@id\":\"https:\/\/ocupacional.incdigital.com.br\/principais-eventos-esocial\/#primaryimage\",\"url\":\"https:\/\/ocupacional.com.br\/site\/wp-content\/uploads\/2025\/04\/banner-topo-6.jpg\",\"contentUrl\":\"https:\/\/ocupacional.com.br\/site\/wp-content\/uploads\/2025\/04\/banner-topo-6.jpg\",\"width\":1460,\"height\":540},{\"@type\":\"BreadcrumbList\",\"@id\":\"https:\/\/ocupacional.incdigital.com.br\/principais-eventos-esocial\/#breadcrumb\",\"itemListElement\":[{\"@type\":\"ListItem\",\"position\":1,\"name\":\"In\u00edcio\",\"item\":\"https:\/\/ocupacional.incdigital.com.br\/\"},{\"@type\":\"ListItem\",\"position\":2,\"name\":\"Tudo sobre os principais eventos do eSocial\"}]},{\"@type\":\"WebSite\",\"@id\":\"https:\/\/ocupacional.com.br\/site\/#website\",\"url\":\"https:\/\/ocupacional.com.br\/site\/\",\"name\":\"Ocupacional\",\"description\":\"As obriga\u00e7\u00f5es de sa\u00fade e seguran\u00e7a do trabalho\\u2028da sua empresa sob total controle\",\"publisher\":{\"@id\":\"https:\/\/ocupacional.com.br\/site\/#organization\"},\"potentialAction\":[{\"@type\":\"SearchAction\",\"target\":{\"@type\":\"EntryPoint\",\"urlTemplate\":\"https:\/\/ocupacional.com.br\/site\/?s={search_term_string}\"},\"query-input\":{\"@type\":\"PropertyValueSpecification\",\"valueRequired\":true,\"valueName\":\"search_term_string\"}}],\"inLanguage\":\"pt-BR\"},{\"@type\":\"Organization\",\"@id\":\"https:\/\/ocupacional.com.br\/site\/#organization\",\"name\":\"Ocupacional\",\"url\":\"https:\/\/ocupacional.com.br\/site\/\",\"logo\":{\"@type\":\"ImageObject\",\"inLanguage\":\"pt-BR\",\"@id\":\"https:\/\/ocupacional.com.br\/site\/#\/schema\/logo\/image\/\",\"url\":\"https:\/\/ocupacional.com.br\/site\/wp-content\/uploads\/2021\/01\/logoocp-8.png\",\"contentUrl\":\"https:\/\/ocupacional.com.br\/site\/wp-content\/uploads\/2021\/01\/logoocp-8.png\",\"width\":704,\"height\":109,\"caption\":\"Ocupacional\"},\"image\":{\"@id\":\"https:\/\/ocupacional.com.br\/site\/#\/schema\/logo\/image\/\"}},{\"@type\":\"Person\",\"@id\":\"https:\/\/ocupacional.com.br\/site\/#\/schema\/person\/9614e9b9e3c9ec0ba39804d95b2691b7\",\"name\":\"Ocupacional\",\"image\":{\"@type\":\"ImageObject\",\"inLanguage\":\"pt-BR\",\"@id\":\"https:\/\/ocupacional.com.br\/site\/#\/schema\/person\/image\/\",\"url\":\"https:\/\/secure.gravatar.com\/avatar\/f703cebaf51466d6b9274b776e57c489?s=96&d=blank&r=g\",\"contentUrl\":\"https:\/\/secure.gravatar.com\/avatar\/f703cebaf51466d6b9274b776e57c489?s=96&d=blank&r=g\",\"caption\":\"Ocupacional\"},\"url\":\"https:\/\/ocupacional.com.br\/site\/author\/ocupacional\/\"}]}<\/script>\n<!-- \/ Yoast SEO plugin. -->","yoast_head_json":{"title":"Tudo sobre os principais eventos do eSocial - Blog - Ocupacional","description":"Eventos do eSocial: conhe\u00e7a os principais e como uma gest\u00e3o eficiente pode evitar multas, garantir direitos e melhorar a seguran\u00e7a no trabalho","robots":{"index":"index","follow":"follow","max-snippet":"max-snippet:-1","max-image-preview":"max-image-preview:large","max-video-preview":"max-video-preview:-1"},"canonical":"https:\/\/ocupacional.incdigital.com.br\/principais-eventos-esocial\/","og_locale":"pt_BR","og_type":"article","og_title":"Tudo sobre os principais eventos do eSocial - Blog - Ocupacional","og_description":"Eventos do eSocial: conhe\u00e7a os principais e como uma gest\u00e3o eficiente pode evitar multas, garantir direitos e melhorar a seguran\u00e7a no trabalho","og_url":"https:\/\/ocupacional.incdigital.com.br\/principais-eventos-esocial\/","og_site_name":"Ocupacional","article_published_time":"2025-04-22T21:37:46+00:00","article_modified_time":"2025-05-13T13:53:33+00:00","og_image":[{"width":1460,"height":540,"url":"https:\/\/ocupacional.incdigital.com.br\/wp-content\/uploads\/2025\/04\/banner-topo-6.jpg","type":"image\/jpeg"}],"author":"Ocupacional","twitter_card":"summary_large_image","twitter_misc":{"Escrito por":"Ocupacional","Est. tempo de leitura":"4 minutos"},"schema":{"@context":"https:\/\/schema.org","@graph":[{"@type":"Article","@id":"https:\/\/ocupacional.incdigital.com.br\/principais-eventos-esocial\/#article","isPartOf":{"@id":"https:\/\/ocupacional.incdigital.com.br\/principais-eventos-esocial\/"},"author":{"name":"Ocupacional","@id":"https:\/\/ocupacional.com.br\/site\/#\/schema\/person\/9614e9b9e3c9ec0ba39804d95b2691b7"},"headline":"Tudo sobre os principais eventos do eSocial","datePublished":"2025-04-22T21:37:46+00:00","dateModified":"2025-05-13T13:53:33+00:00","mainEntityOfPage":{"@id":"https:\/\/ocupacional.incdigital.com.br\/principais-eventos-esocial\/"},"wordCount":632,"publisher":{"@id":"https:\/\/ocupacional.com.br\/site\/#organization"},"image":{"@id":"https:\/\/ocupacional.incdigital.com.br\/principais-eventos-esocial\/#primaryimage"},"thumbnailUrl":"https:\/\/ocupacional.com.br\/site\/wp-content\/uploads\/2025\/04\/banner-topo-6.jpg","keywords":["#gest\u00e3odesst"],"articleSection":["eSocial"],"inLanguage":"pt-BR"},{"@type":"WebPage","@id":"https:\/\/ocupacional.incdigital.com.br\/principais-eventos-esocial\/","url":"https:\/\/ocupacional.incdigital.com.br\/principais-eventos-esocial\/","name":"Tudo sobre os principais eventos do eSocial - Blog - Ocupacional","isPartOf":{"@id":"https:\/\/ocupacional.com.br\/site\/#website"},"primaryImageOfPage":{"@id":"https:\/\/ocupacional.incdigital.com.br\/principais-eventos-esocial\/#primaryimage"},"image":{"@id":"https:\/\/ocupacional.incdigital.com.br\/principais-eventos-esocial\/#primaryimage"},"thumbnailUrl":"https:\/\/ocupacional.com.br\/site\/wp-content\/uploads\/2025\/04\/banner-topo-6.jpg","datePublished":"2025-04-22T21:37:46+00:00","dateModified":"2025-05-13T13:53:33+00:00","description":"Eventos do eSocial: conhe\u00e7a os principais e como uma gest\u00e3o eficiente pode evitar multas, garantir direitos e melhorar a seguran\u00e7a no trabalho","breadcrumb":{"@id":"https:\/\/ocupacional.incdigital.com.br\/principais-eventos-esocial\/#breadcrumb"},"inLanguage":"pt-BR","potentialAction":[{"@type":"ReadAction","target":["https:\/\/ocupacional.incdigital.com.br\/principais-eventos-esocial\/"]}]},{"@type":"ImageObject","inLanguage":"pt-BR","@id":"https:\/\/ocupacional.incdigital.com.br\/principais-eventos-esocial\/#primaryimage","url":"https:\/\/ocupacional.com.br\/site\/wp-content\/uploads\/2025\/04\/banner-topo-6.jpg","contentUrl":"https:\/\/ocupacional.com.br\/site\/wp-content\/uploads\/2025\/04\/banner-topo-6.jpg","width":1460,"height":540},{"@type":"BreadcrumbList","@id":"https:\/\/ocupacional.incdigital.com.br\/principais-eventos-esocial\/#breadcrumb","itemListElement":[{"@type":"ListItem","position":1,"name":"In\u00edcio","item":"https:\/\/ocupacional.incdigital.com.br\/"},{"@type":"ListItem","position":2,"name":"Tudo sobre os principais eventos do eSocial"}]},{"@type":"WebSite","@id":"https:\/\/ocupacional.com.br\/site\/#website","url":"https:\/\/ocupacional.com.br\/site\/","name":"Ocupacional","description":"As obriga\u00e7\u00f5es de sa\u00fade e seguran\u00e7a do trabalho\u2028da sua empresa sob total controle","publisher":{"@id":"https:\/\/ocupacional.com.br\/site\/#organization"},"potentialAction":[{"@type":"SearchAction","target":{"@type":"EntryPoint","urlTemplate":"https:\/\/ocupacional.com.br\/site\/?s={search_term_string}"},"query-input":{"@type":"PropertyValueSpecification","valueRequired":true,"valueName":"search_term_string"}}],"inLanguage":"pt-BR"},{"@type":"Organization","@id":"https:\/\/ocupacional.com.br\/site\/#organization","name":"Ocupacional","url":"https:\/\/ocupacional.com.br\/site\/","logo":{"@type":"ImageObject","inLanguage":"pt-BR","@id":"https:\/\/ocupacional.com.br\/site\/#\/schema\/logo\/image\/","url":"https:\/\/ocupacional.com.br\/site\/wp-content\/uploads\/2021\/01\/logoocp-8.png","contentUrl":"https:\/\/ocupacional.com.br\/site\/wp-content\/uploads\/2021\/01\/logoocp-8.png","width":704,"height":109,"caption":"Ocupacional"},"image":{"@id":"https:\/\/ocupacional.com.br\/site\/#\/schema\/logo\/image\/"}},{"@type":"Person","@id":"https:\/\/ocupacional.com.br\/site\/#\/schema\/person\/9614e9b9e3c9ec0ba39804d95b2691b7","name":"Ocupacional","image":{"@type":"ImageObject","inLanguage":"pt-BR","@id":"https:\/\/ocupacional.com.br\/site\/#\/schema\/person\/image\/","url":"https:\/\/secure.gravatar.com\/avatar\/f703cebaf51466d6b9274b776e57c489?s=96&d=blank&r=g","contentUrl":"https:\/\/secure.gravatar.com\/avatar\/f703cebaf51466d6b9274b776e57c489?s=96&d=blank&r=g","caption":"Ocupacional"},"url":"https:\/\/ocupacional.com.br\/site\/author\/ocupacional\/"}]}},"_links":{"self":[{"href":"https:\/\/ocupacional.com.br\/site\/wp-json\/wp\/v2\/posts\/11464"}],"collection":[{"href":"https:\/\/ocupacional.com.br\/site\/wp-json\/wp\/v2\/posts"}],"about":[{"href":"https:\/\/ocupacional.com.br\/site\/wp-json\/wp\/v2\/types\/post"}],"author":[{"embeddable":true,"href":"https:\/\/ocupacional.com.br\/site\/wp-json\/wp\/v2\/users\/2"}],"replies":[{"embeddable":true,"href":"https:\/\/ocupacional.com.br\/site\/wp-json\/wp\/v2\/comments?post=11464"}],"version-history":[{"count":1,"href":"https:\/\/ocupacional.com.br\/site\/wp-json\/wp\/v2\/posts\/11464\/revisions"}],"predecessor-version":[{"id":11466,"href":"https:\/\/ocupacional.com.br\/site\/wp-json\/wp\/v2\/posts\/11464\/revisions\/11466"}],"wp:featuredmedia":[{"embeddable":true,"href":"https:\/\/ocupacional.com.br\/site\/wp-json\/wp\/v2\/media\/11465"}],"wp:attachment":[{"href":"https:\/\/ocupacional.com.br\/site\/wp-json\/wp\/v2\/media?parent=11464"}],"wp:term":[{"taxonomy":"category","embeddable":true,"href":"https:\/\/ocupacional.com.br\/site\/wp-json\/wp\/v2\/categories?post=11464"},{"taxonomy":"post_tag","embeddable":true,"href":"https:\/\/ocupacional.com.br\/site\/wp-json\/wp\/v2\/tags?post=11464"}],"curies":[{"name":"wp","href":"https:\/\/api.w.org\/{rel}","templated":true}]}}